{"id":5863,"date":"2024-11-29T20:38:26","date_gmt":"2024-11-29T15:08:26","guid":{"rendered":"https:\/\/swisstinychalet.ch\/neuch\/comprendre-les-principes-de-lecologie-et-du-zero-dechet"},"modified":"2024-11-29T20:38:26","modified_gmt":"2024-11-29T15:08:26","slug":"comprendre-les-principes-de-lecologie-et-du-zero-dechet","status":"publish","type":"post","link":"https:\/\/swisstinychalet.ch\/neuch\/comprendre-les-principes-de-lecologie-et-du-zero-dechet","title":{"rendered":"Comprendre les principes de l&#8217;\u00e9cologie et du z\u00e9ro d\u00e9chet"},"content":{"rendered":"\n\n<p>Comprendre les principes de l&#8217;<strong>\u00e9cologie<\/strong> et du <strong>z\u00e9ro d\u00e9chet<\/strong> est essentiel pour \u00e9voluer vers un mode de vie plus durable. L&#8217;<strong>\u00e9cologie<\/strong> \u00e9tudie les interactions entre les \u00eatres vivants et leur environnement, soulignant l&#8217;importance de pr\u00e9server notre plan\u00e8te. Le mouvement <strong>z\u00e9ro d\u00e9chet<\/strong>, quant \u00e0 lui, s&#8217;efforce de r\u00e9duire au maximum la quantit\u00e9 de d\u00e9chets produits. Il repose sur des principes fondamentaux tels que <strong>refuser<\/strong>, <strong>r\u00e9utiliser<\/strong>, <strong>r\u00e9cycler<\/strong>, <strong>r\u00e9duire<\/strong> et <strong>compenser<\/strong>, favorisant ainsi la durabilit\u00e9 des ressources. En adoptant des pratiques \u00e9coresponsables, nous pouvons tous contribuer \u00e0 un avenir respectueux de l&#8217;environnement.<\/p>\n\n\n<figure class=\"wp-block-embed is-type-video is-provider-youtube wp-block-embed-youtube wp-embed-aspect-16-9 wp-has-aspect-ratio\">\n<div class=\"wp-block-embed__wrapper\">\n<iframe title=\"Partie 2\/2 - Le jour o\u00f9 j\u2019ai compris l\u2019impact de l\u2019humain sur l\u2019environnement #Pollution #Plastique\" width=\"1200\" height=\"675\" src=\"https:\/\/www.youtube-nocookie.com\/embed\/jNYZ6ysnoqk?feature=oembed\" frameborder=\"0\" allow=\"accelerometer; autoplay; clipboard-write; encrypted-media; gyroscope; picture-in-picture; web-share\" referrerpolicy=\"strict-origin-when-cross-origin\" allowfullscreen><\/iframe>\n<\/div>\n<\/figure>\n\n\n\n<p>Les \u00e9chos d&#8217;un monde en qu\u00eate d&#8217;harmonie avec la nature r\u00e9sonnent plus que jamais. Pour beaucoup, le passage vers un mode de vie \u00e9coresponsable commence par la compr\u00e9hension de l&#8217;<strong>\u00e9cologie<\/strong> et du concept de <strong>z\u00e9ro d\u00e9chet<\/strong>. Ces id\u00e9es mettent en lumi\u00e8re l&#8217;importance de r\u00e9duire notre impact environnemental tout en respectant les ressources de notre plan\u00e8te. Cet article explore les fondements n\u00e9cessaires pour embrasser des choix de vie plus durables.<\/p>\n\n\n<h2 class=\"wp-block-heading\">Les principes de l&#8217;\u00e9cologie<\/h2>\n\n\n<p>L&#8217;<strong>\u00e9cologie<\/strong> est une science qui \u00e9tudie les interactions des \u00eatres vivants avec leur environnement. Comprendre ces relations est fondamental pour pr\u00e9server notre plan\u00e8te. L&#8217;id\u00e9e principale repose sur l&#8217;\u00e9quilibre entre les diff\u00e9rentes esp\u00e8ces et leur milieu. Chaque action humaine peut avoir des r\u00e9percussions sur cet \u00e9quilibre, que ce soit par la consommation excessive de ressources ou la production de <strong>d\u00e9blais<\/strong> ind\u00e9sirables, notamment plastics.<\/p>\n\n\n<h2 class=\"wp-block-heading\">La d\u00e9marche z\u00e9ro d\u00e9chet<\/h2>\n\n\n<p>Adopter un mode de vie <strong>z\u00e9ro d\u00e9chet<\/strong> ne se limite pas \u00e0 viser une absence totale de d\u00e9chets. C&#8217;est avant tout un \u00e9tat d&#8217;esprit qui invite \u00e0 repenser notre mani\u00e8re de consommer, de produire et de jeter. Le pr\u00e9cepte essentiel repose sur les cinq <strong>R<\/strong> : refuser, r\u00e9duire, r\u00e9utiliser, recycler et composter. Chacun de ces principes cible une mani\u00e8re d\u2019att\u00e9nuer l&#8217;empreinte \u00e9cologique de nos choix quotidiens.<\/p>\n\n\n<h2 class=\"wp-block-heading\">R\u00e9parer et r\u00e9utiliser<\/h2>\n\n\n<p>Un aspect fondamental du mouvement est la r\u00e9paration. Prolonger la dur\u00e9e de vie des objets que nous poss\u00e9dons d\u00e9j\u00e0 contribue \u00e0 diminuer notre impacto sur l&#8217;environnement. Qu&#8217;il s&#8217;agisse d&#8217;appareils \u00e9lectroniques ou d&#8217;habillements, la r\u00e9paration et la r\u00e9utilisation sont des pratiques encourag\u00e9es pour amorcer une <strong>vie plus durable<\/strong>.<\/p>\n\n\n<h2 class=\"wp-block-heading\">L&#8217;importance du tri et du recyclage<\/h2>\n\n\n<p>La gestion des d\u00e9chets est essentielle pour une transition efficace vers une consommation responsable. Comprendre les enjeux du tri est fondamental, car un bon tri permet de valoriser et de recycler les mat\u00e9riaux. La n\u00e9cessit\u00e9 d&#8217;int\u00e9grer le tri dans notre quotidien se red\u00e9finit par les actions individuelles et collectives. En apprendre plus sur les <strong>ressources<\/strong> et outils disponibles pour une <strong>vie z\u00e9ro d\u00e9chet<\/strong> peut s&#8217;av\u00e9rer b\u00e9n\u00e9fique. Pour approfondir le sujet, des lectures recommand\u00e9es existent qui \u00e9voquent le pratique du tri et du recyclage. Vous pouvez consulter des livres sp\u00e9cialis\u00e9s qui guident vers cette pratique.<\/p>\n\n\n<h2 class=\"wp-block-heading\">Cadre soci\u00e9tal et entreprises<\/h2>\n\n\n<p>Les entreprises ont \u00e9galement un r\u00f4le \u00e0 jouer dans cette dynamique. Sensibiliser les employ\u00e9s au z\u00e9ro d\u00e9chet est d\u00e9terminant. Des initiatives peuvent \u00eatre mises sur pied pour encourager des pratiques \u00e9coresponsables au sein des \u00e9quipes. Comprendre comment les entreprises peuvent adopter ce style de vie est un pas vers un avenir plus sain pour tous. Pour en savoir plus sur ces strat\u00e9gies, vous pouvez consulter des options sp\u00e9cifiques qui offrent des conseils pratiques pour la mise en place du z\u00e9ro d\u00e9chet dans un contexte professionnel.<\/p>\n\n\n<h2 class=\"wp-block-heading\">Un engagement communautaire<\/h2>\n\n\n<p>Participer \u00e0 des groupes locaux engag\u00e9s dans le z\u00e9ro d\u00e9chet favorise l&#8217;\u00e9change d&#8217;id\u00e9es et de pratiques. La lutte contre la pollution et le gaspillage peut s&#8217;av\u00e9rer plus efficace lorsque nous travaillons ensemble. Des applications existent pour aider \u00e0 suivre et \u00e0 am\u00e9liorer nos efforts en mati\u00e8re de <strong>z\u00e9ro d\u00e9chet<\/strong>, rendant le processus plus accessible.<\/p>\n\n\n\n<h2 class=\"wp-block-heading\">Vers un Mode de Vie \u00c9coresponsable<\/h2>\n\n\n<figure class=\"wp-block-table\">\n<table>\n<tbody>\n<tr>\n<td>\ud83c\udf0d<\/td>\n<td><strong>Comprendre les bases du z\u00e9ro d\u00e9chet<\/strong> : Un bon d\u00e9part dans l&#8217;\u00e9cologie commence par la r\u00e9paration des objets existants pour prolonger leur dur\u00e9e de vie.<\/td>\n<\/tr>\n<tr>\n<td>\u267b\ufe0f<\/td>\n<td><strong>Les fondements du z\u00e9ro d\u00e9chet<\/strong> : Une approche visant la pr\u00e9servation des ressources \u00e0 travers une consommation responsable.<\/td>\n<\/tr>\n<tr>\n<td>\ud83d\uded2<\/td>\n<td><strong>Mode de vie z\u00e9ro d\u00e9chet<\/strong> : Une d\u00e9marche visant \u00e0 r\u00e9duire les d\u00e9chets et le gaspillage au quotidien.<\/td>\n<\/tr>\n<tr>\n<td>\u2728<\/td>\n<td><strong>Astuces et gestes simples<\/strong> : Adopter des pratiques pour diminuer les d\u00e9chets et lutter contre la pollution.<\/td>\n<\/tr>\n<tr>\n<td>\ud83d\udce6<\/td>\n<td><strong>S&#8217;organiser pour le z\u00e9ro d\u00e9chet<\/strong> : Mettre en place des principes de r\u00e9utilisation, recyclage, et \u00e9viter les plastiques.<\/td>\n<\/tr>\n<tr>\n<td>\ud83d\udeab<\/td>\n<td><strong>Refus des d\u00e9chets inutiles<\/strong> : La premi\u00e8re \u00e9tape consiste \u00e0 dire non aux objets superflus.<\/td>\n<\/tr>\n<tr>\n<td>\ud83d\udcdd<\/td>\n<td><strong>Initiatives et tendances<\/strong> : Les nouvelles pratiques et id\u00e9es en mati\u00e8re de z\u00e9ro d\u00e9chet dans la mode et au quotidien.<\/td>\n<\/tr>\n<tr>\n<td>\ud83c\udf31<\/td>\n<td><strong>\u00c9ducation \u00e0 l&#8217;\u00e9cologie<\/strong> : La sensibilisation est essentielle pour r\u00e9duire les d\u00e9chets et prot\u00e9ger notre environnement.<\/td>\n<\/tr>\n<tr>\n<td>\ud83c\udfd9\ufe0f<\/td>\n<td><strong>Exemples de villes engag\u00e9es<\/strong> : Des initiatives locales qui illustrent un v\u00e9ritable engagement pour le z\u00e9ro d\u00e9chet.<\/td>\n<\/tr>\n<tr>\n<td>\ud83d\udcbc<\/td>\n<td><strong>Strat\u00e9gies en entreprise<\/strong> : Les entreprises peuvent int\u00e9grer le z\u00e9ro d\u00e9chet pour un avenir plus durable.<\/td>\n<\/tr>\n<tr>\n<td>\ud83c\udf43<\/td>\n<td><strong>Impact des d\u00e9chets sur la biodiversit\u00e9<\/strong> : Comprendre comment nos d\u00e9chets nuisent \u00e0 l&#8217;\u00e9cosyst\u00e8me.<\/td>\n<\/tr>\n<\/tbody>\n<\/table>\n<\/figure>\n","protected":false},"excerpt":{"rendered":"","protected":false},"author":8,"featured_media":0,"comment_status":"open","ping_status":"close","sticky":false,"template":"","format":"standard","meta":{"_seopress_robots_primary_cat":"","_seopress_titles_title":"","_seopress_titles_desc":"","_seopress_robots_index":"","footnotes":""},"categories":[1545],"tags":[],"class_list":["post-5863","post","type-post","status-publish","format-standard","hentry","category-neuchcup-fr","generate-columns","tablet-grid-50","mobile-grid-100","grid-parent","grid-33"],"_links":{"self":[{"href":"https:\/\/swisstinychalet.ch\/neuch\/wp-json\/wp\/v2\/posts\/5863","targetHints":{"allow":["GET"]}}],"collection":[{"href":"https:\/\/swisstinychalet.ch\/neuch\/wp-json\/wp\/v2\/posts"}],"about":[{"href":"https:\/\/swisstinychalet.ch\/neuch\/wp-json\/wp\/v2\/types\/post"}],"author":[{"embeddable":true,"href":"https:\/\/swisstinychalet.ch\/neuch\/wp-json\/wp\/v2\/users\/8"}],"replies":[{"embeddable":true,"href":"https:\/\/swisstinychalet.ch\/neuch\/wp-json\/wp\/v2\/comments?post=5863"}],"version-history":[{"count":0,"href":"https:\/\/swisstinychalet.ch\/neuch\/wp-json\/wp\/v2\/posts\/5863\/revisions"}],"wp:attachment":[{"href":"https:\/\/swisstinychalet.ch\/neuch\/wp-json\/wp\/v2\/media?parent=5863"}],"wp:term":[{"taxonomy":"category","embeddable":true,"href":"https:\/\/swisstinychalet.ch\/neuch\/wp-json\/wp\/v2\/categories?post=5863"},{"taxonomy":"post_tag","embeddable":true,"href":"https:\/\/swisstinychalet.ch\/neuch\/wp-json\/wp\/v2\/tags?post=5863"}],"curies":[{"name":"wp","href":"https:\/\/api.w.org\/{rel}","templated":true}]}}