{"id":5864,"date":"2024-11-29T20:39:27","date_gmt":"2024-11-29T15:09:27","guid":{"rendered":"https:\/\/swisstinychalet.ch\/neuch\/limportance-des-evenements-ecoresponsables"},"modified":"2024-11-29T20:39:27","modified_gmt":"2024-11-29T15:09:27","slug":"limportance-des-evenements-ecoresponsables","status":"publish","type":"post","link":"https:\/\/swisstinychalet.ch\/neuch\/limportance-des-evenements-ecoresponsables","title":{"rendered":"L&#8217;importance des \u00e9v\u00e9nements \u00e9coresponsables"},"content":{"rendered":"\n\n<p>Les \u00e9v\u00e9nements <strong>\u00e9coresponsables<\/strong> jouent un r\u00f4le crucial dans la protection de notre plan\u00e8te. Ils visent \u00e0 r\u00e9duire l&#8217;impact <strong>environnemental<\/strong> en int\u00e9grant des pratiques durables tout au long de leur organisation, comme le choix des transports, les d\u00e9corations et les options de restauration. Dans un contexte o\u00f9 les attentes des participants \u00e9voluent, il devient essentiel de cr\u00e9er des exp\u00e9riences qui respectent l&#8217;environnement tout en \u00e9tant significatives.<\/p>\n\n\n<p>En adoptant des strat\u00e9gies de <strong>d\u00e9veloppement durable<\/strong>, les organisateurs peuvent non seulement diminuer leurs co\u00fbts, mais aussi r\u00e9pondre aux pr\u00e9occupations croissantes des convives. Ainsi, les \u00e9v\u00e9nements \u00e9coresponsables ne sont pas seulement une tendance ; ils repr\u00e9sentent un enjeu majeur pour l&#8217;avenir de notre soci\u00e9t\u00e9.<\/p>\n\n\n<figure class=\"wp-block-embed is-type-video is-provider-youtube wp-block-embed-youtube wp-embed-aspect-16-9 wp-has-aspect-ratio\">\n<div class=\"wp-block-embed__wrapper\">\n<iframe title=\"L&#039;IMPORTANCE de PRENDRE SOIN de l&#039;ENVIRONNEMENT \ud83c\udf0f\ud83c\udf3f\" width=\"1200\" height=\"675\" src=\"https:\/\/www.youtube-nocookie.com\/embed\/Edm5DChpP7k?feature=oembed\" frameborder=\"0\" allow=\"accelerometer; autoplay; clipboard-write; encrypted-media; gyroscope; picture-in-picture; web-share\" referrerpolicy=\"strict-origin-when-cross-origin\" allowfullscreen><\/iframe>\n<\/div>\n<\/figure>\n\n\n\n<p>La prise de conscience environnementale est aujourd&#8217;hui plus marqu\u00e9e que jamais. Cette \u00e9volution pousse de nombreux organisateurs \u00e0 r\u00e9fl\u00e9chir \u00e0 la mani\u00e8re dont ils con\u00e7oivent et r\u00e9alisent leurs <strong>\u00e9v\u00e9nements<\/strong>. La n\u00e9cessit\u00e9 d&#8217;int\u00e9grer une approche <strong>durable<\/strong> devient incontournable, que ce soit pour des \u00e9v\u00e9nements priv\u00e9s ou professionnels. Mais pourquoi investir dans une telle d\u00e9marche ? La r\u00e9ponse r\u00e9side dans l&#8217;impact global que ces \u00e9v\u00e9nements peuvent avoir sur notre <strong>plan\u00e8te<\/strong> et sur la perception des convives.<\/p>\n\n\n<h2 class=\"wp-block-heading\">Il est temps d&#8217;agir<\/h2>\n\n\n<p>Chaque \u00e9v\u00e9nement g\u00e9n\u00e8re une empreinte <strong>\u00e9cologique<\/strong> non n\u00e9gligeable. De la consommation d&#8217;\u00e9nergie aux d\u00e9chets produits, il est essentiel de comprendre comment ces activit\u00e9s impactent notre environnement. Organiser un \u00e9v\u00e9nement \u00e9coresponsable consiste \u00e0 r\u00e9duire les effets n\u00e9gatifs sur notre <strong>\u00e9cosyst\u00e8me<\/strong> tout en offrant une exp\u00e9rience m\u00e9morable aux participants. Par exemple, en optant pour des mat\u00e9riaux recycl\u00e9s ou en choisissant des traiteurs proposant des produits locaux, on peut limiter la pollution.<\/p>\n\n\n<h2 class=\"wp-block-heading\">Les avantages d&#8217;une approche \u00e9coresponsable<\/h2>\n\n\n<p>Il existe plusieurs raisons convaincantes pour adopter cette philosophie. D&#8217;une part, l&#8217;am\u00e9lioration de l&#8217;impact environnemental est un objectif louable qui attire l&#8217;attention. D&#8217;autre part, r\u00e9duire les co\u00fbts op\u00e9rationnels lors de la planification peut \u00e9galement \u00eatre b\u00e9n\u00e9fique. En favorisant les circuits courts et en recyclant, les budgets peuvent \u00eatre optimis\u00e9s, tout en r\u00e9pondant aux attentes croissantes des invit\u00e9s en mati\u00e8re de durabilit\u00e9.<\/p>\n\n\n<h2 class=\"wp-block-heading\">Mieux comprendre l&#8217;\u00e9v\u00e9nementiel responsable<\/h2>\n\n\n<p>Dans le secteur \u00e9v\u00e9nementiel, chacun a un r\u00f4le \u00e0 jouer dans la transition vers un mod\u00e8le plus durable. Les organisateurs doivent \u00eatre conscients des <strong>enjeux<\/strong> li\u00e9s \u00e0 la biodiversit\u00e9 et \u00e0 la consommation responsable. La sensibilisation des employ\u00e9s au <strong>z\u00e9ro d\u00e9chet<\/strong> et l&#8217;int\u00e9gration de pratiques durables dans le fonctionnement quotidien est essentielle. Cela inclut des actions simples comme le tri des d\u00e9chets et la r\u00e9duction des plastiques \u00e0 usage unique. Des initiatives telles que celles partag\u00e9es par <a href=\"https:\/\/swisstinychalet.ch\/neuch\/ecologie-et-zero-dechet\/quelles-sont-les-initiatives-zero-dechet-dans-le-monde\/quelles-sont-les-organisations-qui-promeuvent-le-zero-dechet\">diff\u00e9rentes organisations<\/a> peuvent servir d&#8217;exemples pour encourager ce changement de mentalit\u00e9.<\/p>\n\n\n<h2 class=\"wp-block-heading\">Un pas vers l&#8217;avenir<\/h2>\n\n\n<p>Les \u00e9v\u00e9nements \u00e9coresponsables ne repr\u00e9sentent pas seulement une tendance passag\u00e8re, mais une v\u00e9ritable n\u00e9cessit\u00e9 pour l&#8217;avenir. Le respect de l&#8217;environnement est d\u00e9sormais au c\u0153ur des attentes des participants. Chaque \u00e9v\u00e9nement qui prend en compte ces pr\u00e9occupations contribue \u00e0 faire bouger les lignes. Comprendre les enjeux de l&#8217;\u00e9cologie et les bonnes pratiques en mati\u00e8re de <strong>durabilit\u00e9<\/strong> est fondamental pour les futurs organisateurs. On peut explorer diverses ressources sur le sujet, comme ce que propose <a href=\"https:\/\/swisstinychalet.ch\/neuch\/ecologie-et-zero-dechet\/quest-ce-que-lecologie-et-pourquoi-est-elle-importante\/comment-lecologie-influence-t-elle-notre-quotidien\">cet article sur l&#8217;\u00e9cologie<\/a>.<\/p>\n\n\n<h2 class=\"wp-block-heading\">Un engagement partag\u00e9<\/h2>\n\n\n<p>Rendre les \u00e9v\u00e9nements plus durables est un effort collectif. C&#8217;est pourquoi sensibiliser les parties prenantes, qu&#8217;il s&#8217;agisse d&#8217;employ\u00e9s ou de partenaires, est primordial. Des entreprises peuvent adopter des strat\u00e9gies efficaces pour r\u00e9duire les d\u00e9chets. Cela passe par une \u00e9ducation continue et des initiatives concr\u00e8tes, telles que celles discut\u00e9es dans <a href=\"https:\/\/swisstinychalet.ch\/neuch\/ecologie-et-zero-dechet\/comment-les-entreprises-peuvent-elles-adopter-le-zero-dechet\/comment-sensibiliser-les-employes-au-zero-dechet\">cet article sur la sensibilisation au z\u00e9ro d\u00e9chet<\/a>.<\/p>\n\n\n\n<h2 class=\"wp-block-heading\">Organiser un \u00c9v\u00e9nement \u00c9co-Responsable : Un Choix Engag\u00e9 \ud83c\udf0d<\/h2>\n\n\n<figure class=\"wp-block-table\">\n<table>\n<tbody>\n<tr>\n<td>\ud83c\udf31<\/td>\n<td><strong>Avantages d\u2019un \u00c9v\u00e9nement \u00c9coresponsable :<\/strong> Am\u00e9liorer l&#8217;impact environnemental, r\u00e9duire les co\u00fbts, respecter les attentes des convives.<\/td>\n<\/tr>\n<tr>\n<td>\u267b\ufe0f<\/td>\n<td><strong>Principes \u00c9cologiques :<\/strong> Int\u00e9grer des pratiques de durabilit\u00e9 dans la planification, comme le z\u00e9ro d\u00e9chet.<\/td>\n<\/tr>\n<tr>\n<td>\ud83d\udca1<\/td>\n<td><strong>Astuces pour R\u00e9duire l&#8217;Impact :<\/strong> Choisir des moyens de transport durables, des d\u00e9corations recyclables, et des restaurations locales.<\/td>\n<\/tr>\n<tr>\n<td>\ud83c\udf08<\/td>\n<td><strong>Impact Environnemental :<\/strong> Prendre en compte l&#8217;empreinte \u00e9cologique des \u00e9v\u00e9nements en mesurant des crit\u00e8res de biodiversit\u00e9.<\/td>\n<\/tr>\n<tr>\n<td>\ud83d\udcc5<\/td>\n<td><strong>Int\u00e9gration des Attentes :<\/strong> La pand\u00e9mie a renforc\u00e9 l&#8217;importance de rendre les \u00e9v\u00e9nements respectueux des valeurs \u00e9cologiques.<\/td>\n<\/tr>\n<tr>\n<td>\u2728<\/td>\n<td><strong>\u00c9v\u00e9nements Culturels :<\/strong> Penser les manifestations culturelles de mani\u00e8re \u00e9cologique est essentiel pour l\u2019avenir.<\/td>\n<\/tr>\n<tr>\n<td>\ud83d\udcca<\/td>\n<td><strong>Certification \u00c9coresponsable :<\/strong> Obtenir des labels ou certifications pour valider vos efforts \u00e9cologiques.<\/td>\n<\/tr>\n<tr>\n<td>\ud83c\udf1f<\/td>\n<td><strong>Tendances Z\u00e9ro D\u00e9chet :<\/strong> Se familiariser avec les pratiques et ressources permettant de vivre et d&#8217;organiser des \u00e9v\u00e9nements sans d\u00e9chets.<\/td>\n<\/tr>\n<tr>\n<td>\ud83d\udee0\ufe0f<\/td>\n<td><strong>Outils Disponibles :<\/strong> Utiliser des ressources pour sensibiliser et r\u00e9duire les d\u00e9chets dans l&#8217;\u00e9v\u00e9nementiel.<\/td>\n<\/tr>\n<\/tbody>\n<\/table>\n<\/figure>\n","protected":false},"excerpt":{"rendered":"","protected":false},"author":10,"featured_media":0,"comment_status":"open","ping_status":"close","sticky":false,"template":"","format":"standard","meta":{"_seopress_robots_primary_cat":"","_seopress_titles_title":"","_seopress_titles_desc":"","_seopress_robots_index":"","footnotes":""},"categories":[1545],"tags":[],"class_list":["post-5864","post","type-post","status-publish","format-standard","hentry","category-neuchcup-fr","generate-columns","tablet-grid-50","mobile-grid-100","grid-parent","grid-33"],"_links":{"self":[{"href":"https:\/\/swisstinychalet.ch\/neuch\/wp-json\/wp\/v2\/posts\/5864","targetHints":{"allow":["GET"]}}],"collection":[{"href":"https:\/\/swisstinychalet.ch\/neuch\/wp-json\/wp\/v2\/posts"}],"about":[{"href":"https:\/\/swisstinychalet.ch\/neuch\/wp-json\/wp\/v2\/types\/post"}],"author":[{"embeddable":true,"href":"https:\/\/swisstinychalet.ch\/neuch\/wp-json\/wp\/v2\/users\/10"}],"replies":[{"embeddable":true,"href":"https:\/\/swisstinychalet.ch\/neuch\/wp-json\/wp\/v2\/comments?post=5864"}],"version-history":[{"count":0,"href":"https:\/\/swisstinychalet.ch\/neuch\/wp-json\/wp\/v2\/posts\/5864\/revisions"}],"wp:attachment":[{"href":"https:\/\/swisstinychalet.ch\/neuch\/wp-json\/wp\/v2\/media?parent=5864"}],"wp:term":[{"taxonomy":"category","embeddable":true,"href":"https:\/\/swisstinychalet.ch\/neuch\/wp-json\/wp\/v2\/categories?post=5864"},{"taxonomy":"post_tag","embeddable":true,"href":"https:\/\/swisstinychalet.ch\/neuch\/wp-json\/wp\/v2\/tags?post=5864"}],"curies":[{"name":"wp","href":"https:\/\/api.w.org\/{rel}","templated":true}]}}