{"id":5877,"date":"2024-11-30T12:55:26","date_gmt":"2024-11-30T07:25:26","guid":{"rendered":"https:\/\/swisstinychalet.ch\/neuch\/celebration-de-la-journee-internationale-du-zero-dechet-un-pas-vers-un-avenir-durable-avec-les-nations-unies"},"modified":"2024-11-30T12:55:26","modified_gmt":"2024-11-30T07:25:26","slug":"celebration-de-la-journee-internationale-du-zero-dechet-un-pas-vers-un-avenir-durable-avec-les-nations-unies","status":"publish","type":"post","link":"https:\/\/swisstinychalet.ch\/neuch\/celebration-de-la-journee-internationale-du-zero-dechet-un-pas-vers-un-avenir-durable-avec-les-nations-unies","title":{"rendered":"C\u00e9l\u00e9bration de la Journ\u00e9e Internationale du Z\u00e9ro D\u00e9chet : Un pas vers un avenir durable avec les Nations Unies"},"content":{"rendered":"\n\n<p>La <strong>Journ\u00e9e Internationale du Z\u00e9ro D\u00e9chet<\/strong> est une initiative essentielle visant \u00e0 sensibiliser \u00e0 l&#8217;importance de la gestion des d\u00e9chets \u00e0 l&#8217;\u00e9chelle mondiale. Chaque ann\u00e9e, des acteurs des <strong>gouvernements<\/strong>, de la soci\u00e9t\u00e9 civile, et du secteur priv\u00e9 se r\u00e9unissent pour promouvoir des pratiques de <strong>production<\/strong> et de <strong>consommation durables<\/strong>. Cette journ\u00e9e souligne le besoin urgent d&#8217;am\u00e9liorer la <strong>collecte<\/strong> et le <strong>recyclage<\/strong>, tout en encourageant une approche de gestion des d\u00e9chets qui consid\u00e8re les d\u00e9chets comme des ressources. Le soutien des <strong>Nations Unies<\/strong> \u00e0 ces initiatives contribue \u00e0 avancer vers un <strong>d\u00e9veloppement durable<\/strong> et \u00e0 r\u00e9pondre aux enjeux majeurs li\u00e9s \u00e0 la pollution et \u00e0 la surconsommation. En adoptant des strat\u00e9gies et des comportements responsables, il est possible de cr\u00e9er un monde meilleur pour les g\u00e9n\u00e9rations futures.<\/p>\n\n\n<figure class=\"wp-block-embed is-type-video is-provider-youtube wp-block-embed-youtube wp-embed-aspect-16-9 wp-has-aspect-ratio\">\n<div class=\"wp-block-embed__wrapper\">\n<iframe title=\"FLASH INFO DU   31 mars 2023\" width=\"1200\" height=\"675\" src=\"https:\/\/www.youtube-nocookie.com\/embed\/PLy_oPHKnm8?feature=oembed\" frameborder=\"0\" allow=\"accelerometer; autoplay; clipboard-write; encrypted-media; gyroscope; picture-in-picture; web-share\" referrerpolicy=\"strict-origin-when-cross-origin\" allowfullscreen><\/iframe>\n<\/div>\n<\/figure>\n\n\n\n<p>\u00c0 l\u2019approche de la Journ\u00e9e internationale du z\u00e9ro d\u00e9chet, l\u2019attention se porte sur les d\u00e9fis li\u00e9s \u00e0 la gestion des d\u00e9chets. Chaque ann\u00e9e, cette journ\u00e9e rev\u00eat une importance particuli\u00e8re, invitant \u00e0 r\u00e9fl\u00e9chir sur la mani\u00e8re de transformer nos pratiques de consommation et de production. Passer en revue nos habitudes et agir pour un avenir plus durable peut avoir un impact tangible sur notre environnement.<\/p>\n\n\n<h2 class=\"wp-block-heading\">Les enjeux de la gestion des d\u00e9chets<\/h2>\n\n\n<p>Actuellement, l&#8217;humanit\u00e9 produit entre 2,1 et <a href=\"https:\/\/unhabitat.org\/sites\/default\/files\/2023\/11\/sdg_11_synthesis_report_2023_executive_summary_2023.pdf\">2,3 milliards de tonnes de d\u00e9chets municipaux solides<\/a> chaque ann\u00e9e, un nombre qui ne cesse d&#8217;augmenter. Face \u00e0 ces chiffres alarmants, une action collective s&#8217;impose. La majorit\u00e9 de ces d\u00e9chets provient des m\u00e9nages, des petites entreprises et des services publics, mais la gestion de ceux-ci se r\u00e9v\u00e8le souvent insuffisante.<\/p>\n\n\n<p>La Journ\u00e9e internationale du z\u00e9ro d\u00e9chet met en lumi\u00e8re l\u2019importance de promouvoir des m\u00e9thodes durables pour g\u00e9rer ces d\u00e9chets. Il est crucial d\u2019encourager des initiatives allant au-del\u00e0 de la simple collecte et du recyclage, en adoptant une vision o\u00f9 chaque d\u00e9chet est per\u00e7u comme une ressource potentielle.<\/p>\n\n\n<h2 class=\"wp-block-heading\">Solutions en amont<\/h2>\n\n\n<p>La n\u00e9cessit\u00e9 d&#8217;adopter des solutions en amont pour r\u00e9duire la production de d\u00e9chets est plus pressante que jamais. Cela implique de repenser la fa\u00e7on dont les produits sont con\u00e7us. Une bonne partie des d\u00e9chets provient d&#8217;articles qui, au lieu d&#8217;\u00eatre r\u00e9par\u00e9s, sont souvent jet\u00e9s. Une conception durable, qui favorise la r\u00e9utilisation et le recyclage, peut minimiser la quantit\u00e9 de d\u00e9chets produits.<\/p>\n\n\n<p>De plus, chaque acteur de la soci\u00e9t\u00e9 a un r\u00f4le \u00e0 jouer. Les consommateurs peuvent changer leurs habitudes et opter pour des alternatives durables, tandis que les gouvernements et les industries doivent \u00e9laborer des politiques favorables \u00e0 l&#8217;\u00e9conomie circulaire.<\/p>\n\n\n<h2 class=\"wp-block-heading\">Promouvoir la sensibilisation<\/h2>\n\n\n<p>Encourager les communaut\u00e9s \u00e0 participer \u00e0 des initiatives de z\u00e9ro d\u00e9chet est primordial. Sensibiliser le public \u00e0 l&#8217;importance de r\u00e9duire le volume de d\u00e9chets, et ce, d\u00e8s le plus jeune \u00e2ge, peut transformer notre rapport \u00e0 la consommation. Les \u00e9v\u00e9nements locaux associ\u00e9s \u00e0 cette journ\u00e9e permettent de r\u00e9unir diff\u00e9rents acteurs et de partager des id\u00e9es innovantes.<\/p>\n\n\n<p>Des ressources sont \u00e9galement disponibles pour ceux qui souhaitent explorer davantage ces concepts. Des sites comme <a href=\"https:\/\/swisstinychalet.ch\/neuch\/ecologie-et-zero-dechet\/quelles-ressources-et-outils-sont-disponibles-pour-une-vie-zero-dechet\">cela<\/a> fournissent des outils pratiques et des informations sur comment int\u00e9grer le z\u00e9ro d\u00e9chet au quotidien. De plus, des initiatives, telles que celles pr\u00e9sent\u00e9es dans l&#8217;article sur <a href=\"https:\/\/swisstinychalet.ch\/neuch\/les-avantages-dadopter-un-mode-de-vie-zero-dechet\">les avantages du mode de vie z\u00e9ro d\u00e9chet<\/a>, d\u00e9montrent les b\u00e9n\u00e9fices tangibles d&#8217;un changement de comportement.<\/p>\n\n\n<p>La Journ\u00e9e internationale du z\u00e9ro d\u00e9chet repr\u00e9sente une formidable occasion de r\u00e9fl\u00e9chir \u00e0 nos choix quotidiens. En encourageant les comportements durables et en int\u00e9grant ces principes dans nos vies, il est possible de fa\u00e7onner un avenir plus harmonieux avec notre plan\u00e8te. Les opportunit\u00e9s pour engager des dialogues autour de cette th\u00e9matique sont infinies. Ensemble, agissons pour transformer nos soci\u00e9t\u00e9s, un d\u00e9chet \u00e0 la fois.<\/p>\n\n\n\n<figure class=\"wp-block-table\">\n<table>\n<tbody>\n<tr>\n<td>\ud83d\uddd1\ufe0f<\/td>\n<td><strong>Titre :<\/strong> S&#8217;attaquer \u00e0 la crise des d\u00e9chets<\/td>\n<\/tr>\n<tr>\n<td>\ud83c\udf0d<\/td>\n<td>Les pratiques de production et de consommation non durables m\u00e8nent \u00e0 la destruction de notre plan\u00e8te.<\/td>\n<\/tr>\n<tr>\n<td>\ud83d\udce6<\/td>\n<td>Chaque ann\u00e9e, 2,1 \u00e0 2,3 milliards de tonnes de d\u00e9chets municipaux solides sont g\u00e9n\u00e9r\u00e9s.<\/td>\n<\/tr>\n<tr>\n<td>\ud83d\udeae<\/td>\n<td>2,7 milliards de personnes n&#8217;ont pas acc\u00e8s \u00e0 une collecte des d\u00e9chets ad\u00e9quate.<\/td>\n<\/tr>\n<tr>\n<td>\u26a0\ufe0f<\/td>\n<td>Il est urgent que l&#8217;humanit\u00e9 agisse pour r\u00e9soudre cette crise des d\u00e9chets.<\/td>\n<\/tr>\n<tr>\n<td>\u267b\ufe0f<\/td>\n<td>Renforcer la gestion des d\u00e9chets et adopter des solutions en amont est essentiel.<\/td>\n<\/tr>\n<tr>\n<td>\ud83d\udca1<\/td>\n<td>Consid\u00e9rer les d\u00e9chets comme des ressources \u00e0 r\u00e9utiliser ou r\u00e9cup\u00e9rer est crucial.<\/td>\n<\/tr>\n<tr>\n<td>\ud83d\udc65<\/td>\n<td>Impliquer toutes les parties prenantes est n\u00e9cessaire pour un avenir sans d\u00e9chets.<\/td>\n<\/tr>\n<tr>\n<td>\ud83d\udcca<\/td>\n<td>Les gouvernements et industries doivent am\u00e9liorer le financement et les politiques.<\/td>\n<\/tr>\n<tr>\n<td>\ud83d\udcc5<\/td>\n<td>Le 30 mars est proclam\u00e9 en tant que Journ\u00e9e internationale du z\u00e9ro d\u00e9chet.<\/td>\n<\/tr>\n<tr>\n<td>\ud83c\udf31<\/td>\n<td>Cette journ\u00e9e est une occasion d&#8217;\u00e9duquer et de mobiliser autour des initiatives z\u00e9ro d\u00e9chet.<\/td>\n<\/tr>\n<\/tbody>\n<\/table>\n<\/figure>\n","protected":false},"excerpt":{"rendered":"","protected":false},"author":8,"featured_media":0,"comment_status":"open","ping_status":"close","sticky":false,"template":"","format":"standard","meta":{"_seopress_robots_primary_cat":"","_seopress_titles_title":"","_seopress_titles_desc":"","_seopress_robots_index":"","footnotes":""},"categories":[1545],"tags":[],"class_list":["post-5877","post","type-post","status-publish","format-standard","hentry","category-neuchcup-fr","generate-columns","tablet-grid-50","mobile-grid-100","grid-parent","grid-33"],"_links":{"self":[{"href":"https:\/\/swisstinychalet.ch\/neuch\/wp-json\/wp\/v2\/posts\/5877","targetHints":{"allow":["GET"]}}],"collection":[{"href":"https:\/\/swisstinychalet.ch\/neuch\/wp-json\/wp\/v2\/posts"}],"about":[{"href":"https:\/\/swisstinychalet.ch\/neuch\/wp-json\/wp\/v2\/types\/post"}],"author":[{"embeddable":true,"href":"https:\/\/swisstinychalet.ch\/neuch\/wp-json\/wp\/v2\/users\/8"}],"replies":[{"embeddable":true,"href":"https:\/\/swisstinychalet.ch\/neuch\/wp-json\/wp\/v2\/comments?post=5877"}],"version-history":[{"count":0,"href":"https:\/\/swisstinychalet.ch\/neuch\/wp-json\/wp\/v2\/posts\/5877\/revisions"}],"wp:attachment":[{"href":"https:\/\/swisstinychalet.ch\/neuch\/wp-json\/wp\/v2\/media?parent=5877"}],"wp:term":[{"taxonomy":"category","embeddable":true,"href":"https:\/\/swisstinychalet.ch\/neuch\/wp-json\/wp\/v2\/categories?post=5877"},{"taxonomy":"post_tag","embeddable":true,"href":"https:\/\/swisstinychalet.ch\/neuch\/wp-json\/wp\/v2\/tags?post=5877"}],"curies":[{"name":"wp","href":"https:\/\/api.w.org\/{rel}","templated":true}]}}