{"id":5879,"date":"2024-11-30T12:57:27","date_gmt":"2024-11-30T07:27:27","guid":{"rendered":"https:\/\/swisstinychalet.ch\/neuch\/evenements-ecologiques-lademe-pousse-les-limites-avec-le-grand-defi-ecologique"},"modified":"2024-11-30T12:57:27","modified_gmt":"2024-11-30T07:27:27","slug":"evenements-ecologiques-lademe-pousse-les-limites-avec-le-grand-defi-ecologique","status":"publish","type":"post","link":"https:\/\/swisstinychalet.ch\/neuch\/evenements-ecologiques-lademe-pousse-les-limites-avec-le-grand-defi-ecologique","title":{"rendered":"\u00c9v\u00e9nements \u00e9cologiques : l&#8217;ADEME pousse les limites avec le Grand D\u00e9fi \u00c9cologique"},"content":{"rendered":"\n\n<h2 class=\"wp-block-heading\">\u00c9v\u00e9nements \u00e9cologiques : l&#8217;ADEME repousse les limites avec le Grand D\u00e9fi \u00c9cologique<\/h2>\n\n\n<p>Le <strong>Grand D\u00e9fi \u00c9cologique<\/strong>, organis\u00e9 par l&#8217;<strong>ADEME<\/strong>, a attir\u00e9 des milliers de visiteurs au <strong>Carr\u00e9 des Docks<\/strong> au Havre, offrant des conf\u00e9rences et des animations sur la transition <strong>\u00e9cologique<\/strong>. L&#8217;\u00e9v\u00e9nement s&#8217;est engag\u00e9 \u00e0 \u00eatre \u00e9coresponsable, visant un <strong>impact environnemental<\/strong> minimum \u00e0 travers des initiatives comme l&#8217;objectif z\u00e9ro d\u00e9chet et la s\u00e9lection de <strong>fournisseurs responsables<\/strong>. Le Grand D\u00e9fi a \u00e9t\u00e9 r\u00e9compens\u00e9 par le label <strong>LEAD<\/strong> niveau Argent, soulignant son engagement envers des pratiques durables. Gr\u00e2ce \u00e0 un travail collaboration entre plusieurs acteurs, l&#8217;\u00e9v\u00e9nement a d\u00e9montr\u00e9 qu&#8217;il est possible de concevoir et d&#8217;organiser des \u00e9v\u00e9nements de grande envergure tout en respectant l&#8217;environnement et en favorisant l&#8217;inclusion sociale.<\/p>\n\n\n<figure class=\"wp-block-embed is-type-video is-provider-youtube wp-block-embed-youtube wp-embed-aspect-16-9 wp-has-aspect-ratio\">\n<div class=\"wp-block-embed__wrapper\">\n<iframe title=\"L\u2019appel \u00e0 commun : un nouveau mode d\u2019intervention de l\u2019ADEME\" width=\"1200\" height=\"675\" src=\"https:\/\/www.youtube-nocookie.com\/embed\/_TCrRQ8NrQQ?feature=oembed\" frameborder=\"0\" allow=\"accelerometer; autoplay; clipboard-write; encrypted-media; gyroscope; picture-in-picture; web-share\" referrerpolicy=\"strict-origin-when-cross-origin\" allowfullscreen><\/iframe>\n<\/div>\n<\/figure>\n\n\n\n<p>Les \u00e9v\u00e9nements prennent une nouvelle dimension. L&#8217;initiative <strong>Grand D\u00e9fi \u00c9cologique<\/strong> de l&#8217;<strong>ADEME<\/strong> n&#8217;est pas simplement une vitrine pour des d\u00e9bats, mais un v\u00e9ritable laboratoire de pratiques <strong>\u00e9coresponsables<\/strong>. Organis\u00e9 au <strong>Carr\u00e9 des Docks<\/strong> du Havre, cet \u00e9v\u00e9nement a attir\u00e9 des milliers de visiteurs, tous anim\u00e9s par une m\u00eame envie : contribuer \u00e0 un avenir plus durable. Au c\u0153ur de cette dynamique, une r\u00e9flexion profonde sur l&#8217;impact environnemental des manifestations.<\/p>\n\n\n<h2 class=\"wp-block-heading\">Une organisation qui d\u00e9fie les conventions<\/h2>\n\n\n<p>Pour l&#8217;<strong>ADEME<\/strong>, la conception de l&#8217;\u00e9v\u00e9nement a \u00e9t\u00e9 guid\u00e9e par des objectifs ambitieux. La feuille de route visait, entre autres, \u00e0 atteindre le <strong>z\u00e9ro d\u00e9chet<\/strong> et \u00e0 favoriser une <strong>cuisine locale<\/strong>, avec des plats principalement <strong>v\u00e9g\u00e9tariens<\/strong>. Cela n&#8217;a pas \u00e9t\u00e9 un simple caprice mais un v\u00e9ritable challenge orchestr\u00e9 pour illustrer qu&#8217;il est possible d&#8217;allier <strong>qualit\u00e9<\/strong> et <strong>durabilit\u00e9<\/strong>. Chaque d\u00e9tail a \u00e9t\u00e9 pens\u00e9 pour refl\u00e9ter cet engagement, des fournisseurs s\u00e9lectionn\u00e9s en fonction de leur \u00e9thique \u00e0 la sensibilisation des participants sur les bonnes pratiques \u00e9cologiques.<\/p>\n\n\n<h2 class=\"wp-block-heading\">Une reconnaissance exemplaire<\/h2>\n\n\n<p>Cet engagement a port\u00e9 ses fruits puisque l&#8217;\u00e9v\u00e9nement a re\u00e7u le label <strong>LEAD<\/strong>, un symbole de l&#8217;<strong>\u00e9coresponsabilit\u00e9<\/strong> \u00e9valu\u00e9 par un tiers ind\u00e9pendant. Ce label t\u00e9moigne des efforts d\u00e9ploy\u00e9s pour r\u00e9duire l&#8217;empreinte carbone tout en favorisant l\u2019inclusion sociale. Avec une sc\u00e9nographie int\u00e9grant jusqu&#8217;\u00e0 95 % de mat\u00e9riaux r\u00e9cup\u00e9r\u00e9s, le <strong>Grand D\u00e9fi \u00c9cologique<\/strong> se d\u00e9marque comme une r\u00e9f\u00e9rence dans le domaine des manifestations durables.<\/p>\n\n\n<h2 class=\"wp-block-heading\">Des actions concr\u00e8tes pour un impact r\u00e9el<\/h2>\n\n\n<p>Les mesures mises en place vont au-del\u00e0 du discours. Des <strong>menus v\u00e9g\u00e9tariens<\/strong> \u00e0 la logistique optimis\u00e9e pour limiter les d\u00e9placements, chaque aspect a \u00e9t\u00e9 repens\u00e9. Au-del\u00e0 des choix alimentaires, la collaboration avec des structures comme la <strong>Menuiserie Solidaire<\/strong> pour favoriser l&#8217;insertion des personnes \u00e9loign\u00e9es de l&#8217;emploi t\u00e9moigne d&#8217;une volont\u00e9 d&#8217;int\u00e9grer l&#8217;humain au c\u0153ur de la d\u00e9marche. Ce mod\u00e8le d&#8217;\u00e9v\u00e9nement \u00e9coresponsable illustre les possibilit\u00e9s offertes par une meilleure gestion des ressources et une vision collective.<\/p>\n\n\n<h2 class=\"wp-block-heading\">Une sensibilisation \u00e0 grande \u00e9chelle<\/h2>\n\n\n<p>Le <strong>Grand D\u00e9fi \u00c9cologique<\/strong> a \u00e9galement servi de plateforme pour sensibiliser le public aux enjeux li\u00e9s \u00e0 la transition \u00e9cologique. \u00c0 travers des ateliers interactifs et des discussions, les participants ont pu d\u00e9couvrir des initiatives locales et des bonnes pratiques. L&#8217;ADEME s&#8217;attache \u00e0 d\u00e9montrer que chacun peut contribuer \u00e0 cet effort collectif, que ce soit dans le cadre de leur vie personnelle ou professionnelle.<\/p>\n\n\n<h2 class=\"wp-block-heading\">Vers un avenir durable dans l&#8217;\u00e9v\u00e9nementiel<\/h2>\n\n\n<p>Cette ambition de rendre l&#8217;\u00e9ph\u00e9m\u00e8re durable est d\u00e9sormais un enjeu central dans le secteur \u00e9v\u00e9nementiel. Des ressources en ligne, comme <a href=\"https:\/\/swisstinychalet.ch\/neuch\/comprendre-les-principes-de-lecologie-et-du-zero-dechet\">neuchcup<\/a>, fournissent des conseils pour la gestion des d\u00e9chets et l\u2019organisation d&#8217;\u00e9v\u00e9nements <strong>z\u00e9ro d\u00e9chet<\/strong>. L&#8217;ADEME, par ses actions et ses partenariats, d\u00e9montre la faisabilit\u00e9 d&#8217;\u00e9v\u00e9nements qui respectent \u00e0 la fois les aspirations des participants et les exigences environnementales. Une v\u00e9ritable inspiration pour le secteur, qui montre que l\u2019\u00e9cologie et l\u2019\u00e9v\u00e9nementiel ne sont pas incompatibles mais peuvent, au contraire, \u00eatre compl\u00e9mentaires.<\/p>\n\n\n\n<h2 class=\"wp-block-heading\">Tableau Synth\u00e9tique du Grand D\u00e9fi \u00c9cologique<\/h2>\n\n\n<figure class=\"wp-block-table\">\n<table>\n<tbody>\n<tr>\n<td>\ud83c\udf0d<\/td>\n<td><strong>\u00c9v\u00e9nement \u00c9coresponsable<\/strong><\/td>\n<\/tr>\n<tr>\n<td>\ud83c\udfc5<\/td>\n<td><strong>Label LEAD Niveau Argent<\/strong> d\u00e9cern\u00e9 \u00e0 l\u2019\u00e9v\u00e9nement, une premi\u00e8re pour un tel \u00e9v\u00e9nement.<\/td>\n<\/tr>\n<tr>\n<td>\u267b\ufe0f<\/td>\n<td><strong>Z\u00e9ro D\u00e9chet<\/strong> : Objectif de gestion optimale des d\u00e9chets et utilisation de mat\u00e9riaux recyclables.<\/td>\n<\/tr>\n<tr>\n<td>\ud83e\udd57<\/td>\n<td><strong>Menus V\u00e9g\u00e9tariens<\/strong> : 90 % des repas pr\u00e9par\u00e9s avec des produits frais et locaux.<\/td>\n<\/tr>\n<tr>\n<td>\ud83d\ude8d<\/td>\n<td><strong>Mobilit\u00e9 Durable<\/strong> : Optimisation des transports pour r\u00e9duire l\u2019impact carbone.<\/td>\n<\/tr>\n<tr>\n<td>\ud83c\udf31<\/td>\n<td><strong>Inclusion Sociale<\/strong> : Collaboration avec des structures pour l\u2019insertion des personnes \u00e9loign\u00e9es de l\u2019emploi.<\/td>\n<\/tr>\n<tr>\n<td>\ud83d\udd0d<\/td>\n<td><strong>Bilan Carbone<\/strong> : \u00c9valuation post-\u00e9v\u00e9nement pour identifier les am\u00e9liorations \u00e0 apporter.<\/td>\n<\/tr>\n<tr>\n<td>\ud83c\udfdb\ufe0f<\/td>\n<td><strong>Sc\u00e9nographie \u00c9coresponsable<\/strong> : 95 % des \u00e9l\u00e9ments de d\u00e9cor issus du r\u00e9emploi.<\/td>\n<\/tr>\n<\/tbody>\n<\/table>\n<\/figure>\n","protected":false},"excerpt":{"rendered":"","protected":false},"author":10,"featured_media":0,"comment_status":"open","ping_status":"close","sticky":false,"template":"","format":"standard","meta":{"_seopress_robots_primary_cat":"","_seopress_titles_title":"","_seopress_titles_desc":"","_seopress_robots_index":"","footnotes":""},"categories":[1545],"tags":[],"class_list":["post-5879","post","type-post","status-publish","format-standard","hentry","category-neuchcup-fr","generate-columns","tablet-grid-50","mobile-grid-100","grid-parent","grid-33"],"_links":{"self":[{"href":"https:\/\/swisstinychalet.ch\/neuch\/wp-json\/wp\/v2\/posts\/5879","targetHints":{"allow":["GET"]}}],"collection":[{"href":"https:\/\/swisstinychalet.ch\/neuch\/wp-json\/wp\/v2\/posts"}],"about":[{"href":"https:\/\/swisstinychalet.ch\/neuch\/wp-json\/wp\/v2\/types\/post"}],"author":[{"embeddable":true,"href":"https:\/\/swisstinychalet.ch\/neuch\/wp-json\/wp\/v2\/users\/10"}],"replies":[{"embeddable":true,"href":"https:\/\/swisstinychalet.ch\/neuch\/wp-json\/wp\/v2\/comments?post=5879"}],"version-history":[{"count":0,"href":"https:\/\/swisstinychalet.ch\/neuch\/wp-json\/wp\/v2\/posts\/5879\/revisions"}],"wp:attachment":[{"href":"https:\/\/swisstinychalet.ch\/neuch\/wp-json\/wp\/v2\/media?parent=5879"}],"wp:term":[{"taxonomy":"category","embeddable":true,"href":"https:\/\/swisstinychalet.ch\/neuch\/wp-json\/wp\/v2\/categories?post=5879"},{"taxonomy":"post_tag","embeddable":true,"href":"https:\/\/swisstinychalet.ch\/neuch\/wp-json\/wp\/v2\/tags?post=5879"}],"curies":[{"name":"wp","href":"https:\/\/api.w.org\/{rel}","templated":true}]}}