{"id":5884,"date":"2024-11-30T13:05:16","date_gmt":"2024-11-30T07:35:16","guid":{"rendered":"https:\/\/swisstinychalet.ch\/neuch\/decouvrez-le-secret-des-parties-reussies-la-location-de-vaisselle-a-neuchatel"},"modified":"2024-12-01T16:14:22","modified_gmt":"2024-12-01T10:44:22","slug":"decouvrez-le-secret-des-parties-reussies-la-location-de-vaisselle-a-neuchatel","status":"publish","type":"post","link":"https:\/\/swisstinychalet.ch\/neuch\/decouvrez-le-secret-des-parties-reussies-la-location-de-vaisselle-a-neuchatel","title":{"rendered":"D\u00e9couvrez le secret des parties r\u00e9ussies : la location de vaisselle \u00e0 Neuch\u00e2tel !"},"content":{"rendered":"\n\n<p>        Organiser une <strong>f\u00eate<\/strong> ou un \u00e9v\u00e9nement peut parfois sembler un d\u00e9fi, mais avec la <strong>location de vaisselle<\/strong>, cela devient un jeu d&#8217;enfant ! \u00c0 <strong>Neuch\u00e2tel<\/strong>, opter pour des assiettes, des couverts et des verres r\u00e9utilisables vous permettra de donner \u00e0 vos r\u00e9ceptions une touche d&#8217;\u00e9l\u00e9gance, tout en respectant l&#8217;environnement. Fini le stress des <strong>d\u00e9chets plastiques<\/strong> \u00e0 usage unique : en choisissant la vaisselle r\u00e9utilisable, vous faites un geste fort pour la plan\u00e8te. Que ce soit pour un d\u00eener entre amis ou un grand \u00e9v\u00e9nement familial, la <strong>location de vaisselle<\/strong> transforme chaque repas en une c\u00e9l\u00e9bration m\u00e9morable. N&#8217;attendez plus, faites de votre prochaine r\u00e9ception un moment exceptionnel gr\u00e2ce \u00e0 cette solution \u00e9coresponsable ! <\/p>\n\n\n<figure class=\"wp-block-embed is-type-video is-provider-youtube wp-block-embed-youtube wp-embed-aspect-16-9 wp-has-aspect-ratio\">\n<div class=\"wp-block-embed__wrapper\">\n<iframe title=\"B\u00e9linois R\u00e9ception : Location de mat\u00e9riel pour vos r\u00e9ceptions - bas\u00e9 St Nazaire\" width=\"1200\" height=\"675\" src=\"https:\/\/www.youtube-nocookie.com\/embed\/WE-5mZKZ4jA?feature=oembed\" frameborder=\"0\" allow=\"accelerometer; autoplay; clipboard-write; encrypted-media; gyroscope; picture-in-picture; web-share\" referrerpolicy=\"strict-origin-when-cross-origin\" allowfullscreen><\/iframe>\n<\/div>\n<\/figure>\n\n\n\n<h2 class=\"wp-block-heading\">Une c\u00e9l\u00e9bration bien pr\u00e9par\u00e9e<\/h2>\n\n\n<p>Organiser une f\u00eate, c\u2019est tout un art ! Que ce soit un anniversaire, un mariage ou simplement un rassemblement amical, la <strong>vaisselle<\/strong> joue un r\u00f4le fondamental. Vous voulez que vos invit\u00e9s se sentent \u00e0 l&#8217;aise, n&#8217;est-ce pas ? La location de vaisselle \u00e0 <strong>Neuch\u00e2tel<\/strong> pourrait bien \u00eatre la r\u00e9ponse \u00e0 vos attentes.<\/p>\n\n\n<h2 class=\"wp-block-heading\">Pourquoi opter pour la location ?<\/h2>\n\n\n<p>La <strong>location de vaisselle<\/strong> ne se limite pas seulement \u00e0 des assiettes et des couverts. Elle offre une solution pratique et \u00e9cologique, adapt\u00e9e \u00e0 tous vos \u00e9v\u00e9nements. Fini les tracas d\u2019un stockage massif \u00e0 la maison ! Louer votre vaisselle, c&#8217;est aussi choisir une option plus r\u00e9aliste et respectueuse de l&#8217;environnement, surtout avec l&#8217;interdiction de la <strong>vaisselle plastique \u00e0 usage unique<\/strong> \u00e0 <strong>Val-de-Travers<\/strong> depuis cette ann\u00e9e.<\/p>\n\n\n<h2 class=\"wp-block-heading\">Une solution vari\u00e9e<\/h2>\n\n\n<p>Le secteur de la <strong>location de vaisselle \u00e0 Neuch\u00e2tel<\/strong> est particuli\u00e8rement riche. Des entreprises comme <strong>Festiloc<\/strong> proposent une large gamme d\u2019assiettes, de verres, de tasses et d\u2019accessoires. Que vous d\u00e9siriez une vaisselle en porcelaine \u00e9l\u00e9gante ou des options plus funky pour une f\u00eate informelle, vous pourrez trouver votre bonheur en un rien de temps.<\/p>\n\n\n<h2 class=\"wp-block-heading\">L\u2019art de la pr\u00e9sentation<\/h2>\n\n\n<p>Ce qui rend un \u00e9v\u00e9nement inoubliable, c&#8217;est la <strong>pr\u00e9sentation<\/strong>. Imaginez vos tables joliment dress\u00e9es, des assiettes assorties, des couverts raffin\u00e9s et des verres \u00e9blouissants. Avec la location de vaisselle, vous pouvez personnaliser votre agencement sans vous ruiner. Meme <strong>Solution Recept<\/strong>, entreprise bien connue dans la location de mobilier et de vaisselle, offre des kits th\u00e9matiques pour simplifier votre choix.<\/p>\n\n\n<h2 class=\"wp-block-heading\">L&#8217;impact environnemental<\/h2>\n\n\n<p>R\u00e9fl\u00e9chir \u00e0 l&#8217;impact de nos choix sur l\u2019environnement est devenu in\u00e9vitable. La <strong>vaisselle r\u00e9utilisable<\/strong> peut transformer votre r\u00e9ception en un succ\u00e8s sur le plan \u00e9cologique. En choisissant de louer plut\u00f4t que d&#8217;acheter, vous contribuez \u00e0 r\u00e9duire les d\u00e9chets g\u00e9n\u00e9r\u00e9s par les \u00e9v\u00e9nements. N&#8217;oubliez jamais que la simple action de choisir de la vaisselle r\u00e9utilisable peut faire une diff\u00e9rence. Pour ceux qui ne sont pas encore convaincus, il existe des ressources qui expliquent comment nettoyer facilement votre <strong>ecocup<\/strong> en un clin d&#8217;\u0153il : <a href=\"https:\/\/swisstinychalet.ch\/neuch\/vous-ne-devinerez-jamais-comment-nettoyer-votre-ecocup-en-un-clin-doeil\">lire ici<\/a>.<\/p>\n\n\n<h2 class=\"wp-block-heading\">Une ambiance adapt\u00e9e<\/h2>\n\n\n<p>Enfin, louez votre vaisselle selon le th\u00e8me de votre f\u00eate. Un <strong>d\u00eener \u00e9l\u00e9gant<\/strong> ou une soir\u00e9e d\u00e9contract\u00e9e ? La flexibilit\u00e9 est la cl\u00e9. Pour une famille ou une petite f\u00eate entre amis, des solutions comme <strong>IZIPARTY<\/strong> proposent des kits vari\u00e9s qui s\u2019adaptent \u00e0 votre style. Les possibilit\u00e9s sont presque infinies. Vous pouvez aussi consulter ce <a href=\"https:\/\/swisstinychalet.ch\/neuch\/decouvrez-pourquoi-la-location-de-verre-plastique-pourrait-revolutionner-vos-evenements\">site int\u00e9ressant<\/a> pour des id\u00e9es suppl\u00e9mentaires.<\/p>\n\n\n<h2 class=\"wp-block-heading\">Rendre chaque moment inoubliable<\/h2>\n\n\n<p>La location de vaisselle \u00e0 <strong>Neuch\u00e2tel<\/strong> offre des avantages multiples, allant de l\u2019\u00e9conomie d\u2019espace \u00e0 un impact positif sur l\u2019environnement. Le choix de la <strong>vaisselle r\u00e9utilisable<\/strong> permet de donner une touche unique \u00e0 vos \u00e9v\u00e9nements, tout en respectant notre belle plan\u00e8te. Vous pourriez m\u00eame \u00eatre surpris de d\u00e9couvrir \u00e0 quel point la <strong>location de vaisselle<\/strong> peut transformer votre r\u00e9ception : <a href=\"https:\/\/swisstinychalet.ch\/neuch\/vous-ne-croirez-jamais-a-combien-la-location-de-vaisselle-peut-transformer-votre-reception\">click here<\/a>.<\/p>\n\n\n<p>En d\u00e9finitive, penser \u00e0 la location de votre vaisselle est une excellente mani\u00e8re de marquer les esprits et d&#8217;assurer le succ\u00e8s de vos rencontres entour\u00e9es de vos proches.<\/p>\n\n\n\n<h2 class=\"wp-block-heading\">Transformez vos \u00e9v\u00e9nements avec de la vaisselle r\u00e9utilisable \ud83c\udf0d<\/h2>\n\n\n<figure class=\"wp-block-table\">\n<table>\n<tbody>\n<tr>\n<td>\ud83c\udf7d\ufe0f<\/td>\n<td><strong>Location de Vaisselle<\/strong> : Un large choix d\u2019assiettes, couverts et verres pour tous vos besoins.<\/td>\n<\/tr>\n<tr>\n<td>\ud83d\udeab<\/td>\n<td>Depuis le 1er janvier 2023, la vaisselle plastique \u00e0 usage unique est <strong>interdite<\/strong> \u00e0 Val-de-Travers lors de manifestations.<\/td>\n<\/tr>\n<tr>\n<td>\ud83c\udf89<\/td>\n<td>IZIPARTY vous propose de <strong>louer de la vaisselle<\/strong> pour vos f\u00eates en petit comit\u00e9 avec des kits adapt\u00e9s.<\/td>\n<\/tr>\n<tr>\n<td>\ud83c\udfe2<\/td>\n<td><strong>Solution Recept<\/strong> fait partie du Groupe Lyon D\u00e9co, sp\u00e9cialis\u00e9e dans la location de vaisselle et mat\u00e9riel depuis pr\u00e8s de 10 ans.<\/td>\n<\/tr>\n<tr>\n<td>\ud83d\udccb<\/td>\n<td>La vaisselle r\u00e9utilisable est essentielle pour un \u00e9v\u00e9nement r\u00e9ussi sur le plan <strong>environnemental<\/strong>.<\/td>\n<\/tr>\n<tr>\n<td>\u2728<\/td>\n<td>D\u00e9couvrez notre dark room, une pi\u00e8ce secr\u00e8te au Caf\u00e9 Villa Castellane avec une ambiance industrielle.<\/td>\n<\/tr>\n<tr>\n<td>\ud83c\udf77<\/td>\n<td><strong>L&#8217;Esprit<\/strong> propose un vaste choix d\u2019assiettes en porcelaine et de verres de qualit\u00e9 pour vos r\u00e9ceptions.<\/td>\n<\/tr>\n<tr>\n<td>\ud83c\udf1f<\/td>\n<td>Location de vaisselle \u00e0 travers la Suisse : Neuch\u00e2tel, Vaud, Valais et au-del\u00e0 !<\/td>\n<\/tr>\n<tr>\n<td>\ud83c\udfc5<\/td>\n<td>D\u00e9couvrez comment la location de vaisselle r\u00e9utilisable peut renforcer l\u2019impact \u00e9coresponsable de vos \u00e9v\u00e9nements.<\/td>\n<\/tr>\n<tr>\n<td>\ud83d\udc40<\/td>\n<td>Ne croyez pas aux mythes sur la vaisselle jetable ! Son impact sur notre plan\u00e8te est alarmant.<\/td>\n<\/tr>\n<\/tbody>\n<\/table>\n<\/figure>\n","protected":false},"excerpt":{"rendered":"","protected":false},"author":7,"featured_media":0,"comment_status":"open","ping_status":"close","sticky":false,"template":"","format":"standard","meta":{"_seopress_robots_primary_cat":"","_seopress_titles_title":"","_seopress_titles_desc":"","_seopress_robots_index":"","footnotes":""},"categories":[1545],"tags":[],"class_list":["post-5884","post","type-post","status-publish","format-standard","hentry","category-neuchcup-fr","generate-columns","tablet-grid-50","mobile-grid-100","grid-parent","grid-33"],"_links":{"self":[{"href":"https:\/\/swisstinychalet.ch\/neuch\/wp-json\/wp\/v2\/posts\/5884","targetHints":{"allow":["GET"]}}],"collection":[{"href":"https:\/\/swisstinychalet.ch\/neuch\/wp-json\/wp\/v2\/posts"}],"about":[{"href":"https:\/\/swisstinychalet.ch\/neuch\/wp-json\/wp\/v2\/types\/post"}],"author":[{"embeddable":true,"href":"https:\/\/swisstinychalet.ch\/neuch\/wp-json\/wp\/v2\/users\/7"}],"replies":[{"embeddable":true,"href":"https:\/\/swisstinychalet.ch\/neuch\/wp-json\/wp\/v2\/comments?post=5884"}],"version-history":[{"count":0,"href":"https:\/\/swisstinychalet.ch\/neuch\/wp-json\/wp\/v2\/posts\/5884\/revisions"}],"wp:attachment":[{"href":"https:\/\/swisstinychalet.ch\/neuch\/wp-json\/wp\/v2\/media?parent=5884"}],"wp:term":[{"taxonomy":"category","embeddable":true,"href":"https:\/\/swisstinychalet.ch\/neuch\/wp-json\/wp\/v2\/categories?post=5884"},{"taxonomy":"post_tag","embeddable":true,"href":"https:\/\/swisstinychalet.ch\/neuch\/wp-json\/wp\/v2\/tags?post=5884"}],"curies":[{"name":"wp","href":"https:\/\/api.w.org\/{rel}","templated":true}]}}