{"id":5888,"date":"2024-11-30T13:09:58","date_gmt":"2024-11-30T07:39:58","guid":{"rendered":"https:\/\/swisstinychalet.ch\/neuch\/decouvrez-comment-la-vaisselle-reutilisable-en-location-peut-sauver-votre-prochaine-fete"},"modified":"2024-12-01T16:17:57","modified_gmt":"2024-12-01T10:47:57","slug":"decouvrez-comment-la-vaisselle-reutilisable-en-location-peut-sauver-votre-prochaine-fete","status":"publish","type":"post","link":"https:\/\/swisstinychalet.ch\/neuch\/decouvrez-comment-la-vaisselle-reutilisable-en-location-peut-sauver-votre-prochaine-fete","title":{"rendered":"D\u00e9couvrez comment la vaisselle r\u00e9utilisable en location peut sauver votre prochaine f\u00eate"},"content":{"rendered":"\n\n<p>Si vous souhaitez organiser une f\u00eate m\u00e9morable tout en pr\u00e9servant notre plan\u00e8te, d\u00e9couvrez l&#8217;option de louer de la <strong>vaisselle r\u00e9utilisable<\/strong> ! Non seulement cela r\u00e9duit les d\u00e9chets plastiques, mais cela apporte \u00e9galement une touche \u00e9l\u00e9gante \u00e0 votre \u00e9v\u00e9nement. Que vous soyez un <strong>organisateur d&#8217;\u00e9v\u00e9nements<\/strong>, un <strong>restaurateur<\/strong> ou un <strong>traiteur<\/strong>, mettre en place cette d\u00e9marche \u00e9coresponsable est un v\u00e9ritable atout. \u00c9valuez les besoins de votre \u00e9v\u00e9nement, choisissez les gobelets et assiettes adapt\u00e9s et laissez-vous surprendre par les b\u00e9n\u00e9fices d&#8217;une logistique bien pens\u00e9e. Ensemble, nous pouvons faire la diff\u00e9rence tout en c\u00e9l\u00e9brant !<\/p>\n\n\n<figure class=\"wp-block-embed is-type-video is-provider-youtube wp-block-embed-youtube wp-embed-aspect-16-9 wp-has-aspect-ratio\">\n<div class=\"wp-block-embed__wrapper\">\n<iframe title=\"Comment emballer et prot\u00e9ger votre vaisselle ?\ud83c\udf7d\ufe0f\" width=\"1200\" height=\"675\" src=\"https:\/\/www.youtube-nocookie.com\/embed\/nuCwf7fzs5g?feature=oembed\" frameborder=\"0\" allow=\"accelerometer; autoplay; clipboard-write; encrypted-media; gyroscope; picture-in-picture; web-share\" referrerpolicy=\"strict-origin-when-cross-origin\" allowfullscreen><\/iframe>\n<\/div>\n<\/figure>\n\n\n\n<h2 class=\"wp-block-heading\">Une f\u00eate \u00e9coresponsable en un clin d&#8217;\u0153il<\/h2>\n\n\n<p>Organiser un \u00e9v\u00e9nement peut s&#8217;av\u00e9rer \u00eatre un v\u00e9ritable casse-t\u00eate logistique, surtout lorsqu&#8217;il s&#8217;agit de la vaisselle. Au lieu de vous pr\u00e9cipiter sur l&#8217;option jetable, envisagez plut\u00f4t la <strong>vaisselle r\u00e9utilisable en location<\/strong>. Cette alternative non seulement simplifie le processus, mais contribue \u00e9galement \u00e0 r\u00e9duire consid\u00e9rablement les d\u00e9chets g\u00e9n\u00e9r\u00e9s par votre f\u00eate. Que diriez-vous de faire un geste positif pour la plan\u00e8te tout en rendant votre \u00e9v\u00e9nement m\u00e9morable ?<\/p>\n\n\n<h2 class=\"wp-block-heading\">Les avantages de la vaisselle r\u00e9utilisable<\/h2>\n\n\n<p>\u00c0 l&#8217;heure o\u00f9 la n\u00e9cessit\u00e9 de diminuer les d\u00e9chets plastiques se fait de plus en plus pressante, la <strong>vaisselle r\u00e9utilisable<\/strong> se pr\u00e9sente comme une option s\u00e9duisante. Faciliter la gestion des d\u00e9chets est l&#8217;un des principaux b\u00e9n\u00e9fices \u00e0 consid\u00e9rer. En rempla\u00e7ant les assiettes et gobelets jetables par leur \u00e9quivalent r\u00e9utilisable, votre festin deviendra un exemple \u00e0 suivre en mati\u00e8re de durabilit\u00e9.<br>Le <strong>nettoyage<\/strong> et l&#8217;entretien rigoureux de cette vaisselle entre chaque location assurent une propret\u00e9 irr\u00e9prochable. Vous pouvez ainsi offrir \u00e0 vos invit\u00e9s une exp\u00e9rience culinaire sans compromis. De la <strong>vaisselle d\u00e9cor\u00e9e<\/strong> aux <strong>gobelets personnalis\u00e9s<\/strong>, il existe une vaste gamme de choix pour satisfaire tous les go\u00fbts.<\/p>\n\n\n<h2 class=\"wp-block-heading\">Comment proc\u00e9der pour la location ?<\/h2>\n\n\n<p>Avant de vous jeter dans les pr\u00e9paratifs, il est essentiel d&#8217;\u00e9valuer vos besoins sp\u00e9cifiques. Combien d\u2019invit\u00e9s attendez-vous ? Quel type de menus envisagez-vous ? Une bonne planification vous permettra de choisir la bonne quantit\u00e9 de <strong>vaisselle<\/strong> sans surcharger ni sous-estimer vos r\u00e9servations.<br>Des entreprises se sp\u00e9cialisent dans la location de vaisselle \u00e9coresponsable. Certaines mettent \u00e0 disposition une s\u00e9lection vari\u00e9e de pi\u00e8ces adapt\u00e9es \u00e0 tous les types d&#8217;\u00e9v\u00e9nements, du barbecue d\u00e9contract\u00e9 aux d\u00eeners \u00e9l\u00e9gants. Vous pouvez consulter des sites tels que <a href=\"https:\/\/swisstinychalet.ch\/neuch\/decouvrez-pourquoi-la-vaisselle-plastique-reutilisable-pourrait-transformer-vos-repas-en-un-veritable-festin\">NeuchCup<\/a> pour d\u00e9couvrir leurs diverses options.<\/p>\n\n\n<h2 class=\"wp-block-heading\">Impact positif sur l\u2019environnement<\/h2>\n\n\n<p>Il est bien connu que la popularit\u00e9 de la vaisselle jetable nuit grandement \u00e0 l\u2019environnement. Pour un avenir plus durable, s\u00e9lectionner la vaisselle r\u00e9utilisable est primordial. L\u2019initiative d\u2019utiliser des pi\u00e8ces re-utilisables permet de diminuer votre <strong>empreinte carbone<\/strong> et d\u2019encourager un mode de vie plus respectueux de l&#8217;environnement.<br>En 2023, assoyez-vous du c\u00f4t\u00e9 de l&#8217;innovation en choisissant des \u00e9l\u00e9ments qui respectent les r\u00e9glementations anti-gaspillage. Avec la <strong>loi AGEC<\/strong>, les acteurs de la restauration ont pris conscience de l&#8217;importance d&#8217;adopter des pratiques plus durables. Ainsi, vous pouvez contribuer \u00e0 ce mouvement tout en charment vos convives.<\/p>\n\n\n<p>Faites de votre prochaine f\u00eate un \u00e9v\u00e9nement \u00e9coresponsable en optant pour la location de vaisselle r\u00e9utilisable. Avec des opportunit\u00e9s passionnantes pour embellir votre table, mais aussi pour prendre soin de notre plan\u00e8te, chaque choix compte. Pour un chemin vers une c\u00e9l\u00e9bration sans d\u00e9chets, la <strong>vaisselle r\u00e9utilisable<\/strong> s&#8217;impose comme la solution id\u00e9ale.<\/p>\n\n\n\n<h2 class=\"wp-block-heading\">R\u00e9duisez les D\u00e9chets lors de Vos \u00c9v\u00e9nements !<\/h2>\n\n\n<figure class=\"wp-block-table\">\n<table>\n<tbody>\n<tr>\n<td>\ud83c\udf0d<\/td>\n<td><strong>Pourquoi opter pour la vaisselle r\u00e9utilis\u00e9e ?<\/strong><\/td>\n<\/tr>\n<tr>\n<td>\u267b\ufe0f<\/td>\n<td>La <strong>location de vaisselle<\/strong> permet de minimiser l&#8217;utilisation de plastiques jetables et favorise une approche \u00e9coresponsable.<\/td>\n<\/tr>\n<tr>\n<td>\ud83c\udf7d\ufe0f<\/td>\n<td><strong>\u00c9valuer vos besoins<\/strong><\/td>\n<\/tr>\n<tr>\n<td>\u2753<\/td>\n<td>Combien d&#8217;invit\u00e9s attendez-vous ? Quels types de plats ou de boissons servirez-vous ?<\/td>\n<\/tr>\n<tr>\n<td>\ud83d\udeab<\/td>\n<td><strong>Interdiction du plastique jetable<\/strong><\/td>\n<\/tr>\n<tr>\n<td>\ud83d\udcc5<\/td>\n<td>Depuis le 1er janvier 2023, l&#8217;utilisation de plastiques jetables est prohib\u00e9e dans les restaurants, mais la mise en \u0153uvre n&#8217;est pas toujours simple pour tous !<\/td>\n<\/tr>\n<tr>\n<td>\u2705<\/td>\n<td><strong>Pourquoi louer de la vaisselle ?<\/strong><\/td>\n<\/tr>\n<tr>\n<td>\ud83e\uddfc<\/td>\n<td>La vaisselle lou\u00e9e est soigneusement nettoy\u00e9e et con\u00e7ue pour durer, offrant une alternative \u00e9cologique.<\/td>\n<\/tr>\n<tr>\n<td>\ud83d\udcdd<\/td>\n<td><strong>Conseils de mise en place<\/strong><\/td>\n<\/tr>\n<tr>\n<td>\ud83d\udd0d<\/td>\n<td><strong>Pr\u00e9parez votre \u00e9v\u00e9nement<\/strong> avec des gobelets et assiettes r\u00e9utilisables pour une gestion optimis\u00e9e des d\u00e9chets.<\/td>\n<\/tr>\n<\/tbody>\n<\/table>\n<\/figure>\n","protected":false},"excerpt":{"rendered":"","protected":false},"author":7,"featured_media":0,"comment_status":"open","ping_status":"close","sticky":false,"template":"","format":"standard","meta":{"_seopress_robots_primary_cat":"","_seopress_titles_title":"","_seopress_titles_desc":"","_seopress_robots_index":"","footnotes":""},"categories":[1545],"tags":[],"class_list":["post-5888","post","type-post","status-publish","format-standard","hentry","category-neuchcup-fr","generate-columns","tablet-grid-50","mobile-grid-100","grid-parent","grid-33"],"_links":{"self":[{"href":"https:\/\/swisstinychalet.ch\/neuch\/wp-json\/wp\/v2\/posts\/5888","targetHints":{"allow":["GET"]}}],"collection":[{"href":"https:\/\/swisstinychalet.ch\/neuch\/wp-json\/wp\/v2\/posts"}],"about":[{"href":"https:\/\/swisstinychalet.ch\/neuch\/wp-json\/wp\/v2\/types\/post"}],"author":[{"embeddable":true,"href":"https:\/\/swisstinychalet.ch\/neuch\/wp-json\/wp\/v2\/users\/7"}],"replies":[{"embeddable":true,"href":"https:\/\/swisstinychalet.ch\/neuch\/wp-json\/wp\/v2\/comments?post=5888"}],"version-history":[{"count":0,"href":"https:\/\/swisstinychalet.ch\/neuch\/wp-json\/wp\/v2\/posts\/5888\/revisions"}],"wp:attachment":[{"href":"https:\/\/swisstinychalet.ch\/neuch\/wp-json\/wp\/v2\/media?parent=5888"}],"wp:term":[{"taxonomy":"category","embeddable":true,"href":"https:\/\/swisstinychalet.ch\/neuch\/wp-json\/wp\/v2\/categories?post=5888"},{"taxonomy":"post_tag","embeddable":true,"href":"https:\/\/swisstinychalet.ch\/neuch\/wp-json\/wp\/v2\/tags?post=5888"}],"curies":[{"name":"wp","href":"https:\/\/api.w.org\/{rel}","templated":true}]}}