{"id":5895,"date":"2024-11-30T13:11:17","date_gmt":"2024-11-30T07:41:17","guid":{"rendered":"https:\/\/swisstinychalet.ch\/neuch\/decouvrez-comment-la-location-de-vaisselle-reutilisable-peut-transformer-vos-evenements-en-un-instant"},"modified":"2024-12-01T16:19:36","modified_gmt":"2024-12-01T10:49:36","slug":"decouvrez-comment-la-location-de-vaisselle-reutilisable-peut-transformer-vos-evenements-en-un-instant","status":"publish","type":"post","link":"https:\/\/swisstinychalet.ch\/neuch\/decouvrez-comment-la-location-de-vaisselle-reutilisable-peut-transformer-vos-evenements-en-un-instant","title":{"rendered":"D\u00e9couvrez comment la location de vaisselle r\u00e9utilisable peut transformer vos \u00e9v\u00e9nements en un instant !"},"content":{"rendered":"\n\n<h2 class=\"wp-block-heading\">Dynamisez Vos \u00c9v\u00e9nements avec la Location de Vaisselle R\u00e9utilisable !<\/h2>\n\n\n<p>        Organiser un \u00e9v\u00e9nement peut \u00eatre une t\u00e2che d\u00e9licate, mais gr\u00e2ce \u00e0 la <strong>location de vaisselle r\u00e9utilisable<\/strong>, cela devient un jeu d&#8217;enfant ! En opting pour cette solution, vous faites un geste pour la plan\u00e8te tout en ajoutant une touche d&#8217;\u00e9l\u00e9gance \u00e0 vos r\u00e9ceptions. Finis les d\u00e9chets avec la vaisselle jetable, et place \u00e0 des <strong>r\u00e9ceptions \u00e9coresponsables<\/strong> ! Que ce soit pour un anniversaire, un mariage ou une c\u00e9l\u00e9bration, louer de la vaisselle chr\u00e9tienne va transformer votre \u00e9v\u00e9nement en un moment inoubliable. Imaginez des invit\u00e9s ravis de d\u00e9guster leurs plats dans de la vaisselle de qualit\u00e9, et vous, organisateur, soulag\u00e9 par le <strong>gain de temps<\/strong> et l&#8217;absence de nettoyage fastidieux. C&#8217;est simple, pratique, et surtout, cela donne du style \u00e0 vos r\u00e9ception !<\/p>\n\n\n<figure class=\"wp-block-embed is-type-video is-provider-youtube wp-block-embed-youtube wp-embed-aspect-16-9 wp-has-aspect-ratio\">\n<div class=\"wp-block-embed__wrapper\">\n<iframe title=\"Lave-vaisselle : Comment \u00e9viter les traces sur votre vaisselle ?\" width=\"1200\" height=\"675\" src=\"https:\/\/www.youtube-nocookie.com\/embed\/PoPTZ5Sk7Cg?feature=oembed\" frameborder=\"0\" allow=\"accelerometer; autoplay; clipboard-write; encrypted-media; gyroscope; picture-in-picture; web-share\" referrerpolicy=\"strict-origin-when-cross-origin\" allowfullscreen><\/iframe>\n<\/div>\n<\/figure>\n\n\n\n<h2 class=\"wp-block-heading\">Transformez vos \u00e9v\u00e9nements avec la vaisselle r\u00e9utilisable<\/h2>\n\n\n<p>La fa\u00e7on dont nous organisons nos \u00e9v\u00e9nements refl\u00e8te souvent notre engagement envers l&#8217;environnement et notre cr\u00e9ativit\u00e9. Pourquoi ne pas allier l&#8217;esth\u00e9tique \u00e0 l&#8217;\u00e9coresponsabilit\u00e9 ? La <strong>location de vaisselle r\u00e9utilisable<\/strong> s&#8217;impose comme une solution qui m\u00e9rite d&#8217;\u00eatre envisag\u00e9e. Imaginez des tables \u00e9l\u00e9gamment dress\u00e9es, o\u00f9 les assiettes et les verres ne sont pas seulement beaux, mais aussi respectueux de notre plan\u00e8te.<\/p>\n\n\n<h2 class=\"wp-block-heading\">Comment la location de vaisselle fonctionne-t-elle ?<\/h2>\n\n\n<p>L&#8217;optique de louer votre vaisselle cr\u00e9e une dynamique nouvelle pour vos r\u00e9ceptions. Pour une f\u00eate d&#8217;anniversaire, un mariage ou tout autre \u00e9v\u00e9nement marquant, s\u00e9lectionner des pi\u00e8ces en <strong>vaisselle r\u00e9utilisable<\/strong> participe \u00e0 la r\u00e9duction des d\u00e9chets. En effet, au lieu de jeter tout apr\u00e8s l&#8217;\u00e9v\u00e9nement, vous favorisez une consommation responsable. Des entreprises sp\u00e9cialis\u00e9es mettent \u00e0 disposition une large gamme de produits : assiettes, couverts, verres et bien plus encore. Au lieu de vous soucier de la vaisselle jetable, concentrez-vous sur l&#8217;organisation et l&#8217;ambiance de votre c\u00e9l\u00e9bration.<\/p>\n\n\n<h2 class=\"wp-block-heading\">\u00c9conomie et engagement \u00e9cologique<\/h2>\n\n\n<p>Louer de la vaisselle peut \u00eatre per\u00e7u comme un surco\u00fbt, mais c&#8217;est souvent une <strong>d\u00e9cision strat\u00e9gique<\/strong> pour votre budget. Les formules de location sont vari\u00e9es et souvent adapt\u00e9es \u00e0 vos besoins sp\u00e9cifiques. En engageant une entreprise sp\u00e9cialis\u00e9e, vous n&#8217;achetez pas seulement de la vaisselle, vous investissez dans un choix durable. En ce sens, la <strong>location de vaisselle<\/strong> devient un moyen d\u2019allier plaisir et conscience \u00e9cologique.<\/p>\n\n\n<h2 class=\"wp-block-heading\">Un choix qui change la donne<\/h2>\n\n\n<p>De plus, l&#8217;\u00e9lan vers des pratiques \u00e9coresponsables est de plus en plus souhait\u00e9 par les convives. Un \u00e9v\u00e9nement o\u00f9 la vaisselle est r\u00e9utilisable envoie clairement un message fort \u00e0 tous vos invit\u00e9s. Cela peut g\u00e9n\u00e9rer des discussions enrichissantes autour des choix durables et peut encourager d&#8217;autres \u00e0 suivre votre exemple. Gr\u00e2ce \u00e0 cela, vous pouvez transformer un simple repas en une exp\u00e9rience m\u00e9morable, o\u00f9 chaque d\u00e9tail est soign\u00e9.<\/p>\n\n\n<h2 class=\"wp-block-heading\">Facilitez l\u2019organisation de vos r\u00e9ceptions<\/h2>\n\n\n<p>Organiser une r\u00e9ception peut rapidement devenir un casse-t\u00eate. En int\u00e9grant la location de vaisselle dans votre planification, vous simplifiez grandement le processus. Imaginez tout le temps gagn\u00e9, sans la contrainte de devoir laver ou ranger des dizaines de pi\u00e8ces apr\u00e8s la f\u00eate. Une entreprise de location prend en charge la logistique, rendant votre \u00e9v\u00e9nement aussi amusant qu&#8217;il devrait l&#8217;\u00eatre. En un clin d&#8217;\u0153il, vous vous retrouvez avec une table pr\u00eate et \u00e9l\u00e9gante, pr\u00eate \u00e0 \u00e9pater vos invit\u00e9s.<\/p>\n\n\n<h2 class=\"wp-block-heading\">Vers une meilleure consommation<\/h2>\n\n\n<p>Adopter la location de vaisselle r\u00e9utilisable change \u00e9galement notre vision de la consommation. \u00c0 une \u00e9poque o\u00f9 le plastique jetable est en d\u00e9clin, cette option fait preuve d&#8217;innovation et d&#8217;engagement. Les clients recherchent de plus en plus des solutions qui allient style et conscience \u00e9cologique. En r\u00e9sum\u00e9, louer de la vaisselle n&#8217;est pas qu&#8217;une tendance mais une v\u00e9ritable <strong>r\u00e9volution<\/strong> dans la mani\u00e8re de recevoir.<br>La location de vaisselle r\u00e9utilisable, c&#8217;est plus qu&#8217;une alternative, c&#8217;est une transformation strat\u00e9gique pour vos \u00e9v\u00e9nements qui affiche votre sensibilit\u00e9 \u00e0 l&#8217;\u00e9cologie tout en cr\u00e9ant des moments inoubliables et esth\u00e9tiques. Pour obtenir plus d&#8217;informations et d\u00e9couvrir des options adapt\u00e9es, visitez les ressources disponibles en ligne.<\/p>\n\n\n\n<h2 class=\"wp-block-heading\">Optimisez vos \u00e9v\u00e9nements avec la location de vaisselle r\u00e9utilisable<\/h2>\n\n\n<figure class=\"wp-block-table\">\n<table>\n<tbody>\n<tr>\n<td>\ud83c\udf7d\ufe0f<\/td>\n<td><strong>Pourquoi louer de la vaisselle ?<\/strong> <br>Louer de la vaisselle pour vos \u00e9v\u00e9nements, c&#8217;est choisir une solution pratique, \u00e9conomique et respectueuse de l&#8217;environnement.<\/td>\n<\/tr>\n<tr>\n<td>\ud83c\udf89<\/td>\n<td><strong>Organisateurs en action<\/strong> <br>Que vous soyez organisateur d&#8217;\u00e9v\u00e9nements ou restaurateur, r\u00e9duire les d\u00e9chets est essentiel, et la location de vaisselle r\u00e9utilisable est la cl\u00e9.<\/td>\n<\/tr>\n<tr>\n<td>\ud83d\udcb0<\/td>\n<td><strong>Co\u00fbt de la location<\/strong> <br>Renseignez-vous sur les diff\u00e9rentes formules de location qui s&#8217;adaptent \u00e0 vos besoins, que ce soit pour un mariage ou une f\u00eate d&#8217;anniversaire.<\/td>\n<\/tr>\n<tr>\n<td>\ud83c\udf31<\/td>\n<td><strong>\u00c9v\u00e9nements durables<\/strong> <br>D\u00e9couvrez comment une bonne planification et la vaisselle r\u00e9utilisable contribuent \u00e0 des \u00e9v\u00e9nements plus respectueux de l&#8217;environnement.<\/td>\n<\/tr>\n<tr>\n<td>\u2728<\/td>\n<td><strong>Transformez vos r\u00e9ceptions<\/strong> <br>Profitez d&#8217;une vaisselle \u00e9l\u00e9gante tout en \u00e9vitant les tracas de la vaisselle jetable, le choix id\u00e9al pour impressionner vos invit\u00e9s.<\/td>\n<\/tr>\n<tr>\n<td>\ud83d\udc4f<\/td>\n<td><strong>Fini le plastique jetable<\/strong> <br>Les nouvelles lois incitent \u00e0 abandonner le plastique jetable, rejoignez le mouvement pour un monde plus vert.<\/td>\n<\/tr>\n<\/tbody>\n<\/table>\n<\/figure>\n","protected":false},"excerpt":{"rendered":"","protected":false},"author":7,"featured_media":0,"comment_status":"open","ping_status":"close","sticky":false,"template":"","format":"standard","meta":{"_seopress_robots_primary_cat":"","_seopress_titles_title":"","_seopress_titles_desc":"","_seopress_robots_index":"","footnotes":""},"categories":[1545],"tags":[],"class_list":["post-5895","post","type-post","status-publish","format-standard","hentry","category-neuchcup-fr","generate-columns","tablet-grid-50","mobile-grid-100","grid-parent","grid-33"],"_links":{"self":[{"href":"https:\/\/swisstinychalet.ch\/neuch\/wp-json\/wp\/v2\/posts\/5895","targetHints":{"allow":["GET"]}}],"collection":[{"href":"https:\/\/swisstinychalet.ch\/neuch\/wp-json\/wp\/v2\/posts"}],"about":[{"href":"https:\/\/swisstinychalet.ch\/neuch\/wp-json\/wp\/v2\/types\/post"}],"author":[{"embeddable":true,"href":"https:\/\/swisstinychalet.ch\/neuch\/wp-json\/wp\/v2\/users\/7"}],"replies":[{"embeddable":true,"href":"https:\/\/swisstinychalet.ch\/neuch\/wp-json\/wp\/v2\/comments?post=5895"}],"version-history":[{"count":0,"href":"https:\/\/swisstinychalet.ch\/neuch\/wp-json\/wp\/v2\/posts\/5895\/revisions"}],"wp:attachment":[{"href":"https:\/\/swisstinychalet.ch\/neuch\/wp-json\/wp\/v2\/media?parent=5895"}],"wp:term":[{"taxonomy":"category","embeddable":true,"href":"https:\/\/swisstinychalet.ch\/neuch\/wp-json\/wp\/v2\/categories?post=5895"},{"taxonomy":"post_tag","embeddable":true,"href":"https:\/\/swisstinychalet.ch\/neuch\/wp-json\/wp\/v2\/tags?post=5895"}],"curies":[{"name":"wp","href":"https:\/\/api.w.org\/{rel}","templated":true}]}}