{"id":5903,"date":"2024-11-30T13:15:32","date_gmt":"2024-11-30T07:45:32","guid":{"rendered":"https:\/\/swisstinychalet.ch\/neuch\/decouvrez-lincroyable-solution-vaisselle-reutilisable-qui-transforme-neuchatel"},"modified":"2024-12-01T16:23:47","modified_gmt":"2024-12-01T10:53:47","slug":"decouvrez-lincroyable-solution-vaisselle-reutilisable-qui-transforme-neuchatel","status":"publish","type":"post","link":"https:\/\/swisstinychalet.ch\/neuch\/decouvrez-lincroyable-solution-vaisselle-reutilisable-qui-transforme-neuchatel","title":{"rendered":"D\u00e9couvrez l&#8217;incroyable solution vaisselle r\u00e9utilisable qui transforme Neuch\u00e2tel!"},"content":{"rendered":"\n\n<p>\u00c0 Neuch\u00e2tel, une <strong>r\u00e9volution \u00e9cologique<\/strong> est en marche gr\u00e2ce \u00e0 une <strong>solution de vaisselle r\u00e9utilisable<\/strong> qui focalise les efforts sur la r\u00e9duction des <strong>d\u00e9chats plastiques<\/strong>. En rempla\u00e7ant les contenants jetables par des alternatives <strong>durables<\/strong>, la ville s&#8217;engage \u00e0 promouvoir un style de vie plus <strong>\u00e9coresponsable<\/strong>. Les \u00e9v\u00e9nements publics, notamment, se transforment en v\u00e9ritables mod\u00e8les de <strong>durabilit\u00e9<\/strong>, permettant \u00e0 chacun de contribuer \u00e0 un avenir meilleur tout en profitant de moments conviviaux, sans culpabilit\u00e9. La mise \u00e0 disposition de gobelets et d&#8217;assiettes r\u00e9utilisables incite ainsi les restaurants et les organisateurs d&#8217;\u00e9v\u00e9nements \u00e0 adopter des pratiques respectueuses de notre <strong>environnement<\/strong>.<\/p>\n\n\n<figure class=\"wp-block-embed is-type-video is-provider-youtube wp-block-embed-youtube wp-embed-aspect-16-9 wp-has-aspect-ratio\">\n<div class=\"wp-block-embed__wrapper\">\n<iframe title=\"Rien ne se perd, tout se transforme : ils sont fous de la r\u00e9cup&#039; - Documentaire complet - KM\" width=\"1200\" height=\"675\" src=\"https:\/\/www.youtube-nocookie.com\/embed\/841GIGjoQT4?feature=oembed\" frameborder=\"0\" allow=\"accelerometer; autoplay; clipboard-write; encrypted-media; gyroscope; picture-in-picture; web-share\" referrerpolicy=\"strict-origin-when-cross-origin\" allowfullscreen><\/iframe>\n<\/div>\n<\/figure>\n\n\n\n<p>\u00c0 Neuch\u00e2tel, une r\u00e9volution discr\u00e8te s&#8217;op\u00e8re dans le domaine de la vaisselle. Avec une prise de conscience grandissante des enjeux environnementaux, les habitants se tournent vers la <strong>vaisselle r\u00e9utilisable<\/strong>. Cette tendance ne se limite pas \u00e0 un simple gadget, mais repr\u00e9sente un v\u00e9ritable changement de paradigme dans nos habitudes de consommation et d&#8217;\u00e9v\u00e9nements.<\/p>\n\n\n<h2 class=\"wp-block-heading\">Les innovations qui font la diff\u00e9rence<\/h2>\n\n\n<p>Le <strong>canton de Neuch\u00e2tel<\/strong> a mis en place des initiatives impressionnantes pour promouvoir l&#8217;utilisation de contenants durables. Alors que les gobelets jetables et autres produits en plastique ont \u00e9t\u00e9 bannis, l&#8217;accent est d\u00e9sormais mis sur la vaisselle que l&#8217;on peut utiliser et r\u00e9utiliser. Une invention locale pourrait rendre cette transition encore plus facile en simplifiant la logistique derri\u00e8re l&#8217;utilisation de ces produits. Les manifestations publiques se pr\u00e9parent ainsi avec des options \u00e9cologiques, r\u00e9duisant significativement les d\u00e9chets g\u00e9n\u00e9r\u00e9s.<\/p>\n\n\n<h2 class=\"wp-block-heading\">La location : une option s\u00e9duisante<\/h2>\n\n\n<p>L&#8217;id\u00e9e de louer de la <strong>vaisselle r\u00e9utilisable<\/strong> s&#8217;impose de plus en plus comme une solution pour les \u00e9v\u00e9nements. Imaginez ne pas avoir \u00e0 vous soucier de la vaisselle qui s&#8217;accumule apr\u00e8s une f\u00eate ! Avec un simple appel ou une commande en ligne, vous pouvez obtenir tout le n\u00e9cessaire &#8211; des assiettes aux gobelets &#8211; pour vos r\u00e9ceptions. Cette approche ne se contente pas de r\u00e9duire les d\u00e9chets, elle transforme \u00e9galement la mani\u00e8re dont nous envisageons nos rassemblements. Moins de stress, plus de fun ! Pour en savoir plus sur ces options pratiques, cliquez <a href=\"https:\/\/swisstinychalet.ch\/neuch\/vous-ne-croirez-jamais-a-la-verite-sur-la-vaisselle-en-location\">ici<\/a>.<\/p>\n\n\n<h2 class=\"wp-block-heading\">Un engagement collectif pour un avenir durable<\/h2>\n\n\n<p>Des initiatives aussi simples que la promo de gobelets r\u00e9utilisables peuvent changer la face des \u00e9v\u00e9nements. Non seulement ces mesures am\u00e9liorent l&#8217;exp\u00e9rience de tous, mais elles \u00e9duquent aussi les participants sur l\u2019importance de r\u00e9duire les <strong>d\u00e9bats plastiques<\/strong>. En participant \u00e0 cette d\u00e9marche, les citoyens de Neuch\u00e2tel montrent qu&#8217;il est possible de combiner plaisir et responsabilit\u00e9.<\/p>\n\n\n<h2 class=\"wp-block-heading\">Les b\u00e9n\u00e9fices de la vaisselle r\u00e9utilisable<\/h2>\n\n\n<p>Quand on s&#8217;attarde sur les avantages que procure l&#8217;utilisation de <strong>vaisselle r\u00e9utilisable<\/strong>, il est \u00e9vident que le gain est de taille. En plus de participer \u00e0 la r\u00e9duction des d\u00e9chets, cela permet \u00e9galement de faire des \u00e9conomies \u00e0 long terme. De nombreux restaurants, notamment ceux qui se sentent encore un peu \u00e0 la tra\u00eene, commencent \u00e0 adopter cette nouvelle philosophie. Les <strong>initiatives locales<\/strong> se multiplient, renfor\u00e7ant l&#8217;\u00e9lan collectif pour un futur plus vert.<\/p>\n\n\n<h2 class=\"wp-block-heading\">Comment organiser un \u00e9v\u00e9nement z\u00e9ro d\u00e9chet ?<\/h2>\n\n\n<p>Organiser une c\u00e9l\u00e9bration sans g\u00e9n\u00e9rer une montagne de d\u00e9chets, c&#8217;est possible. Des ressources existent pour aider \u00e0 structurer ces \u00e9v\u00e9nements de mani\u00e8re \u00e9coresponsable. D\u00e9couvrez les \u00e9tapes cl\u00e9s en consultant ce lien : <a href=\"https:\/\/swisstinychalet.ch\/neuch\/comment-organiser-un-evenement-zero-dechet\">ici<\/a> et lancez-vous dans l&#8217;aventure de la <strong>vaisselle durable<\/strong>.<\/p>\n\n\n<h2 class=\"wp-block-heading\">Rejoignez le mouvement \u00e0 Neuch\u00e2tel<\/h2>\n\n\n<p>La <strong>vaisselle r\u00e9utilisable<\/strong> est bien plus qu&#8217;une simple tendance ; c&#8217;est r\u00e9ellement une mani\u00e8re de repenser notre rapport \u00e0 la consommation. Le chemin vers une Neuch\u00e2tel plus verte est \u00e0 port\u00e9e de main. Si vous souhaitez explorer davantage ce que cette ville propose en mati\u00e8re d&#8217;\u00e9cologie, venez jeter un \u0153il \u00e0 ce qui se fait localement : <a href=\"https:\/\/swisstinychalet.ch\/neuch\/decouvrez-pourquoi-les-gobelets-reutilisables-en-suisse-vont-revolutionner-votre-quotidien\">ici<\/a>.<\/p>\n\n\n\n<h2 class=\"wp-block-heading\">Boostons l&#8217;usage de la vaisselle r\u00e9utilisable !<\/h2>\n\n\n<figure class=\"wp-block-table\">\n<table>\n<tbody>\n<tr>\n<td>\u267b\ufe0f<\/td>\n<td><strong>Innovation<\/strong> pour faciliter l\u2019usage de la vaisselle r\u00e9utilisable lors des \u00e9v\u00e9nements.<\/td>\n<\/tr>\n<tr>\n<td>\ud83c\udf7d\ufe0f<\/td>\n<td>Des restaurants <strong>encore \u00e0 la tra\u00eene<\/strong> sur l\u2019utilisation des contenants jetables.<\/td>\n<\/tr>\n<tr>\n<td>\ud83c\udf0d<\/td>\n<td>Neuch\u00e2tel <strong>acc\u00e9l\u00e8re<\/strong> ses efforts pour promouvoir la vaisselle recyclables.<\/td>\n<\/tr>\n<tr>\n<td>\ud83c\udf89<\/td>\n<td>Proposition d\u2019une <strong>vaisselle \u00e9v\u00e9nementielle<\/strong> incluant divers types de gobelets et d\u2019assiettes.<\/td>\n<\/tr>\n<tr>\n<td>\ud83d\udeab<\/td>\n<td>Le canton de Neuch\u00e2tel <strong>bannit<\/strong> les produits plastiques jetables.<\/td>\n<\/tr>\n<tr>\n<td>\ud83c\udf31<\/td>\n<td>Utiliser la vaisselle r\u00e9utilisable pour <strong>r\u00e9duire les d\u00e9chets plastiques<\/strong>.<\/td>\n<\/tr>\n<tr>\n<td>\ud83d\udcdd<\/td>\n<td>La vaisselle r\u00e9utilisable doit \u00eatre <strong>r\u00e9utilis\u00e9e au moins cinq fois<\/strong> pour \u00eatre \u00e9co-logique.<\/td>\n<\/tr>\n<tr>\n<td>\ud83d\udd04<\/td>\n<td>D\u00e9couvrez comment la <strong>location de vaisselle\u00bb<\/strong> peut transformer vos \u00e9v\u00e9nements.<\/td>\n<\/tr>\n<tr>\n<td>\ud83c\udf7b<\/td>\n<td>Les gobelets <strong>r\u00e9utilisables en Suisse<\/strong> sont sur le point de devenir une norme.<\/td>\n<\/tr>\n<\/tbody>\n<\/table>\n<\/figure>\n","protected":false},"excerpt":{"rendered":"","protected":false},"author":7,"featured_media":0,"comment_status":"open","ping_status":"close","sticky":false,"template":"","format":"standard","meta":{"_seopress_robots_primary_cat":"","_seopress_titles_title":"","_seopress_titles_desc":"","_seopress_robots_index":"","footnotes":""},"categories":[1545],"tags":[],"class_list":["post-5903","post","type-post","status-publish","format-standard","hentry","category-neuchcup-fr","generate-columns","tablet-grid-50","mobile-grid-100","grid-parent","grid-33"],"_links":{"self":[{"href":"https:\/\/swisstinychalet.ch\/neuch\/wp-json\/wp\/v2\/posts\/5903","targetHints":{"allow":["GET"]}}],"collection":[{"href":"https:\/\/swisstinychalet.ch\/neuch\/wp-json\/wp\/v2\/posts"}],"about":[{"href":"https:\/\/swisstinychalet.ch\/neuch\/wp-json\/wp\/v2\/types\/post"}],"author":[{"embeddable":true,"href":"https:\/\/swisstinychalet.ch\/neuch\/wp-json\/wp\/v2\/users\/7"}],"replies":[{"embeddable":true,"href":"https:\/\/swisstinychalet.ch\/neuch\/wp-json\/wp\/v2\/comments?post=5903"}],"version-history":[{"count":0,"href":"https:\/\/swisstinychalet.ch\/neuch\/wp-json\/wp\/v2\/posts\/5903\/revisions"}],"wp:attachment":[{"href":"https:\/\/swisstinychalet.ch\/neuch\/wp-json\/wp\/v2\/media?parent=5903"}],"wp:term":[{"taxonomy":"category","embeddable":true,"href":"https:\/\/swisstinychalet.ch\/neuch\/wp-json\/wp\/v2\/categories?post=5903"},{"taxonomy":"post_tag","embeddable":true,"href":"https:\/\/swisstinychalet.ch\/neuch\/wp-json\/wp\/v2\/tags?post=5903"}],"curies":[{"name":"wp","href":"https:\/\/api.w.org\/{rel}","templated":true}]}}