{"id":5906,"date":"2024-11-30T13:17:28","date_gmt":"2024-11-30T07:47:28","guid":{"rendered":"https:\/\/swisstinychalet.ch\/neuch\/decouvrez-le-gobelet-reutilisable-personnalise-qui-va-revolutionner-vos-pauses-cafe-en-suisse"},"modified":"2024-12-01T16:26:48","modified_gmt":"2024-12-01T10:56:48","slug":"decouvrez-le-gobelet-reutilisable-personnalise-qui-va-revolutionner-vos-pauses-cafe-en-suisse","status":"publish","type":"post","link":"https:\/\/swisstinychalet.ch\/neuch\/decouvrez-le-gobelet-reutilisable-personnalise-qui-va-revolutionner-vos-pauses-cafe-en-suisse","title":{"rendered":"D\u00e9couvrez le gobelet r\u00e9utilisable personnalis\u00e9 qui va r\u00e9volutionner vos pauses caf\u00e9 en Suisse !"},"content":{"rendered":"\n\n<p>            Imaginez un monde o\u00f9 chaque pause caf\u00e9 est \u00e0 la fois pratique et <strong>\u00e9cologique<\/strong> ! Le gobelet r\u00e9utilisable personnalis\u00e9 fait son apparition pour transformer vos moments de d\u00e9tente. En choisissant de personnaliser votre gobelet avec votre <strong>nom<\/strong> ou votre <strong>logo<\/strong>, vous ajoutez une touche unique \u00e0 vos pauses tout en r\u00e9duisant les d\u00e9chets. Ce gobelet, non seulement \u00e9l\u00e9gant, est con\u00e7u pour r\u00e9sister aux <strong>hautes temp\u00e9ratures<\/strong>, le rendant parfait pour vos <strong>boissons chaudes<\/strong>. Fabriqu\u00e9s localement, ces gobelets sont <strong>recyclables<\/strong> et contribuent \u00e0 un avenir plus <strong>durable<\/strong>. Profitez d&#8217;une boisson chaude tout en faisant un geste positif pour notre <strong>plan\u00e8te<\/strong> !<\/p>\n\n\n<figure class=\"wp-block-embed is-type-video is-provider-youtube wp-block-embed-youtube wp-embed-aspect-16-9 wp-has-aspect-ratio\">\n<div class=\"wp-block-embed__wrapper\">\n<iframe title=\"Gobelet rigide r\u00e9utilisable 33 cl | Fabriqu\u00e9 en France, sans BPA | Micro-ondes et lave-vaisselle\" width=\"1200\" height=\"675\" src=\"https:\/\/www.youtube-nocookie.com\/embed\/g9cDZQah8do?feature=oembed\" frameborder=\"0\" allow=\"accelerometer; autoplay; clipboard-write; encrypted-media; gyroscope; picture-in-picture; web-share\" referrerpolicy=\"strict-origin-when-cross-origin\" allowfullscreen><\/iframe>\n<\/div>\n<\/figure>\n\n\n\n<p>Vous \u00eates \u00e0 la recherche d&#8217;une fa\u00e7on unique de dynamiser vos pauses caf\u00e9 ? Ce gobelet r\u00e9utilisable et personnalis\u00e9 pourrait bien devenir votre nouvel alli\u00e9. Fabriqu\u00e9 pour durer, il allie \u00e0 la fois style et fonctionnalit\u00e9, tout en apportant un c\u00f4t\u00e9 \u00e9coresponsable \u00e0 votre quotidien. Imaginez d\u00e9guster votre boisson chaude pr\u00e9f\u00e9r\u00e9e dans un gobelet qui vous ressemble, tout en r\u00e9duisant votre empreinte \u00e9cologique. C&#8217;est non seulement une tendance, mais un v\u00e9ritable engagement pour notre plan\u00e8te.<\/p>\n\n\n<h2 class=\"wp-block-heading\">Une personnalisation \u00e0 votre image<\/h2>\n\n\n<p>Le grand avantage de ces gobelets fabriqu\u00e9s en France est la possibilit\u00e9 d\u2019ajouter votre pr\u00e9nom ou le nom de vos coll\u00e8gues, donnant ainsi une touche personnelle \u00e0 chaque effet. Non seulement vous aurez un gobelet qui vous repr\u00e9sente, mais cela peut \u00e9galement renforcer l\u2019esprit d\u2019\u00e9quipe lors de vos pauses. Que ce soit pour un <strong>\u00e9v\u00e9nement d\u2019entreprise<\/strong> ou pour un usage quotidien, ces gobelets sont con\u00e7us pour s\u2019adapter \u00e0 tous vos besoins.<\/p>\n\n\n<h2 class=\"wp-block-heading\">\u00c9conomie et \u00e9cologie : un duo gagnant<\/h2>\n\n\n<p>Opter pour des gobelets r\u00e9utilisables signifie \u00e9galement faire un choix judicieux pour votre budget. Entre l\u2019achat \u00e0 l\u2019unit\u00e9 de gobelets jetables et la possibilit\u00e9 de louer ou d&#8217;acheter des gobelets r\u00e9utilisables, la diff\u00e9rence se traduit non seulement par des \u00e9conomies, mais aussi par une contribution significative \u00e0 la r\u00e9duction des d\u00e9chets. Vous pouvez demander votre devis gratuitement et choisir entre diff\u00e9rentes options de personnalisation et de gammes, adapt\u00e9es \u00e0 chaque occasion.<\/p>\n\n\n<h2 class=\"wp-block-heading\">Un choix responsable pour tous vos \u00e9v\u00e9nements<\/h2>\n\n\n<p>Utiliser un gobelet r\u00e9utilisable, c&#8217;est faire un pas vers un avenir plus durable. Que ce soit pour un anniversaire, un mariage, ou simplement une pause caf\u00e9 au bureau, les gobelets personnalisables s\u2019int\u00e8grent parfaitement dans chaque contexte. Au lieu de remplir les poubelles avec du plastique jetable, imaginez une soir\u00e9e o\u00f9 chaque participant utilise son propre gobelet unique. Pour savoir comment ces gobelets peuvent transformer votre \u00e9v\u00e9nement, consultez cet <a href=\"https:\/\/swisstinychalet.ch\/neuch\/decouvrez-pourquoi-la-location-de-gobelets-reutilisables-pourrait-revolutionner-votre-evenement\">article<\/a>.<\/p>\n\n\n<h2 class=\"wp-block-heading\">Pratiques et faciles \u00e0 nettoyer<\/h2>\n\n\n<p>\u00c0 l\u2019heure du m\u00e9nage, pas de panique concernant l\u2019entretien de ces gobelets. Laver vos \u00e9cocups est un jeu d\u2019enfant ! <a href=\"https:\/\/swisstinychalet.ch\/neuch\/vous-ne-croirez-jamais-comment-nettoyer-votre-ecocup-en-un-clin-d-oeil\">D\u00e9couvrez ici<\/a><\/p>\n\n\n<h2 class=\"wp-block-heading\">Un engagement \u00e0 partager<\/h2>\n\n\n<p>Choisir un gobelet r\u00e9utilisable, c&#8217;est aussi faire passer un message \u00e0 votre entourage et \u00e0 vos coll\u00e8gues. Ce geste souvent consid\u00e9r\u00e9 comme insignifiant peut, en r\u00e9alit\u00e9, inspirer d&#8217;autres \u00e0 suivre votre exemple. Sensibilisez vos proches \u00e0 l\u2019importance de r\u00e9duire les d\u00e9chets et adoptez une d\u00e9marche collective pour un environnement plus sain. Pour approfondir ce sujet, ne manquez pas cet <a href=\"https:\/\/swisstinychalet.ch\/neuch\/decouvrez-pourquoi-la-vaisselle-reutilisable-va-changer-votre-facon-de-manger-pour-toujours\">article<\/a> passionnant sur les b\u00e9n\u00e9fices de la vaisselle r\u00e9utilisable.<\/p>\n\n\n\n<h2 class=\"wp-block-heading\">D\u00e9couvrez les Avantages des Gobelets R\u00e9utilisables!<\/h2>\n\n\n<figure class=\"wp-block-table\">\n<table>\n<tbody>\n<tr>\n<td>\ud83c\udf0d<\/td>\n<td><strong>\u00c9cologique :<\/strong> R\u00e9duction des d\u00e9chets plastiques et impact positif sur l&#8217;environnement.<\/td>\n<\/tr>\n<tr>\n<td>\ud83d\udcbc<\/td>\n<td><strong>Personnalisable :<\/strong> Ajoutez le pr\u00e9nom de vos collaborateurs ou logo de votre entreprise.<\/td>\n<\/tr>\n<tr>\n<td>\u2615<\/td>\n<td><strong>Pratique :<\/strong> Id\u00e9al pour le caf\u00e9 ou toutes vos boissons chaudes, sans risquer de se br\u00fbler.<\/td>\n<\/tr>\n<tr>\n<td>\ud83c\udf89<\/td>\n<td><strong>Id\u00e9al pour les \u00c9v\u00e9nements :<\/strong> Faites sensation lors de mariages, anniversaires ou autres c\u00e9l\u00e9brations.<\/td>\n<\/tr>\n<tr>\n<td>\ud83d\udc4d<\/td>\n<td><strong>Flexible :<\/strong> Options d&#8217;achat ou de location pour r\u00e9pondre \u00e0 vos besoins sp\u00e9cifiques.<\/td>\n<\/tr>\n<tr>\n<td>\ud83c\udfed<\/td>\n<td><strong>Fabrication Locale :<\/strong> Gobelets fabriqu\u00e9s en France, pour soutenir l&#8217;\u00e9conomie locale.<\/td>\n<\/tr>\n<tr>\n<td>\ud83d\udca7<\/td>\n<td><strong>Facile \u00e0 Nettoyer :<\/strong> Gardez vos gobelets comme neufs avec un lavage adapt\u00e9.<\/td>\n<\/tr>\n<\/tbody>\n<\/table>\n<\/figure>\n","protected":false},"excerpt":{"rendered":"","protected":false},"author":7,"featured_media":0,"comment_status":"open","ping_status":"close","sticky":false,"template":"","format":"standard","meta":{"_seopress_robots_primary_cat":"","_seopress_titles_title":"","_seopress_titles_desc":"","_seopress_robots_index":"","footnotes":""},"categories":[1545],"tags":[],"class_list":["post-5906","post","type-post","status-publish","format-standard","hentry","category-neuchcup-fr","generate-columns","tablet-grid-50","mobile-grid-100","grid-parent","grid-33"],"_links":{"self":[{"href":"https:\/\/swisstinychalet.ch\/neuch\/wp-json\/wp\/v2\/posts\/5906","targetHints":{"allow":["GET"]}}],"collection":[{"href":"https:\/\/swisstinychalet.ch\/neuch\/wp-json\/wp\/v2\/posts"}],"about":[{"href":"https:\/\/swisstinychalet.ch\/neuch\/wp-json\/wp\/v2\/types\/post"}],"author":[{"embeddable":true,"href":"https:\/\/swisstinychalet.ch\/neuch\/wp-json\/wp\/v2\/users\/7"}],"replies":[{"embeddable":true,"href":"https:\/\/swisstinychalet.ch\/neuch\/wp-json\/wp\/v2\/comments?post=5906"}],"version-history":[{"count":0,"href":"https:\/\/swisstinychalet.ch\/neuch\/wp-json\/wp\/v2\/posts\/5906\/revisions"}],"wp:attachment":[{"href":"https:\/\/swisstinychalet.ch\/neuch\/wp-json\/wp\/v2\/media?parent=5906"}],"wp:term":[{"taxonomy":"category","embeddable":true,"href":"https:\/\/swisstinychalet.ch\/neuch\/wp-json\/wp\/v2\/categories?post=5906"},{"taxonomy":"post_tag","embeddable":true,"href":"https:\/\/swisstinychalet.ch\/neuch\/wp-json\/wp\/v2\/tags?post=5906"}],"curies":[{"name":"wp","href":"https:\/\/api.w.org\/{rel}","templated":true}]}}