{"id":5908,"date":"2024-11-30T13:19:27","date_gmt":"2024-11-30T07:49:27","guid":{"rendered":"https:\/\/swisstinychalet.ch\/neuch\/decouvrez-pourquoi-la-cup-de-neuchatel-va-changer-votre-vie"},"modified":"2024-12-01T16:28:50","modified_gmt":"2024-12-01T10:58:50","slug":"decouvrez-pourquoi-la-cup-de-neuchatel-va-changer-votre-vie","status":"publish","type":"post","link":"https:\/\/swisstinychalet.ch\/neuch\/decouvrez-pourquoi-la-cup-de-neuchatel-va-changer-votre-vie","title":{"rendered":"D\u00e9couvrez pourquoi la cup de Neuch\u00e2tel va changer votre vie !"},"content":{"rendered":"\n\n<p>        Dans un monde o\u00f9 la <strong>durabilit\u00e9<\/strong> est de plus en plus essentielle, la <strong>cup de Neuch\u00e2tel<\/strong> se pr\u00e9sente comme une solution innovante pour r\u00e9duire les d\u00e9chets. Cette petite merveille offre une alternative pratique et \u00e9cologique aux produits jetables, tout en \u00e9tant facilement transportable. En l&#8217;adoptant, vous contribuez \u00e0 un avenir plus <strong>responsable<\/strong> et aidez \u00e0 pr\u00e9server notre belle plan\u00e8te. Que vous soyez en randonn\u00e9e, \u00e0 un festival ou simplement dans votre quotidien, la <strong>cup<\/strong> s&#8217;av\u00e8re \u00eatre l&#8217;alli\u00e9e parfaite pour allier confort et respect de l&#8217;environnement.<\/p>\n\n\n<figure class=\"wp-block-embed is-type-video is-provider-youtube wp-block-embed-youtube wp-embed-aspect-16-9 wp-has-aspect-ratio\">\n<div class=\"wp-block-embed__wrapper\">\n<iframe title=\"7 CONSEILS si tu cherches du travail en SUISSE!\ud83c\udde8\ud83c\udded\" width=\"1200\" height=\"675\" src=\"https:\/\/www.youtube-nocookie.com\/embed\/u3F330Aga50?feature=oembed\" frameborder=\"0\" allow=\"accelerometer; autoplay; clipboard-write; encrypted-media; gyroscope; picture-in-picture; web-share\" referrerpolicy=\"strict-origin-when-cross-origin\" allowfullscreen><\/iframe>\n<\/div>\n<\/figure>\n\n\n\n<h2 class=\"wp-block-heading\">La cup de Neuch\u00e2tel : un changement \u00e0 port\u00e9e de main<\/h2>\n\n\n<p>Le concept de durabilit\u00e9 et de respect de l\u2019environnement prend de plus en plus d\u2019importance dans nos vies. \u00c0 l\u2019heure o\u00f9 de nombreuses personnes cherchent des alternatives aux produits jetables, la <strong>cup de Neuch\u00e2tel<\/strong> \u00e9merge comme une solution \u00e0 la fois pratique et \u00e9coresponsable. Que se cache-t-il derri\u00e8re cet objet qui pourrait bien transformer votre quotidien ?<\/p>\n\n\n<h2 class=\"wp-block-heading\">Une alternative r\u00e9fl\u00e9chie<\/h2>\n\n\n<p>L\u2019utilisation de la cup repr\u00e9sente un choix \u00e9clair\u00e9 pour celles et ceux qui souhaitent avoir un impact positif sur notre environnement. Fini les d\u00e9chets plastiques accumul\u00e9s ! Avec la cup, vous optiez pour une solution r\u00e9utilisable qui, en plus de minimiser votre empreinte \u00e9cologique, vous permet d&#8217;\u00e9conomiser \u00e0 long terme. Autant de raisons qui devraient vous inciter \u00e0 faire le pas.<\/p>\n\n\n<h2 class=\"wp-block-heading\">Des fonctionnalit\u00e9s \u00e0 d\u00e9couvrir<\/h2>\n\n\n<p>Cette innovante cup offre une aisance d&#8217;utilisation incroyable. Elle est con\u00e7ue pour s&#8217;adapter \u00e0 votre quotidien, que ce soit au travail, \u00e0 la maison ou lors de vos sorties. La <strong>cup de Neuch\u00e2tel<\/strong> est facilement transportable et se range dans un petit espace, ce qui la rend pratique pour nos modes de vie modernes. De plus, avec son design soign\u00e9, elle s\u2019incorpore facilement \u00e0 votre routine.<\/p>\n\n\n<h2 class=\"wp-block-heading\">Un choix de qualit\u00e9<\/h2>\n\n\n<p>Produit localement, la <strong>cup de Neuch\u00e2tel<\/strong> est con\u00e7ue avec des mat\u00e9riaux de haute qualit\u00e9, garantissant durabilit\u00e9 et confort. Son association avec des pratiques durables participe \u00e0 une d\u00e9marche \u00e9thique que de plus en plus de consommateurs recherchent. En soutenant ce produit, vous choisissez \u00e9galement de contribuer \u00e0 l&#8217;\u00e9conomie locale et \u00e0 la cr\u00e9ation de solutions bas\u00e9es sur le respect de notre plan\u00e8te. <\/p>\n\n\n<h2 class=\"wp-block-heading\">Les bienfaits au-del\u00e0 d\u2019une vie durable<\/h2>\n\n\n<p>Au-del\u00e0 de la dimension \u00e9cologique, la cup de Neuch\u00e2tel am\u00e9liore \u00e9galement votre confort personnel. Sa capacit\u00e9 \u00e0 s\u2019adapter aux besoins individuels vous procure une libert\u00e9 in\u00e9gal\u00e9e. Ne plus s&#8217;inqui\u00e9ter de la recherche de points de collecte pour recycler les contenants plastiques, c\u2019est un soulagement non n\u00e9gligeable. <\/p>\n\n\n<h2 class=\"wp-block-heading\">Vers un avenir plus agr\u00e9able<\/h2>\n\n\n<p>Adopter la <strong>cup de Neuch\u00e2tel<\/strong> ne doit pas \u00eatre per\u00e7u comme une contrainte, mais plut\u00f4t comme une nouvelle opportunit\u00e9 d&#8217;adopter des comportements qui profitent \u00e0 la fois \u00e0 nous-m\u00eames et \u00e0 notre plan\u00e8te. Participer activement \u00e0 cette \u00e9volution n\u2019est pas seulement un engagement envers l\u2019environnement, c\u2019est aussi un moyen de prendre soin de soi au quotidien. <br>Une r\u00e9volution douce et efficace se profile \u00e0 l&#8217;horizon, et il n\u2019y a pas de meilleure mani\u00e8re de faire partie du changement que d&#8217;accueillir des innovations telles que la <strong>cup de Neuch\u00e2tel<\/strong> dans notre vie. Pr\u00eate \u00e0 faire le saut vers une routine plus durable tout en alliant confort et praticit\u00e9 ?<\/p>\n\n\n\n<h2 class=\"wp-block-heading\">D\u00e9couvertes \u00c9cologiques et Culturelles<\/h2>\n\n\n<figure class=\"wp-block-table\">\n<table>\n<tbody>\n<tr>\n<td>\ud83c\udf31<\/td>\n<td><strong>Production bio<\/strong> \u00e0 Cornaux : Eldora SA, un acteur incontournable en mati\u00e8re de champignons.<\/td>\n<\/tr>\n<tr>\n<td>\ud83c\udf89<\/td>\n<td>R\u00e9flexions sur <strong>la vie de parent<\/strong> d&#8217;aujourd&#8217;hui, entre d\u00e9fis et apprentissages.<\/td>\n<\/tr>\n<tr>\n<td>\ud83c\udf33<\/td>\n<td>Les <strong>jeunes<\/strong> en 2024 s&#8217;interrogent sur leur avenir et les conditions de travail actuelles.<\/td>\n<\/tr>\n<tr>\n<td>\ud83d\udee1\ufe0f<\/td>\n<td>D\u00e9cryptage sur le <strong>camp de Vikings<\/strong> en Bretagne : mythe ou r\u00e9alit\u00e9 fascinante ?<\/td>\n<\/tr>\n<tr>\n<td>\ud83c\udf44<\/td>\n<td>Explorez les diff\u00e9rentes <strong>esp\u00e8ces de champignons<\/strong> et leur mode de vie unique.<\/td>\n<\/tr>\n<tr>\n<td>\ud83d\udc75<\/td>\n<td>Les <strong>seniors<\/strong> et l&#8217;isolement : une \u00e9tude met en lumi\u00e8re des enjeux cruciaux.<\/td>\n<\/tr>\n<tr>\n<td>\u26bd<\/td>\n<td>Focus sur <strong>Neuch\u00e2tel Xamax<\/strong>, un club de football avec une riche histoire.<\/td>\n<\/tr>\n<tr>\n<td>\ud83c\udfb5<\/td>\n<td>La HEM, fusion entre <strong>musique<\/strong> et engagement soci\u00e9tal, \u00e0 la crois\u00e9e des chemins.<\/td>\n<\/tr>\n<tr>\n<td>\ud83c\udfa8<\/td>\n<td><strong>Panart<\/strong> Neuch\u00e2tel revient, c\u00e9l\u00e9brant l&#8217;art dans les rues de la ville !<\/td>\n<\/tr>\n<\/tbody>\n<\/table>\n<\/figure>\n","protected":false},"excerpt":{"rendered":"","protected":false},"author":7,"featured_media":6004,"comment_status":"open","ping_status":"close","sticky":false,"template":"","format":"standard","meta":{"_seopress_robots_primary_cat":"","_seopress_titles_title":"","_seopress_titles_desc":"","_seopress_robots_index":"","footnotes":""},"categories":[1545],"tags":[],"class_list":["post-5908","post","type-post","status-publish","format-standard","has-post-thumbnail","hentry","category-neuchcup-fr","generate-columns","tablet-grid-50","mobile-grid-100","grid-parent","grid-33"],"_links":{"self":[{"href":"https:\/\/swisstinychalet.ch\/neuch\/wp-json\/wp\/v2\/posts\/5908","targetHints":{"allow":["GET"]}}],"collection":[{"href":"https:\/\/swisstinychalet.ch\/neuch\/wp-json\/wp\/v2\/posts"}],"about":[{"href":"https:\/\/swisstinychalet.ch\/neuch\/wp-json\/wp\/v2\/types\/post"}],"author":[{"embeddable":true,"href":"https:\/\/swisstinychalet.ch\/neuch\/wp-json\/wp\/v2\/users\/7"}],"replies":[{"embeddable":true,"href":"https:\/\/swisstinychalet.ch\/neuch\/wp-json\/wp\/v2\/comments?post=5908"}],"version-history":[{"count":0,"href":"https:\/\/swisstinychalet.ch\/neuch\/wp-json\/wp\/v2\/posts\/5908\/revisions"}],"wp:featuredmedia":[{"embeddable":true,"href":"https:\/\/swisstinychalet.ch\/neuch\/wp-json\/wp\/v2\/media\/6004"}],"wp:attachment":[{"href":"https:\/\/swisstinychalet.ch\/neuch\/wp-json\/wp\/v2\/media?parent=5908"}],"wp:term":[{"taxonomy":"category","embeddable":true,"href":"https:\/\/swisstinychalet.ch\/neuch\/wp-json\/wp\/v2\/categories?post=5908"},{"taxonomy":"post_tag","embeddable":true,"href":"https:\/\/swisstinychalet.ch\/neuch\/wp-json\/wp\/v2\/tags?post=5908"}],"curies":[{"name":"wp","href":"https:\/\/api.w.org\/{rel}","templated":true}]}}