{"id":5919,"date":"2024-11-30T13:30:08","date_gmt":"2024-11-30T08:00:08","guid":{"rendered":"https:\/\/swisstinychalet.ch\/neuch\/decouvrez-pourquoi-le-gobelet-30-cl-pourrait-changer-votre-vie"},"modified":"2024-12-01T16:39:20","modified_gmt":"2024-12-01T11:09:20","slug":"decouvrez-pourquoi-le-gobelet-30-cl-pourrait-changer-votre-vie","status":"publish","type":"post","link":"https:\/\/swisstinychalet.ch\/neuch\/decouvrez-pourquoi-le-gobelet-30-cl-pourrait-changer-votre-vie","title":{"rendered":"D\u00e9couvrez pourquoi le gobelet 30 cl pourrait changer votre vie !"},"content":{"rendered":"\n\n<p>Avez-vous d\u00e9j\u00e0 pens\u00e9 \u00e0 la <strong>r\u00e9volution<\/strong> que peut apporter un simple <strong>gobelet de 30 cl<\/strong> dans votre quotidien ? Ce petit accessoire pratique ne se contente pas d&#8217;\u00eatre utile lors de vos <strong>pauses caf\u00e9<\/strong>; il est aussi un v\u00e9ritable acteur de la <strong>durabilit\u00e9 environnementale<\/strong>. En choisissant un gobelet r\u00e9utilisable, vous contribuez \u00e0 r\u00e9duire les d\u00e9chets plastique, tout en ajoutant une touche de style \u00e0 vos \u00e9v\u00e9nements ou \u00e0 vos pauses. Sa <strong>personnalisation<\/strong> vous permet de l&#8217;adapter \u00e0 votre marque ou \u00e0 une occasion sp\u00e9ciale, en devenant ainsi un excellent moyen de v\u00e9hiculer vos <strong>valeurs \u00e9cologiques<\/strong>. En somme, le gobelet de 30 cl ne fait pas que contenir vos boissons pr\u00e9f\u00e9r\u00e9es, il transforme aussi votre mani\u00e8re de consommer et de vous engager pour un avenir plus <strong>durable<\/strong>.<\/p>\n\n\n<figure class=\"wp-block-embed is-type-video is-provider-youtube wp-block-embed-youtube wp-embed-aspect-16-9 wp-has-aspect-ratio\">\n<div class=\"wp-block-embed__wrapper\">\nhttps:\/\/www.youtube.com\/watch?v=-yOF1HCzY88\n<\/div>\n<\/figure>\n\n\n\n<h2 class=\"wp-block-heading\">Une petite r\u00e9volution dans votre quotidien<\/h2>\n\n\n<p>Si vous pensiez que le gobelet \u00e9tait un simple outil pour siroter votre caf\u00e9 ou votre jus, d\u00e9trompez-vous ! Le <strong>gobelet 30 cl<\/strong>, ce complice discret de vos pauses, pourrait bien devenir l&#8217;accessoire indispensable de vos \u00e9v\u00e9nements. On ne parle pas seulement de r\u00e9duire les <strong>d\u00e9chets<\/strong>, mais aussi d\u2019am\u00e9liorer votre exp\u00e9rience quotidienne.<\/p>\n\n\n<h2 class=\"wp-block-heading\">Pourquoi choisir un gobelet r\u00e9utilisable ?<\/h2>\n\n\n<p>La tendance vers la durabilit\u00e9 prend de l&#8217;ampleur, et le gobelet r\u00e9utilisable en est un parfait exemple. En optant pour le <strong>gobelet 30 cl<\/strong>, vous dites adieu \u00e0 une multitude de <strong>gobelets jetables<\/strong> qui envahissent nos poubelles. En plus de son c\u00f4t\u00e9 \u00e9cologique, ce type de gobelet s\u2019av\u00e8re \u00e9conomique \u00e0 long terme. Sa long\u00e9vit\u00e9 et sa r\u00e9utilisabilit\u00e9 valent bien quelques euros suppl\u00e9mentaires au d\u00e9part !<\/p>\n\n\n<h2 class=\"wp-block-heading\">Un moyen astucieux de faire passer un message<\/h2>\n\n\n<p>Vous souhaitez faire conna\u00eetre votre entreprise ou mettre en avant un \u00e9v\u00e9nement particulier ? Le gobelet r\u00e9utilisable se pr\u00eate parfaitement \u00e0 la <strong>personnalisation<\/strong>. Pensez \u00e0 toutes ces occasions o\u00f9 un gobelet unique pourrait s\u00e9duire vos invit\u00e9s et promouvoir vos valeurs. Les gobelets personnalis\u00e9s deviennent alors de v\u00e9ritables ambassadeurs de votre image !<\/p>\n\n\n<h2 class=\"wp-block-heading\">Pratique pour toutes vos pauses<\/h2>\n\n\n<p>Que ce soit au boulot, lors d\u2019un festival, ou chez des amis, ce <strong>gobelet<\/strong> de 30 cl est id\u00e9al pour savourer vos boissons pr\u00e9f\u00e9r\u00e9es. Sa taille suffira \u00e0 vous d\u00e9salt\u00e9rer sans vous encombrer. En prime, il est souvent con\u00e7u pour ne pas d\u00e9former son contenu ni conserver les odeurs. Pratique, non ?<\/p>\n\n\n<h2 class=\"wp-block-heading\">Une r\u00e9duction des d\u00e9chets qui fait du bien \u00e0 la plan\u00e8te<\/h2>\n\n\n<p>En choisissant le gobelet 30 cl, vous participez activement \u00e0 un effort pour r\u00e9duire la <strong>pollution plastique<\/strong>. En effet, les gobelets jetables repr\u00e9sentent une \u00e9norme part des d\u00e9chets que nous produisons chaque ann\u00e9e. En adoptant une approche plus consciente, nous pouvons contribuer \u00e0 pr\u00e9server notre environnement.<\/p>\n\n\n<h2 class=\"wp-block-heading\">Faites le saut vers un meilleur choix<\/h2>\n\n\n<p>Si vous envisagez de faire la transition vers des options plus durables, pourquoi ne pas essayer la location de gobelets ? Cette formule innovante pourrait transformer vos \u00e9v\u00e9nements en les rendant plus responsables. N\u2019attendez plus pour d\u00e9couvrir comment cela peut changer votre approche des rassemblements ! Pour en savoir plus, visitez ce lien : <a href=\"https:\/\/swisstinychalet.ch\/neuch\/vous-ne-devinerez-jamais-pourquoi-louer-des-gobelets-reutilisables-peut-transformer-votre-evenement\">louer des gobelets r\u00e9utilisables<\/a>.<\/p>\n\n\n<h2 class=\"wp-block-heading\">L&#8217;accessoire \u00e0 ne pas n\u00e9gliger<\/h2>\n\n\n<p>En somme, le gobelet 30 cl n&#8217;est pas qu&#8217;un simple r\u00e9cipient. Il incarne des choix de consommation responsables qui pourraient avoir des r\u00e9percussions consid\u00e9rables sur notre avenir. Diff\u00e9rents designs, des options personnalisables, et une approche \u00e9cologique : ce simple objet va rapidement s\u2019inviter dans toutes vos habitudes. Pour comprendre leur impact, jetez un coup d\u2019\u0153il \u00e9galement ici : <a href=\"https:\/\/swisstinychalet.ch\/neuch\/decouvrez-lincroyable-solution-vaisselle-reutilisable-qui-transforme-neuchatel\">vaisselle r\u00e9utilisable<\/a>.<\/p>\n\n\n\n<h2 class=\"wp-block-heading\">Les Gobelets R\u00e9utilisables : Une Solution Pratique et \u00c9conomique \ud83c\udf31<\/h2>\n\n\n<figure class=\"wp-block-table\">\n<table>\n<tbody>\n<tr>\n<td>\ud83d\udcb0<\/td>\n<td><strong>\u00c9conomie :<\/strong> Le gobelet r\u00e9utilisable permet de r\u00e9aliser des \u00e9conomies sur le long terme, malgr\u00e9 un co\u00fbt initial un peu plus \u00e9lev\u00e9.<\/td>\n<\/tr>\n<tr>\n<td>\ud83c\udfa8<\/td>\n<td><strong>Personnalisation :<\/strong> Id\u00e9al pour donner une touche unique \u00e0 vos \u00e9v\u00e9nements, en affichant vos valeurs ou votre marque.<\/td>\n<\/tr>\n<tr>\n<td>\u267b\ufe0f<\/td>\n<td><strong>Durabilit\u00e9 :<\/strong> Contribue \u00e0 la r\u00e9duction des d\u00e9chets plastiques, un pas vers un avenir plus \u00e9cologique.<\/td>\n<\/tr>\n<tr>\n<td>\ud83d\udc54<\/td>\n<td><strong>Entreprise :<\/strong> Parfait pour les entreprises souhaitant adopter des pratiques plus durables et valoriser leur image.<\/td>\n<\/tr>\n<tr>\n<td>\ud83d\udeab<\/td>\n<td><strong>Impact environnemental :<\/strong> Limite la production de d\u00e9chets, une alternative aux gobelets jetables en plastique ou en carton.<\/td>\n<\/tr>\n<tr>\n<td>\ud83c\udf89<\/td>\n<td><strong>\u00c9v\u00e9nements :<\/strong> Un choix judicieux pour festivals et f\u00eates, alliant praticit\u00e9 et engagement \u00e9cologique.<\/td>\n<\/tr>\n<tr>\n<td>\ud83d\udd04<\/td>\n<td><strong>Reusabilit\u00e9 :<\/strong> Facile \u00e0 nettoyer et \u00e0 r\u00e9utiliser, ce qui en fait un accessoire indispensable pour les pauses caf\u00e9.<\/td>\n<\/tr>\n<\/tbody>\n<\/table>\n<\/figure>\n","protected":false},"excerpt":{"rendered":"","protected":false},"author":7,"featured_media":0,"comment_status":"open","ping_status":"close","sticky":false,"template":"","format":"standard","meta":{"_seopress_robots_primary_cat":"","_seopress_titles_title":"","_seopress_titles_desc":"","_seopress_robots_index":"","footnotes":""},"categories":[1545],"tags":[],"class_list":["post-5919","post","type-post","status-publish","format-standard","hentry","category-neuchcup-fr","generate-columns","tablet-grid-50","mobile-grid-100","grid-parent","grid-33"],"_links":{"self":[{"href":"https:\/\/swisstinychalet.ch\/neuch\/wp-json\/wp\/v2\/posts\/5919","targetHints":{"allow":["GET"]}}],"collection":[{"href":"https:\/\/swisstinychalet.ch\/neuch\/wp-json\/wp\/v2\/posts"}],"about":[{"href":"https:\/\/swisstinychalet.ch\/neuch\/wp-json\/wp\/v2\/types\/post"}],"author":[{"embeddable":true,"href":"https:\/\/swisstinychalet.ch\/neuch\/wp-json\/wp\/v2\/users\/7"}],"replies":[{"embeddable":true,"href":"https:\/\/swisstinychalet.ch\/neuch\/wp-json\/wp\/v2\/comments?post=5919"}],"version-history":[{"count":0,"href":"https:\/\/swisstinychalet.ch\/neuch\/wp-json\/wp\/v2\/posts\/5919\/revisions"}],"wp:attachment":[{"href":"https:\/\/swisstinychalet.ch\/neuch\/wp-json\/wp\/v2\/media?parent=5919"}],"wp:term":[{"taxonomy":"category","embeddable":true,"href":"https:\/\/swisstinychalet.ch\/neuch\/wp-json\/wp\/v2\/categories?post=5919"},{"taxonomy":"post_tag","embeddable":true,"href":"https:\/\/swisstinychalet.ch\/neuch\/wp-json\/wp\/v2\/tags?post=5919"}],"curies":[{"name":"wp","href":"https:\/\/api.w.org\/{rel}","templated":true}]}}