{"id":5982,"date":"2024-12-01T12:32:04","date_gmt":"2024-12-01T07:02:04","guid":{"rendered":"https:\/\/swisstinychalet.ch\/neuch\/initiatives-locales-dans-le-gard-pour-la-semaine-europeenne-de-la-reduction-des-dechets-2024"},"modified":"2024-12-01T12:32:04","modified_gmt":"2024-12-01T07:02:04","slug":"initiatives-locales-dans-le-gard-pour-la-semaine-europeenne-de-la-reduction-des-dechets-2024","status":"publish","type":"post","link":"https:\/\/swisstinychalet.ch\/neuch\/initiatives-locales-dans-le-gard-pour-la-semaine-europeenne-de-la-reduction-des-dechets-2024","title":{"rendered":"Initiatives locales dans le GARD pour la Semaine Europ\u00e9enne de la R\u00e9duction des D\u00e9chets 2024"},"content":{"rendered":"\n\n<p>Du <strong>16 au 24 novembre 2024<\/strong>, le GARD s&#8217;engage dans la <strong>Semaine Europ\u00e9enne de R\u00e9duction des D\u00e9chets<\/strong> avec un programme riche en <strong>initiatives locales<\/strong>. Le SICTOMU et ses partenaires proposeront de nombreuses <strong>activit\u00e9s<\/strong> visant \u00e0 sensibiliser les citoyens \u00e0 l&#8217;<strong>\u00e9cologie<\/strong> et \u00e0 la <strong>r\u00e9duction des d\u00e9chets<\/strong>. Parmi les moments forts, on retrouvera des <strong>collectes de jouets<\/strong>, des <strong>ateliers de compostage<\/strong>, des animations autour du <strong>z\u00e9ro d\u00e9chet<\/strong>, ainsi que des projections de films suivies de d\u00e9bats.<\/p>\n\n\n<p>Les habitants auront \u00e9galement l&#8217;occasion de participer \u00e0 un <strong>rallye photo<\/strong> sur le th\u00e8me de la <strong>r\u00e9duction du gaspillage alimentaire<\/strong>. L&#8217;\u00e9v\u00e9nement s&#8217;adresse \u00e0 tous et s&#8217;efforce de montrer l&#8217;importance des <strong>gestes \u00e9coresponsables<\/strong> au quotidien, tout en cr\u00e9ant des moments de partage et de convivialit\u00e9.<\/p>\n\n\n<figure class=\"wp-block-embed is-type-video is-provider-youtube wp-block-embed-youtube wp-embed-aspect-16-9 wp-has-aspect-ratio\">\n<div class=\"wp-block-embed__wrapper\">\n<iframe title=\"AG2R LA MONDIALE engag\u00e9 en faveur de la r\u00e9duction des d\u00e9chets lors de la #SERD \u267b\ufe0f\" width=\"1200\" height=\"675\" src=\"https:\/\/www.youtube-nocookie.com\/embed\/00bO0CEyxkM?feature=oembed\" frameborder=\"0\" allow=\"accelerometer; autoplay; clipboard-write; encrypted-media; gyroscope; picture-in-picture; web-share\" referrerpolicy=\"strict-origin-when-cross-origin\" allowfullscreen><\/iframe>\n<\/div>\n<\/figure>\n\n\n\n<p>La <strong>Semaine Europ\u00e9enne de R\u00e9duction des D\u00e9chets<\/strong> se profile \u00e0 l&#8217;horizon, et avec elle, une occasion unique de rassembler la communaut\u00e9 autour de l&#8217;\u00e9cologie et de la <strong>r\u00e9duction des d\u00e9chets<\/strong>. Pr\u00e9vue du 16 au 24 novembre 2024, cette initiative offre dans le <strong>GARD<\/strong> une panoplie d&#8217;activit\u00e9s et d&#8217;ateliers pour \u00e9veiller les consciences et encourager des pratiques plus durables.<\/p>\n\n\n<h2 class=\"wp-block-heading\">Un programme riche en activit\u00e9s<\/h2>\n\n\n<p>Les habitants de la r\u00e9gion auront le plaisir de choisir parmi une diversit\u00e9 d&#8217;activit\u00e9s, allant des collectes de jouets aux ateliers de <strong>compostage<\/strong>. Cette semaine se veut accessible \u00e0 tous et vise \u00e0 informer le public sur des actions \u00e9coresponsables qui s&#8217;inscrivent dans le quotidien de chacun.<\/p>\n\n\n<h2 class=\"wp-block-heading\">Des \u00e9v\u00e9nements phares \u00e0 ne pas manquer<\/h2>\n\n\n<p><strong>Le SICTOMU<\/strong>, accompagn\u00e9 de ses partenaires, a pr\u00e9vu plusieurs \u00e9v\u00e9nements marquants, dont :<\/p>\n\n\n<ul class=\"wp-block-list\">\n\n<li><a href=\"https:\/\/sictomu.fr\/participez-au-rallye-photo-de-la-serd-2024\/\">Rallye photo \u00ab Manger mieux, gaspiller moins \u00bb<\/a>: lanc\u00e9 le 28 octobre, ce concours photo invite les passionn\u00e9s \u00e0 capturer des moments illustrant la <strong>r\u00e9duction du gaspillage alimentaire<\/strong>. Les meilleures photographies seront r\u00e9compens\u00e9es par des prix attrayants.<\/li>\n\n\n<li>Collecte solidaire de jouets: baptis\u00e9e \u00ab Laisse Parler Ton C\u0153ur \u00bb, cette collecte aura lieu du 16 au 24 novembre. Les jouets collect\u00e9s seront tri\u00e9s et distribu\u00e9s \u00e0 des familles dans le besoin.<\/li>\n\n\n<li>Inauguration de nouveaux sites de <strong>compostage partag\u00e9<\/strong>: \u00c0 <strong>Uz\u00e8s<\/strong> et <strong>Vers Pont du Gard<\/strong>, ces initiatives encouragent le tri des biod\u00e9chets dans la communaut\u00e9.<\/li>\n\n<\/ul>\n\n\n<h2 class=\"wp-block-heading\">Ateliers pratiques et sensibilisation<\/h2>\n\n\n<p>Les artisans du SICTOMU organisent \u00e9galement une s\u00e9rie d\u2019ateliers pratiques. Par exemple, des sessions de fabrication d\u2019\u00e9ponges tawashi, de mangeoires pour oiseaux et des r\u00e9parations de v\u00e9los seront propos\u00e9es. Ces activit\u00e9s r\u00e9servent aux participants des moments d\u2019apprentissage enrichissants et ludiques.<\/p>\n\n\n<p>Une attention particuli\u00e8re sera accord\u00e9e \u00e0 la <strong>sensibilisation<\/strong> des jeunes gr\u00e2ce \u00e0 des ateliers tels que ceux de <strong>cuisine anti-gaspillage<\/strong>, favorisant des habitudes durables d\u00e8s le plus jeune \u00e2ge.<\/p>\n\n\n<h2 class=\"wp-block-heading\">Des projections et d\u00e9bats inspirants<\/h2>\n\n\n<p>Lors de cette semaine, le film <em>La part des autres<\/em> sera projet\u00e9 pour aborder des th\u00e9matiques cruciales li\u00e9es \u00e0 la s\u00e9curit\u00e9 alimentaire et \u00e0 la solidarit\u00e9. Apr\u00e8s la projection, une discussion permettra aux spectateurs d&#8217;\u00e9changer des id\u00e9es sur l&#8217;alimentation durable.<\/p>\n\n\n<h2 class=\"wp-block-heading\">Convivialit\u00e9 et engagement citoyen<\/h2>\n\n\n<p>Au-del\u00e0 des \u00e9v\u00e9nements principaux, de nombreuses activit\u00e9s, telles que des bourses aux jouets et des ateliers de <strong>tri<\/strong> et de <strong>recyclage<\/strong>, seront propos\u00e9es chaque jour. Chacun pourra y participer pour explorer des moyens concrets de r\u00e9duire son empreinte \u00e9cologique, tout en partageant des moments conviviaux avec amis et famille.<\/p>\n\n\n<p>Pour plus d&#8217;informations sur le programme complet, visitez le site du <strong>SICTOMU<\/strong>: <a href=\"https:\/\/sictomu.fr\/semaine-europeenne-de-reduction-des-dechets-2024\/\">tout le programme ici<\/a>. Mobiliser les citoyens pour des actions \u00e9coresponsables, tel est l\u2019objectif de cette semaine, qui promet d\u2019\u00eatre aussi enrichissante qu\u2019amusante.<\/p>\n\n\n<p>Ensemble, contribuons \u00e0 un futur plus durable et \u00e0 une prise de conscience collective.<\/p>\n\n\n\n<h2 class=\"wp-block-heading\">Activit\u00e9s \u00c9cologiques pour la Semaine Europ\u00e9enne de R\u00e9duction des D\u00e9chets<\/h2>\n\n\n<figure class=\"wp-block-table\">\n<table>\n<tbody>\n<tr>\n<td>\u267b\ufe0f<\/td>\n<td><strong>Collecte solidaire de jouets :<\/strong> \u00ab Laisse Parler Ton C\u0153ur \u00bb, du 16 au 24 novembre, pour redistribuer des jouets \u00e0 ceux dans le besoin.<\/td>\n<\/tr>\n<tr>\n<td>\ud83c\udf31<\/td>\n<td><strong>Inaugurations de compostage :<\/strong> Deux nouveaux sites \u00e0 Uz\u00e8s et Vers Pont du Gard pour encourager le tri des biod\u00e9chets.<\/td>\n<\/tr>\n<tr>\n<td>\ud83d\udee0\ufe0f<\/td>\n<td><strong>Ateliers et animations :<\/strong> Fabrication d&#8217;\u00e9ponges tawashi, r\u00e9paration de v\u00e9los et sessions de compostage avec composteurs offerts.<\/td>\n<\/tr>\n<tr>\n<td>\ud83c\udfac<\/td>\n<td><strong>Cin\u00e9-d\u00e9bats et projections :<\/strong> Projection du film <em>La part des autres<\/em> sur la s\u00e9curit\u00e9 alimentaire et l&#8217;alimentation durable.<\/td>\n<\/tr>\n<tr>\n<td>\ud83d\udcf8<\/td>\n<td><strong>Rallye photo :<\/strong> \u00ab Manger mieux, gaspiller moins \u00bb pour capturer des sc\u00e8nes sur la r\u00e9duction du gaspillage alimentaire.<\/td>\n<\/tr>\n<tr>\n<td>\ud83e\udd1d<\/td>\n<td><strong>Actions \u00e9coresponsables :<\/strong> Une multitude d&#8217;activit\u00e9s propos\u00e9es pour sensibiliser le public tout au long de la semaine.<\/td>\n<\/tr>\n<\/tbody>\n<\/table>\n<\/figure>\n","protected":false},"excerpt":{"rendered":"","protected":false},"author":10,"featured_media":0,"comment_status":"open","ping_status":"close","sticky":false,"template":"","format":"standard","meta":{"_seopress_robots_primary_cat":"","_seopress_titles_title":"","_seopress_titles_desc":"","_seopress_robots_index":"","footnotes":""},"categories":[1545],"tags":[],"class_list":["post-5982","post","type-post","status-publish","format-standard","hentry","category-neuchcup-fr","generate-columns","tablet-grid-50","mobile-grid-100","grid-parent","grid-33"],"_links":{"self":[{"href":"https:\/\/swisstinychalet.ch\/neuch\/wp-json\/wp\/v2\/posts\/5982","targetHints":{"allow":["GET"]}}],"collection":[{"href":"https:\/\/swisstinychalet.ch\/neuch\/wp-json\/wp\/v2\/posts"}],"about":[{"href":"https:\/\/swisstinychalet.ch\/neuch\/wp-json\/wp\/v2\/types\/post"}],"author":[{"embeddable":true,"href":"https:\/\/swisstinychalet.ch\/neuch\/wp-json\/wp\/v2\/users\/10"}],"replies":[{"embeddable":true,"href":"https:\/\/swisstinychalet.ch\/neuch\/wp-json\/wp\/v2\/comments?post=5982"}],"version-history":[{"count":0,"href":"https:\/\/swisstinychalet.ch\/neuch\/wp-json\/wp\/v2\/posts\/5982\/revisions"}],"wp:attachment":[{"href":"https:\/\/swisstinychalet.ch\/neuch\/wp-json\/wp\/v2\/media?parent=5982"}],"wp:term":[{"taxonomy":"category","embeddable":true,"href":"https:\/\/swisstinychalet.ch\/neuch\/wp-json\/wp\/v2\/categories?post=5982"},{"taxonomy":"post_tag","embeddable":true,"href":"https:\/\/swisstinychalet.ch\/neuch\/wp-json\/wp\/v2\/tags?post=5982"}],"curies":[{"name":"wp","href":"https:\/\/api.w.org\/{rel}","templated":true}]}}