{"id":5983,"date":"2024-12-01T12:32:22","date_gmt":"2024-12-01T07:02:22","guid":{"rendered":"https:\/\/swisstinychalet.ch\/neuch\/carole-emilien-lart-therapie-un-soutien-precieux-dans-le-traitement-des-troubles-mentaux"},"modified":"2024-12-01T12:32:22","modified_gmt":"2024-12-01T07:02:22","slug":"carole-emilien-lart-therapie-un-soutien-precieux-dans-le-traitement-des-troubles-mentaux","status":"publish","type":"post","link":"https:\/\/swisstinychalet.ch\/neuch\/carole-emilien-lart-therapie-un-soutien-precieux-dans-le-traitement-des-troubles-mentaux","title":{"rendered":"Carole Emilien : L&#8217;art-th\u00e9rapie, un soutien pr\u00e9cieux dans le traitement des troubles mentaux"},"content":{"rendered":"\n\n<p>Carole Emilien est une <strong>graphiste<\/strong> passionn\u00e9e par l\u2019expression artistique qui a \u00e9largi son champ d\u2019action \u00e0 l\u2019<strong>art-th\u00e9rapie<\/strong>. Elle propose des <strong>ateliers cr\u00e9atifs<\/strong> en r\u00e9gion parisienne, visant \u00e0 soulager les personnes souffrant de <strong>troubles mentaux<\/strong>. Forte de sa formation en arts graphiques et de ses exp\u00e9riences diverses, elle collabore \u00e9troitement avec des institutions comme des <strong>h\u00f4pitaux<\/strong> et des <strong>psychologues<\/strong> pour favoriser l\u2019expression des \u00e9motions difficiles \u00e0 verbaliser. Ses initiatives permettent d\u2019aborder des sujets d\u00e9licats, tout en contribuant \u00e0 la compr\u00e9hension des maladies psychiques dans la soci\u00e9t\u00e9.<\/p>\n\n\n<figure class=\"wp-block-embed is-type-video is-provider-youtube wp-block-embed-youtube wp-embed-aspect-16-9 wp-has-aspect-ratio\">\n<div class=\"wp-block-embed__wrapper\">\n<iframe title=\"T\u00e9moignage Art Therapie Portrait\" width=\"1200\" height=\"675\" src=\"https:\/\/www.youtube-nocookie.com\/embed\/LbLvQnmjerk?feature=oembed\" frameborder=\"0\" allow=\"accelerometer; autoplay; clipboard-write; encrypted-media; gyroscope; picture-in-picture; web-share\" referrerpolicy=\"strict-origin-when-cross-origin\" allowfullscreen><\/iframe>\n<\/div>\n<\/figure>\n\n\n\n<p>L&#8217;art-th\u00e9rapie \u00e9merge comme une approche captivante pour aborder les d\u00e9fis li\u00e9s aux troubles mentaux. Avec des m\u00e9thodes innovantes, cette pratique artistique offre des voies de communication alternatives et une opportunit\u00e9 d&#8217;expression souvent inexploit\u00e9e. C\u2019est \u00e0 la crois\u00e9e de l&#8217;art et de la th\u00e9rapie que se situe un soutien pr\u00e9cieux pour ceux qui traversent des moments difficiles.<\/p>\n\n\n<h2 class=\"wp-block-heading\">Une formation artistique au service de la sant\u00e9 mentale<\/h2>\n\n\n<p>Carole Emilien, graphiste de formation, s&#8217;engage \u00e0 enrichir le champ des soins par l&#8217;art. Sa trajectoire l&#8217;a men\u00e9e \u00e0 suivre des \u00e9tudes dans le domaine des arts graphiques avant de se tourner vers l&#8217;art-th\u00e9rapie, un domaine o\u00f9 elle allie passion et vocation. En d\u00e9veloppant des ateliers cr\u00e9atifs, elle envisage de favoriser le bien-\u00eatre mental des participants tout en explorant leur cr\u00e9ativit\u00e9.<\/p>\n\n\n<h2 class=\"wp-block-heading\">Un lien entre art et expression<\/h2>\n\n\n<p>Pour beaucoup, s&#8217;exprimer par des mots peut s&#8217;av\u00e9rer difficile. L&#8217;art offre une alternative. Dans ce cadre, Carole travaille main dans la main avec des h\u00f4pitaux et des \u00e9tablissements de sant\u00e9, facilitant le dialogue entre patients et soignants. Cela permet souvent d&#8217;aborder des th\u00e8mes d\u00e9licats comme l&#8217;image de soi ou les troubles psychiques. Gr\u00e2ce \u00e0 ses ateliers, ceux qui luttent contre divers troubles trouvent une mani\u00e8re de communiquer, un moyen d&#8217;exprimer leurs sentiments, et une voie vers la gu\u00e9rison.<\/p>\n\n\n<h2 class=\"wp-block-heading\">Les ateliers comme espace de lutte contre la stigmatisation<\/h2>\n\n\n<p>Les enfants comme les adultes sont accueillis au sein de ses ateliers. Ces initiatives visent \u00e0 briser les st\u00e9r\u00e9otypes associ\u00e9s aux maladies mentales en proposant un environnement s\u00e9curisant. \u00c0 travers des projets vari\u00e9s, comme des vid\u00e9os ou des s\u00e9ances photographiques, les participants se voient offrir l&#8217;opportunit\u00e9 de partager leur histoire. Cette forme d&#8217;engagement social permet \u00e9galement de sensibiliser le public sur des probl\u00e9matiques trop souvent sous-estim\u00e9es.<\/p>\n\n\n<h2 class=\"wp-block-heading\">Un projet d&#8217;illustrations artistiques<\/h2>\n\n\n<p>Chaque illustration r\u00e9alis\u00e9e par Carole a le potentiel d&#8217;ouvrir un dialogue sur les maladies mentales et sur l&#8217;exp\u00e9rience v\u00e9cue par ceux qui en souffrent. Avec l&#8217;ambition de publier un recueil illustr\u00e9, elle collabore avec d&#8217;autres artistes pour offrir une visibilit\u00e9 \u00e0 des sujets d\u00e9licats et souvent n\u00e9glig\u00e9s. Ce projet vise \u00e0 rendre compte des \u00e9motions et des luttes li\u00e9es \u00e0 la sant\u00e9 mentale, tout en invitant \u00e0 une r\u00e9flexion collective.<\/p>\n\n\n<h2 class=\"wp-block-heading\">Vers un avenir serein gr\u00e2ce \u00e0 l&#8217;art<\/h2>\n\n\n<p>L&#8217;art-th\u00e9rapie repr\u00e9sente une porte d&#8217;entr\u00e9e vers la compr\u00e9hension et l&#8217;acceptation des maladies psychiques. Dans un monde o\u00f9 le stress et les exigences de la vie quotidienne p\u00e8sent lourdement sur chacun d&#8217;entre nous, ces moments cr\u00e9atifs offrent un r\u00e9pit essentiel. La capacit\u00e9 de cr\u00e9er, de se concentrer sur des gestes artistiques, peut renforcer l&#8217;estime de soi et favoriser une meilleure gestion des \u00e9motions.<\/p>\n\n\n<p>Avec une approche authentique et humaine, Carole Emilien s&#8217;inspire des arts pour devenir un pilier dans l&#8217;accompagnement des personnes vivant des troubles mentaux. Son engagement et sa passion t\u00e9moignent du potentiel que rec\u00e8le l&#8217;art pour aider \u00e0 surmonter les d\u00e9fis psychologiques de notre \u00e9poque.<\/p>\n\n\n\n<h2 class=\"wp-block-heading\">Dossier du 30\/09\/2024 &#8211; En partenariat avec M\u00e9dias France<\/h2>\n\n\n<figure class=\"wp-block-table\">\n<table>\n<tbody>\n<tr>\n<td>\ud83c\udfa8<\/td>\n<td><strong>Expression artistique et sant\u00e9 mentale<\/strong><\/td>\n<\/tr>\n<tr>\n<td>\ud83d\udd8c\ufe0f<\/td>\n<td>Carole Emilien, graphiste, anime des <strong>ateliers cr\u00e9atifs<\/strong> pour aider \u00e0 la sant\u00e9 mentale.<\/td>\n<\/tr>\n<tr>\n<td>\ud83d\udcda<\/td>\n<td><strong>Parcours artistique polyvalent<\/strong><\/td>\n<\/tr>\n<tr>\n<td>\ud83c\udf93<\/td>\n<td>Form\u00e9e en <strong>arts graphiques<\/strong> et <strong>communication multim\u00e9dia<\/strong>, elle a travaill\u00e9 pour des marques de luxe.<\/td>\n<\/tr>\n<tr>\n<td>\ud83c\udf0d<\/td>\n<td><strong>Art comme lien th\u00e9rapeutique<\/strong><\/td>\n<\/tr>\n<tr>\n<td>\ud83e\udde0<\/td>\n<td>L&#8217;art facilite le dialogue entre <strong>patients<\/strong> et <strong>professionnels de sant\u00e9<\/strong>.<\/td>\n<\/tr>\n<tr>\n<td>\ud83d\udc94<\/td>\n<td><strong>Sensibilisation aux maladies mentales<\/strong><\/td>\n<\/tr>\n<tr>\n<td>\u270d\ufe0f<\/td>\n<td>Elle constate que la <strong>stigmatisation<\/strong> des maladies psychiques reste un sujet peu abord\u00e9.<\/td>\n<\/tr>\n<tr>\n<td>\ud83d\udcd6<\/td>\n<td><strong>Projets d&#8217;illustrations<\/strong><\/td>\n<\/tr>\n<tr>\n<td>\ud83c\udf08<\/td>\n<td>Elle pr\u00e9pare un recueil d&#8217;illustrations pour mieux comprendre et aborder ces questions.<\/td>\n<\/tr>\n<tr>\n<td>\ud83c\udf89<\/td>\n<td><strong>Art-th\u00e9rapie et bien-\u00eatre<\/strong><\/td>\n<\/tr>\n<tr>\n<td>\ud83e\udd32<\/td>\n<td>L&#8217;ateliers proposent un espace pour s&#8217;exprimer et rel\u00e2cher la pression.<\/td>\n<\/tr>\n<\/tbody>\n<\/table>\n<\/figure>\n","protected":false},"excerpt":{"rendered":"","protected":false},"author":11,"featured_media":0,"comment_status":"open","ping_status":"close","sticky":false,"template":"","format":"standard","meta":{"_seopress_robots_primary_cat":"","_seopress_titles_title":"","_seopress_titles_desc":"","_seopress_robots_index":"","footnotes":""},"categories":[1545],"tags":[],"class_list":["post-5983","post","type-post","status-publish","format-standard","hentry","category-neuchcup-fr","generate-columns","tablet-grid-50","mobile-grid-100","grid-parent","grid-33"],"_links":{"self":[{"href":"https:\/\/swisstinychalet.ch\/neuch\/wp-json\/wp\/v2\/posts\/5983","targetHints":{"allow":["GET"]}}],"collection":[{"href":"https:\/\/swisstinychalet.ch\/neuch\/wp-json\/wp\/v2\/posts"}],"about":[{"href":"https:\/\/swisstinychalet.ch\/neuch\/wp-json\/wp\/v2\/types\/post"}],"author":[{"embeddable":true,"href":"https:\/\/swisstinychalet.ch\/neuch\/wp-json\/wp\/v2\/users\/11"}],"replies":[{"embeddable":true,"href":"https:\/\/swisstinychalet.ch\/neuch\/wp-json\/wp\/v2\/comments?post=5983"}],"version-history":[{"count":0,"href":"https:\/\/swisstinychalet.ch\/neuch\/wp-json\/wp\/v2\/posts\/5983\/revisions"}],"wp:attachment":[{"href":"https:\/\/swisstinychalet.ch\/neuch\/wp-json\/wp\/v2\/media?parent=5983"}],"wp:term":[{"taxonomy":"category","embeddable":true,"href":"https:\/\/swisstinychalet.ch\/neuch\/wp-json\/wp\/v2\/categories?post=5983"},{"taxonomy":"post_tag","embeddable":true,"href":"https:\/\/swisstinychalet.ch\/neuch\/wp-json\/wp\/v2\/tags?post=5983"}],"curies":[{"name":"wp","href":"https:\/\/api.w.org\/{rel}","templated":true}]}}