{"id":6034,"date":"2024-12-02T12:00:39","date_gmt":"2024-12-02T06:30:39","guid":{"rendered":"https:\/\/swisstinychalet.ch\/neuch\/limportance-du-zero-dechet-dans-la-lutte-contre-le-changement-climatique"},"modified":"2024-12-02T12:00:39","modified_gmt":"2024-12-02T06:30:39","slug":"limportance-du-zero-dechet-dans-la-lutte-contre-le-changement-climatique","status":"publish","type":"post","link":"https:\/\/swisstinychalet.ch\/neuch\/limportance-du-zero-dechet-dans-la-lutte-contre-le-changement-climatique","title":{"rendered":"L&#8217;importance du z\u00e9ro d\u00e9chet dans la lutte contre le changement climatique"},"content":{"rendered":"\n\n<p>Le <strong>z\u00e9ro d\u00e9chet<\/strong> repr\u00e9sente un mouvement essentiel dans la lutte contre le <strong>changement climatique<\/strong>. En s&#8217;inscrivant dans une d\u00e9marche d&#8217;<strong>\u00e9conomie circulaire<\/strong>, il cherche \u00e0 r\u00e9duire drastiquement la production de d\u00e9chets, qui a un impact majeur sur l&#8217;environnement. En effet, les d\u00e9chets organiques et autres produits envoy\u00e9s \u00e0 la d\u00e9charge contribuent en grande partie aux <strong>\u00e9missions de gaz \u00e0 effet de serre<\/strong>. Adopter des pratiques visant \u00e0 limiter les d\u00e9chets permet non seulement de diminuer notre empreinte \u00e9cologique, mais \u00e9galement de pr\u00e9server <strong>la biodiversit\u00e9<\/strong> et d&#8217;encourager un mode de vie plus durable. Ainsi, chaque geste compte pour engager une r\u00e9flexion collective sur notre consommation et ses cons\u00e9quences sur la plan\u00e8te.<\/p>\n\n\n<figure class=\"wp-block-embed is-type-video is-provider-youtube wp-block-embed-youtube wp-embed-aspect-16-9 wp-has-aspect-ratio\">\n<div class=\"wp-block-embed__wrapper\">\n<iframe title=\"Autrement - La tendance &quot;z\u00e9ro d\u00e9chet&quot;\" width=\"1200\" height=\"675\" src=\"https:\/\/www.youtube-nocookie.com\/embed\/XqsMnYmWJec?feature=oembed\" frameborder=\"0\" allow=\"accelerometer; autoplay; clipboard-write; encrypted-media; gyroscope; picture-in-picture; web-share\" referrerpolicy=\"strict-origin-when-cross-origin\" allowfullscreen><\/iframe>\n<\/div>\n<\/figure>\n\n\n\n<p>L&#8217;approche <strong>z\u00e9ro d\u00e9chet<\/strong> suscite un vif int\u00e9r\u00eat, en particulier face aux enjeux \u00e9cologiques actuels. Ce mouvement, visant \u00e0 r\u00e9duire au maximum les d\u00e9chets g\u00e9n\u00e9r\u00e9s, va bien au-del\u00e0 de simples initiatives individuelles. Il s&#8217;inscrit au c\u0153ur des strat\u00e9gies de lutte contre le <strong>changement climatique<\/strong>. En adoptant un mode de vie o\u00f9 chaque action compte, chacun peut jouer un r\u00f4le dans la pr\u00e9servation de notre plan\u00e8te.<\/p>\n\n\n<h2 class=\"wp-block-heading\">Le lien entre d\u00e9chets et changement climatique<\/h2>\n\n\n<p>La gestion des d\u00e9chets est souvent n\u00e9glig\u00e9e alors qu&#8217;elle repr\u00e9sente une part significative des <strong>\u00e9missions de gaz \u00e0 effet de serre<\/strong>. Les d\u00e9charges, en d\u00e9composant les mati\u00e8res organiques, lib\u00e8rent des m\u00e9taux lourds et des <strong>gaz \u00e0 effet de serre<\/strong> qui aggravent la situation climatique. Pour cette raison, r\u00e9duire la production de d\u00e9chets est essentiel. Les principes du <strong>z\u00e9ro d\u00e9chet<\/strong>, tels que la r\u00e9duction, la r\u00e9utilisation et le recyclage, offrent des solutions palpables pour att\u00e9nuer notre impact sur l&#8217;environnement.<\/p>\n\n\n<h2 class=\"wp-block-heading\">Les avantages d\u2019adopter une d\u00e9marche z\u00e9ro d\u00e9chet<\/h2>\n\n\n<p>Adopter un mode de vie <strong>z\u00e9ro d\u00e9chet<\/strong> pr\u00e9sente de nombreux b\u00e9n\u00e9fices. Tout d&#8217;abord, cela favorise une <strong>\u00e9conomie circulaire<\/strong>, o\u00f9 les ressources sont r\u00e9utilis\u00e9es plut\u00f4t que mises au rebut. Ensuite, chaque geste r\u00e9duit non seulement le volume de d\u00e9chets, mais permet \u00e9galement de diminuer le besoin de produire de nouveaux biens, ce qui se traduit par une consommation d&#8217;\u00e9nergie et de ressources minimales. En g\u00e9n\u00e9ral, le passage au <strong>z\u00e9ro d\u00e9chet<\/strong> enrichit notre quotidien tout en all\u00e9geant le fardeau environnemental.<\/p>\n\n\n<h2 class=\"wp-block-heading\">Construire une communaut\u00e9 autour du z\u00e9ro d\u00e9chet<\/h2>\n\n\n<p>Les initiatives locales jouent un r\u00f4le fondamental dans le d\u00e9veloppement du mouvement <strong>z\u00e9ro d\u00e9chet<\/strong>. De nombreuses villes \u00e0 travers le monde s&#8217;engagent \u00e0 r\u00e9duire leurs d\u00e9chets et \u00e0 sensibiliser leurs habitants. Qu&#8217;il s&#8217;agisse d&#8217;\u00e9v\u00e9nements communautaires, de groupes de partage de ressources ou d&#8217;ateliers \u00e9ducatifs, l&#8217;implication collective est primordiale pour r\u00e9ussir \u00e0 instaurer une culture durable. Pour d\u00e9couvrir des <strong>initiatives z\u00e9ro d\u00e9chet<\/strong> inspirantes, quelques exemples illustrent bien cette dynamique. <\/p>\n\n\n<h2 class=\"wp-block-heading\">Comment passer \u00e0 un mode de vie z\u00e9ro d\u00e9chet ?<\/h2>\n\n\n<p>Commencer une d\u00e9marche <strong>z\u00e9ro d\u00e9chet<\/strong> ne requiert pas des changements radicaux, mais plut\u00f4t des ajustements progressifs. Il peut s&#8217;agir d&#8217;opter pour des produits r\u00e9utilisables, d&#8217;\u00e9viter les emballages plastiques ou de favoriser les aliments locaux. En outre, la cuisine z\u00e9ro d\u00e9chet, par le biais de recettes qui limitent le gaspillage, est une excellente mani\u00e8re d&#8217;allier plaisir culinaire et responsabilit\u00e9 environnementale. Consultez des recettes inspirantes pour vous lancer dans cette aventure.<\/p>\n\n\n<h2 class=\"wp-block-heading\">Sensibiliser et \u00e9duquer pour un futur durable<\/h2>\n\n\n<p>La sensibilisation \u00e0 l&#8217;importance du mouvement <strong>z\u00e9ro d\u00e9chet<\/strong> devrait \u00eatre une priorit\u00e9. \u00c9duquer les jeunes g\u00e9n\u00e9rations sur les enjeux \u00e9cologiques et les gestes quotidiens qui comptent est essentiel. En c\u00e9l\u00e9brant des journ\u00e9es comme la <strong>Journ\u00e9e Internationale du Z\u00e9ro D\u00e9chet<\/strong>, il est possible de mobiliser des \u00e9quipes et des communaut\u00e9s autour de cette cause. En rassemblant nos forces, nous pouvons agir de mani\u00e8re significative contre le <strong>changement climatique<\/strong>.<\/p>\n\n\n<p>La lutte contre le changement climatique passe par des actions collectives et individuelles qui mettent en lumi\u00e8re l&#8217;importance du <strong>z\u00e9ro d\u00e9chet<\/strong>. En adoptant ce mode de vie conscient et responsable, chacun peut contribuer \u00e0 un avenir plus durable. Rejoindre cette d\u00e9marche offre non seulement des b\u00e9n\u00e9fices environnementaux, mais \u00e9galement un enrichissement personnel au travers d&#8217;une consommation plus r\u00e9fl\u00e9chie et \u00e9thique.<\/p>\n\n\n\n<h2 class=\"wp-block-heading\">Vers un Mode de Vie \u00c9coresponsable<\/h2>\n\n\n<figure class=\"wp-block-table\">\n<table>\n<tbody>\n<tr>\n<td>\ud83c\udf0d<\/td>\n<td><strong>Importance du Z\u00e9ro D\u00e9chet :<\/strong> Le mouvement est essentiel pour prot\u00e9ger notre environnement en \u00e9vitant la surconsommation de ressources.<\/td>\n<\/tr>\n<tr>\n<td>\u267b\ufe0f<\/td>\n<td><strong>\u00c9conomie Circulaire :<\/strong> Favoriser un mod\u00e8le qui lutte contre le changement climatique et la perte de biodiversit\u00e9.<\/td>\n<\/tr>\n<tr>\n<td>\ud83d\udcc9<\/td>\n<td><strong>R\u00e9duction des D\u00e9chets :<\/strong> Diminuant notre production de d\u00e9chets, nous participons activement \u00e0 la lutte contre le r\u00e9chauffement climatique.<\/td>\n<\/tr>\n<tr>\n<td>\ud83d\udca1<\/td>\n<td><strong>Actions Pratiques :<\/strong> Adopter des astuces et pratiques quotidiennes pour int\u00e9grer le z\u00e9ro d\u00e9chet dans sa vie.<\/td>\n<\/tr>\n<tr>\n<td>\ud83c\udf31<\/td>\n<td><strong>Impact Environnemental :<\/strong> Les d\u00e9chets sont responsables d&#8217;un gaz \u00e0 effet de serre qui contribue au r\u00e9chauffement de notre plan\u00e8te.<\/td>\n<\/tr>\n<tr>\n<td>\ud83d\udcda<\/td>\n<td><strong>Ressources et Outils :<\/strong> Acc\u00e9der \u00e0 des guides et recommandations pour bien d\u00e9buter dans une d\u00e9marche z\u00e9ro d\u00e9chet.<\/td>\n<\/tr>\n<tr>\n<td>\ud83c\udfd9\ufe0f<\/td>\n<td><strong>Initiatives Locales :<\/strong> De nombreuses villes se sont engag\u00e9es \u00e0 r\u00e9duire les d\u00e9chets et \u00e0 adopter des pratiques durables.<\/td>\n<\/tr>\n<tr>\n<td>\ud83e\udd1d<\/td>\n<td><strong>Sensibilisation :<\/strong> Importance de sensibiliser notre entourage et nos communaut\u00e9s sur les enjeux du z\u00e9ro d\u00e9chet.<\/td>\n<\/tr>\n<\/tbody>\n<\/table>\n<\/figure>\n","protected":false},"excerpt":{"rendered":"","protected":false},"author":12,"featured_media":0,"comment_status":"open","ping_status":"close","sticky":false,"template":"","format":"standard","meta":{"_seopress_robots_primary_cat":"","_seopress_titles_title":"","_seopress_titles_desc":"","_seopress_robots_index":"","footnotes":""},"categories":[1545],"tags":[],"class_list":["post-6034","post","type-post","status-publish","format-standard","hentry","category-neuchcup-fr","generate-columns","tablet-grid-50","mobile-grid-100","grid-parent","grid-33"],"_links":{"self":[{"href":"https:\/\/swisstinychalet.ch\/neuch\/wp-json\/wp\/v2\/posts\/6034","targetHints":{"allow":["GET"]}}],"collection":[{"href":"https:\/\/swisstinychalet.ch\/neuch\/wp-json\/wp\/v2\/posts"}],"about":[{"href":"https:\/\/swisstinychalet.ch\/neuch\/wp-json\/wp\/v2\/types\/post"}],"author":[{"embeddable":true,"href":"https:\/\/swisstinychalet.ch\/neuch\/wp-json\/wp\/v2\/users\/12"}],"replies":[{"embeddable":true,"href":"https:\/\/swisstinychalet.ch\/neuch\/wp-json\/wp\/v2\/comments?post=6034"}],"version-history":[{"count":0,"href":"https:\/\/swisstinychalet.ch\/neuch\/wp-json\/wp\/v2\/posts\/6034\/revisions"}],"wp:attachment":[{"href":"https:\/\/swisstinychalet.ch\/neuch\/wp-json\/wp\/v2\/media?parent=6034"}],"wp:term":[{"taxonomy":"category","embeddable":true,"href":"https:\/\/swisstinychalet.ch\/neuch\/wp-json\/wp\/v2\/categories?post=6034"},{"taxonomy":"post_tag","embeddable":true,"href":"https:\/\/swisstinychalet.ch\/neuch\/wp-json\/wp\/v2\/tags?post=6034"}],"curies":[{"name":"wp","href":"https:\/\/api.w.org\/{rel}","templated":true}]}}