{"id":6036,"date":"2024-12-02T12:01:13","date_gmt":"2024-12-02T06:31:13","guid":{"rendered":"https:\/\/swisstinychalet.ch\/neuch\/evenements-ecoresponsables-des-exemples-inspirants"},"modified":"2024-12-02T12:01:13","modified_gmt":"2024-12-02T06:31:13","slug":"evenements-ecoresponsables-des-exemples-inspirants","status":"publish","type":"post","link":"https:\/\/swisstinychalet.ch\/neuch\/evenements-ecoresponsables-des-exemples-inspirants","title":{"rendered":"\u00c9v\u00e9nements \u00e9coresponsables : des exemples inspirants"},"content":{"rendered":"\n\n<p>Les <strong>\u00e9v\u00e9nements \u00e9coresponsables<\/strong> gagnent en popularit\u00e9 gr\u00e2ce \u00e0 des initiatives innovantes qui allient respect de l&#8217;environnement et convivialit\u00e9. Par exemple, le festival <strong>We Love Green<\/strong> en France promeut des pratiques durables tout en c\u00e9l\u00e9brant la musique et l&#8217;art. De m\u00eame, le <strong>Salon Produrable<\/strong> met en avant des solutions pour des entreprises plus durables, r\u00e9unissant acteurs et experts du d\u00e9veloppement durable. Des \u00e9v\u00e9nements comme le <strong>OuiShare Fest<\/strong> rassemblent des leaders et des activistes pour discuter des enjeux soci\u00e9taux et environnementaux. Ces manifestations montrent qu&#8217;il est possible d&#8217;organiser des \u00e9v\u00e9nements qui non seulement divertissent, mais aussi sensibilisent \u00e0 la <strong>transition \u00e9cologique<\/strong>.<\/p>\n\n\n<figure class=\"wp-block-embed is-type-video is-provider-youtube wp-block-embed-youtube wp-embed-aspect-16-9 wp-has-aspect-ratio\">\n<div class=\"wp-block-embed__wrapper\">\n<iframe title=\"Les \u00e9v\u00e9nements sportifs \u00e9co-responsables : l&#039;exemple du football au f\u00e9minin\" width=\"1200\" height=\"675\" src=\"https:\/\/www.youtube-nocookie.com\/embed\/n_APpYaCn2c?feature=oembed\" frameborder=\"0\" allow=\"accelerometer; autoplay; clipboard-write; encrypted-media; gyroscope; picture-in-picture; web-share\" referrerpolicy=\"strict-origin-when-cross-origin\" allowfullscreen><\/iframe>\n<\/div>\n<\/figure>\n\n\n\n<p>\u00c0 l&#8217;heure o\u00f9 les pr\u00e9occupations environnementales prennent de l&#8217;ampleur, il devient essentiel de repenser la mani\u00e8re dont nous planifions nos \u00e9v\u00e9nements. Que ce soit pour des <strong>festivals<\/strong>, des <strong>conf\u00e9rences<\/strong> ou des <strong>s\u00e9minaires<\/strong>, une approche \u00e9coresponsable peut transformer des rassemblements ordinaires en exp\u00e9riences significatives et respectueuses de notre plan\u00e8te. De nombreuses initiatives \u00e9mergent, illustrant comment allier festivit\u00e9s et durabilit\u00e9.<\/p>\n\n\n<h2 class=\"wp-block-heading\">Des festivals mod\u00e8les<\/h2>\n\n\n<p>Parmi les \u00e9v\u00e9nements marquants, le <strong>festival We Love Green<\/strong> en France se distingue par son engagement envers la protection de l&#8217;environnement. En alliant musique et sensibilisation, cette manifestation propose des activit\u00e9s vari\u00e9es, allant des conf\u00e9rences sur le d\u00e9veloppement durable \u00e0 des actions concr\u00e8tes telles que la mise en avant de produits locaux et la gestion des d\u00e9chets. Un autre exemple est le <strong>festival Climax<\/strong>, qui se d\u00e9roule dans un cadre naturel exceptionnel \u00e0 Bordeaux, un lieu symbole d&#8217;un \u00e9cosyst\u00e8me vivant et dynamique. Ce festival met en lumi\u00e8re les enjeux \u00e9cologiques tout en offrant une programmation artistique riche.<\/p>\n\n\n<h2 class=\"wp-block-heading\">\u00c9v\u00e9nements professionnels exemplaires<\/h2>\n\n\n<p>Le <strong>Salon Produrable<\/strong>, quant \u00e0 lui, propose un espace d&#8217;\u00e9change autour des pratiques durables dans le monde des affaires. Il invite les acteurs \u00e9conomiques \u00e0 d\u00e9couvrir des solutions innovantes pour int\u00e9grer la durabilit\u00e9 dans leurs strat\u00e9gies. Ce type d&#8217;\u00e9v\u00e9nement d\u00e9montre qu&#8217;il est possible de concilier objectifs commerciaux et actions \u00e9coresponsables. Organiser des s\u00e9minaires inspirants sur la transition \u00e9cologique, comme celui de la Compagnie des Alpes, permet aux participants d&#8217;explorer des initiatives concr\u00e8tes en mati\u00e8re de <strong>d\u00e9veloppement durable<\/strong>.<\/p>\n\n\n<h2 class=\"wp-block-heading\">Des activit\u00e9s ludiques et responsables<\/h2>\n\n\n<p>Pour ceux qui souhaitent ajouter une touche interactive \u00e0 leurs \u00e9v\u00e9nements, des activit\u00e9s comme des balades \u00e0 v\u00e9lo ou \u00e0 cheval promulguent un lien plus fort avec la nature. Le choix d&#8217;un atelier culinaire ax\u00e9 sur le <strong>z\u00e9ro d\u00e9chet<\/strong> offre \u00e9galement une alternative amusante et engageante. Favoriser des visites aupr\u00e8s de producteurs locaux non seulement soutient l&#8217;\u00e9conomie locale, mais sensibilise aussi les participants aux enjeux de la consommation responsable.<\/p>\n\n\n<h2 class=\"wp-block-heading\">Adopter des pratiques durables au quotidien<\/h2>\n\n\n<p>L&#8217;adoption de <strong>pratiques durables<\/strong> ne se limite pas \u00e0 des \u00e9v\u00e9nements. Pour aller plus loin, consid\u00e9rer des actions comme la location de gobelets r\u00e9utilisables ou de vaisselle dispose d&#8217;un impact direct sur la r\u00e9duction des d\u00e9chets. Vizitez <a href=\"https:\/\/swisstinychalet.ch\/neuch\/decouvrez-pourquoi-la-location-de-verre-plastique-pourrait-revolutionner-vos-evenements\">ce lien<\/a> pour en savoir plus sur l&#8217;utilit\u00e9 de cette d\u00e9marche. L&#8217;innovation dans la gestion des d\u00e9chets, comme l&#8217;usage d&#8217;emballages \u00e9coresponsables, est une voie \u00e0 explorer. Plus d&#8217;informations sont disponibles ici: <a href=\"https:\/\/swisstinychalet.ch\/neuch\/emballages-ecoresponsables-6-solutions-durables-a-adopter-en-2024\">emballages \u00e9coresponsables<\/a>.<\/p>\n\n\n<h2 class=\"wp-block-heading\">Les cl\u00e9s d&#8217;une planification r\u00e9fl\u00e9chie<\/h2>\n\n\n<p>Organiser un \u00e9v\u00e9nement engag\u00e9 demande une r\u00e9flexion approfondie \u00e0 chaque \u00e9tape, depuis la pr\u00e9paration jusqu&#8217;\u00e0 l&#8217;\u00e9valuation finale. Pour une approche d\u00e9taill\u00e9e, consultez le <a href=\"https:\/\/swisstinychalet.ch\/neuch\/les-etapes-cles-pour-un-evenement-ecoresponsable\">guide des \u00e9tapes cl\u00e9s<\/a> qui peut vous orienter. L&#8217;essentiel est de s&#8217;entourer de partenaires partageant cette vision. Adopter des initiatives telles que le <strong>Grand D\u00e9fi \u00c9cologique<\/strong> lanc\u00e9 par l\u2019ADEME permet de pousser les limites et d&#8217;inspirer davantage d&#8217;organisateurs \u00e0 explorer la voie des \u00e9v\u00e9nements \u00e9coresponsables (<a href=\"https:\/\/swisstinychalet.ch\/neuch\/evenements-ecologiques-lademe-pousse-les-limites-avec-le-grand-defi-ecologique\">d\u00e9tails ici<\/a>).<\/p>\n\n\n\n<h2 class=\"wp-block-heading\">\u00c9v\u00e9nements \u00c9co-Responsables : Innovations et Bonnes Pratiques<\/h2>\n\n\n<figure class=\"wp-block-table\">\n<table>\n<tbody>\n<tr>\n<td>\ud83c\udf31<\/td>\n<td><strong>Exemples d&#8217;\u00e9v\u00e9nements \u00e9co-responsables<\/strong> : Aujourd&#8217;hui, des festivals comme <strong>We Love Green<\/strong> et <strong>OuiShare Fest<\/strong> montrent l&#8217;engagement envers la durabilit\u00e9.<\/td>\n<\/tr>\n<tr>\n<td>\u267b\ufe0f<\/td>\n<td><strong>Activit\u00e9s pour un \u00e9v\u00e9nement \u00e9co-responsable<\/strong> : Proposer des balades \u00e0 v\u00e9lo, des ateliers z\u00e9ro d\u00e9chet, ou des visites chez des producteurs locaux.<\/td>\n<\/tr>\n<tr>\n<td>\ud83d\udee0\ufe0f<\/td>\n<td><strong>Guide pour un \u00e9v\u00e9nement \u00e9coresponsable<\/strong> : Une planification rigoureuse et des actions concr\u00e8tes permettent de garantir un impact positif sur l&#8217;environnement.<\/td>\n<\/tr>\n<tr>\n<td>\ud83c\udf0d<\/td>\n<td><strong>Engagements pour la durabilit\u00e9<\/strong> : Suivre les 10 engagements pour r\u00e9duire l&#8217;empreinte \u00e9cologique de vos \u00e9v\u00e9nements.<\/td>\n<\/tr>\n<tr>\n<td>\ud83c\udf89<\/td>\n<td><strong>\u00c9v\u00e9nements \u00e9cologiques en 2024<\/strong> : De nombreux festivals se repositionnent autour des pratiques durables pour attirer un public conscient.<\/td>\n<\/tr>\n<tr>\n<td>\ud83d\udc4d<\/td>\n<td><strong>Astuces pour r\u00e9duire les d\u00e9chets<\/strong> : Opter pour des emballages recyclables et louer de la vaisselle r\u00e9utilisable pour un impact positif.<\/td>\n<\/tr>\n<\/tbody>\n<\/table>\n<\/figure>\n","protected":false},"excerpt":{"rendered":"","protected":false},"author":10,"featured_media":0,"comment_status":"open","ping_status":"close","sticky":false,"template":"","format":"standard","meta":{"_seopress_robots_primary_cat":"","_seopress_titles_title":"","_seopress_titles_desc":"","_seopress_robots_index":"","footnotes":""},"categories":[1545],"tags":[],"class_list":["post-6036","post","type-post","status-publish","format-standard","hentry","category-neuchcup-fr","generate-columns","tablet-grid-50","mobile-grid-100","grid-parent","grid-33"],"_links":{"self":[{"href":"https:\/\/swisstinychalet.ch\/neuch\/wp-json\/wp\/v2\/posts\/6036","targetHints":{"allow":["GET"]}}],"collection":[{"href":"https:\/\/swisstinychalet.ch\/neuch\/wp-json\/wp\/v2\/posts"}],"about":[{"href":"https:\/\/swisstinychalet.ch\/neuch\/wp-json\/wp\/v2\/types\/post"}],"author":[{"embeddable":true,"href":"https:\/\/swisstinychalet.ch\/neuch\/wp-json\/wp\/v2\/users\/10"}],"replies":[{"embeddable":true,"href":"https:\/\/swisstinychalet.ch\/neuch\/wp-json\/wp\/v2\/comments?post=6036"}],"version-history":[{"count":0,"href":"https:\/\/swisstinychalet.ch\/neuch\/wp-json\/wp\/v2\/posts\/6036\/revisions"}],"wp:attachment":[{"href":"https:\/\/swisstinychalet.ch\/neuch\/wp-json\/wp\/v2\/media?parent=6036"}],"wp:term":[{"taxonomy":"category","embeddable":true,"href":"https:\/\/swisstinychalet.ch\/neuch\/wp-json\/wp\/v2\/categories?post=6036"},{"taxonomy":"post_tag","embeddable":true,"href":"https:\/\/swisstinychalet.ch\/neuch\/wp-json\/wp\/v2\/tags?post=6036"}],"curies":[{"name":"wp","href":"https:\/\/api.w.org\/{rel}","templated":true}]}}