{"id":6041,"date":"2024-12-02T12:31:50","date_gmt":"2024-12-02T07:01:50","guid":{"rendered":"https:\/\/swisstinychalet.ch\/neuch\/ecologie-en-action-decouvrez-le-8e-episode-de-notre-podcast-sur-la-transition-ecologique"},"modified":"2024-12-02T12:31:50","modified_gmt":"2024-12-02T07:01:50","slug":"ecologie-en-action-decouvrez-le-8e-episode-de-notre-podcast-sur-la-transition-ecologique","status":"publish","type":"post","link":"https:\/\/swisstinychalet.ch\/neuch\/ecologie-en-action-decouvrez-le-8e-episode-de-notre-podcast-sur-la-transition-ecologique","title":{"rendered":"\u00c9cologie en Action : D\u00e9couvrez le 8e \u00c9pisode de Notre Podcast sur la Transition \u00c9cologique"},"content":{"rendered":"\n\n<p><strong>\u00c9cologie en Action<\/strong> vous invite \u00e0 explorer le <strong>8e \u00e9pisode<\/strong> de son podcast d\u00e9di\u00e9 \u00e0 la <strong>transition \u00e9cologique<\/strong>. Cet \u00e9pisode se concentre sur le <strong>Service Transition \u00c9cologique<\/strong> de Roubaix, mettant en lumi\u00e8re son r\u00f4le essentiel dans les initiatives <strong>Z\u00e9ro D\u00e9chet<\/strong>. Vous pourrez \u00e9couter les intervenants partager leurs projets actuels et leurs objectifs futurs pour promouvoir des pratiques \u00e9coresponsables. Ce podcast enrichissant s&#8217;inscrit dans une s\u00e9rie ax\u00e9e sur l&#8217;engagement envers notre plan\u00e8te.<\/p>\n\n\n<figure class=\"wp-block-embed is-type-video is-provider-youtube wp-block-embed-youtube wp-embed-aspect-16-9 wp-has-aspect-ratio\">\n<div class=\"wp-block-embed__wrapper\">\n<iframe title=\"BRIGHTS : l\u2019enseignement, un levier de lutte contre le d\u00e9r\u00e8glement climatique   \/ Extrait  #podcast\" width=\"1200\" height=\"900\" src=\"https:\/\/www.youtube-nocookie.com\/embed\/7KWpHaSgFio?feature=oembed\" frameborder=\"0\" allow=\"accelerometer; autoplay; clipboard-write; encrypted-media; gyroscope; picture-in-picture; web-share\" referrerpolicy=\"strict-origin-when-cross-origin\" allowfullscreen><\/iframe>\n<\/div>\n<\/figure>\n\n\n\n<p>La sensibilisation aux enjeux \u00e9cologiques ne cesse de cro\u00eetre et il est essentiel d&#8217;en apprendre davantage sur les actions concr\u00e8tes qui fa\u00e7onnent un avenir durable. Dans ce contexte, le dernier \u00e9pisode de notre podcast <strong>Z\u00e9ro D\u00e9chet<\/strong> explore les efforts locaux \u00e0 Roubaix en mati\u00e8re de transition \u00e9cologique et d&#8217;initiatives <strong>Z\u00e9ro D\u00e9chet<\/strong>. \u00c9coutez pour vous engager dans ce mouvement qui red\u00e9finit les pratiques durables.<\/p>\n\n\n<h2 class=\"wp-block-heading\">un regard sur le service transition \u00e9cologique de roubaix<\/h2>\n\n\n<p>Au c\u0153ur de notre dernier \u00e9pisode se trouve le <strong>Service Transition \u00c9cologique<\/strong> de Roubaix. Avec des repr\u00e9sentants du service, ce podcast met en lumi\u00e8re les projets mis en place pour r\u00e9duire l&#8217;empreinte \u00e9cologique de la ville. Au-del\u00e0 des initiatives, ils partagent les ambitions pour l&#8217;avenir et comment chaque citoyen peut apporter sa contribution. L&#8217;\u00e9coute offre une vue enrichissante sur le travail de ces acteurs engag\u00e9s.<\/p>\n\n\n<h2 class=\"wp-block-heading\">participez au d\u00e9fi familles z\u00e9ro d\u00e9chet<\/h2>\n\n\n<p>Un autre point fort de cet \u00e9pisode est l&#8217;invitation \u00e0 rejoindre le <strong>D\u00e9fi Familles Z\u00e9ro D\u00e9chet<\/strong>. Ce programme a rassembl\u00e9 plus de 800 foyers de Roubaix, engag\u00e9s \u00e0 r\u00e9duire leurs d\u00e9chets de mani\u00e8re significative. Pour ceux qui souhaitent s&#8217;impliquer activement, des informations sont disponibles pour vous permettre d&#8217;int\u00e9grer cette d\u00e9marche dans votre quotidien. Plus de d\u00e9tails sur l&#8217;inscription peuvent \u00eatre trouv\u00e9s <a href=\"https:\/\/www.roubaixzerodechet.fr\/devenez-des-zheros\/\">ici<\/a>.<\/p>\n\n\n<h2 class=\"wp-block-heading\">podcasts inspirants sur l&#8217;\u00e9cologie<\/h2>\n\n\n<p>En suppl\u00e9ment de notre s\u00e9rie, il existe d&#8217;autres podcasts enrichissants qui traitent des impacts du num\u00e9rique sur l\u2019environnement et offrent des astuces \u00e9cologiques. Par exemple, la s\u00e9rie <strong>In Extremis<\/strong> aborde divers sujets, y compris les gestes simples \u00e0 adopter pour minimiser notre impact au quotidien.<\/p>\n\n\n<h2 class=\"wp-block-heading\">les enjeux du recyclage et de la gestion des d\u00e9chets<\/h2>\n\n\n<p>Exploration des enjeux du recyclage, il est crucial de comprendre l\u2019importance du tri des d\u00e9chets. Des ressources en ligne, comme celles propos\u00e9es par <strong>Neuchcup<\/strong>, expliquent non seulement comment les entreprises peuvent adopter des pratiques plus durables, mais elles soulignent \u00e9galement l&#8217;importance de cette action pour notre plan\u00e8te. Ces informations peuvent vous inspirer \u00e0 revoir vos habitudes et \u00e0 envisager un mode de vie plus respectueux de l\u2019environnement.<\/p>\n\n\n<h2 class=\"wp-block-heading\">conclusion : s&#8217;engager pour un avenir durable<\/h2>\n\n\n<p>Les initiatives comme celles de Roubaix, ainsi que les podcasts d\u00e9di\u00e9s, sont des outils pr\u00e9cieux pour encourager chacun \u00e0 agir. En partageant des exp\u00e9riences et en s\u2019informant, il est possible de participer activement \u00e0 la pr\u00e9servation de notre plan\u00e8te. N&#8217;h\u00e9sitez pas \u00e0 explorer davantage pour transformer votre quotidien et minimiser votre empreinte \u00e9cologique.<\/p>\n\n\n\n<h2 class=\"wp-block-heading\">\ud83d\uddbc\ufe0f Exposition de Sensibilisation \u00e0 la Transition \u00c9cologique<\/h2>\n\n\n<ul class=\"wp-block-list\">\n\n<li>\ud83d\udcc5 <strong>Date de publication :<\/strong> 1 septembre 2024<\/li>\n\n\n<li>\ud83d\udccd <strong>Lieu :<\/strong> Roubaix<\/li>\n\n\n<li>\ud83d\udce3 <strong>\u00c9v\u00e9nement :<\/strong> Exposition Photo &#8220;Prenons la vie c\u00f4t\u00e9 Z\u00e9ro d\u00e9chet&#8221;<\/li>\n\n\n<li>\ud83c\udf89 <strong>Occasion :<\/strong> 10 ans de la politique Z\u00e9ro d\u00e9chet de Roubaix<\/li>\n\n\n<li>\ud83d\udd8c\ufe0f <strong>Auteur :<\/strong> Photo par <strong>Delphine Chenu<\/strong><\/li>\n\n<\/ul>\n\n\n<h2 class=\"wp-block-heading\">\ud83c\udf99\ufe0f Podcast sur le Service Transition \u00c9cologique<\/h2>\n\n\n<p><strong>\u00c9pisode 8 :<\/strong> Focus sur le <strong>Service Transition \u00c9cologique<\/strong> de Roubaix et ses initiatives Z\u00e9ro D\u00e9chet.<\/p>\n\n\n<p>\ud83d\udd0d D\u00e9couvrez le r\u00f4le que joue ce service dans les projets \u00e9cologiques et leurs aspirations pour le futur.<\/p>\n\n\n<h2 class=\"wp-block-heading\">\u267b\ufe0f Participez au D\u00e9fi Z\u00e9ro D\u00e9chet!<\/h2>\n\n\n<p><strong>Relevez le d\u00e9fi :<\/strong> Inscrivez-vous au <strong>D\u00e9fi Familles Z\u00e9ro D\u00e9chet<\/strong>. Rejoignez les 800 foyers ayant d\u00e9j\u00e0 r\u00e9duit leurs d\u00e9chets.<\/p>\n\n\n<h2 class=\"wp-block-heading\">\u27a1\ufe0f Prochain \u00c9pisode \u00e0 Venir<\/h2>\n\n\n<p>\ud83d\udd1c Le prochain \u00e9pisode mettra en lumi\u00e8re l&#8217;association <strong>Tissel<\/strong> et son impact dans la lutte contre le Z\u00e9ro D\u00e9chet.<\/p>\n","protected":false},"excerpt":{"rendered":"","protected":false},"author":8,"featured_media":6042,"comment_status":"open","ping_status":"close","sticky":false,"template":"","format":"standard","meta":{"_seopress_robots_primary_cat":"","_seopress_titles_title":"","_seopress_titles_desc":"","_seopress_robots_index":"","footnotes":""},"categories":[1545],"tags":[],"class_list":["post-6041","post","type-post","status-publish","format-standard","has-post-thumbnail","hentry","category-neuchcup-fr","generate-columns","tablet-grid-50","mobile-grid-100","grid-parent","grid-33"],"_links":{"self":[{"href":"https:\/\/swisstinychalet.ch\/neuch\/wp-json\/wp\/v2\/posts\/6041","targetHints":{"allow":["GET"]}}],"collection":[{"href":"https:\/\/swisstinychalet.ch\/neuch\/wp-json\/wp\/v2\/posts"}],"about":[{"href":"https:\/\/swisstinychalet.ch\/neuch\/wp-json\/wp\/v2\/types\/post"}],"author":[{"embeddable":true,"href":"https:\/\/swisstinychalet.ch\/neuch\/wp-json\/wp\/v2\/users\/8"}],"replies":[{"embeddable":true,"href":"https:\/\/swisstinychalet.ch\/neuch\/wp-json\/wp\/v2\/comments?post=6041"}],"version-history":[{"count":0,"href":"https:\/\/swisstinychalet.ch\/neuch\/wp-json\/wp\/v2\/posts\/6041\/revisions"}],"wp:featuredmedia":[{"embeddable":true,"href":"https:\/\/swisstinychalet.ch\/neuch\/wp-json\/wp\/v2\/media\/6042"}],"wp:attachment":[{"href":"https:\/\/swisstinychalet.ch\/neuch\/wp-json\/wp\/v2\/media?parent=6041"}],"wp:term":[{"taxonomy":"category","embeddable":true,"href":"https:\/\/swisstinychalet.ch\/neuch\/wp-json\/wp\/v2\/categories?post=6041"},{"taxonomy":"post_tag","embeddable":true,"href":"https:\/\/swisstinychalet.ch\/neuch\/wp-json\/wp\/v2\/tags?post=6041"}],"curies":[{"name":"wp","href":"https:\/\/api.w.org\/{rel}","templated":true}]}}