{"id":6045,"date":"2024-12-02T12:34:49","date_gmt":"2024-12-02T07:04:49","guid":{"rendered":"https:\/\/swisstinychalet.ch\/neuch\/vers-un-avenir-sans-plastique-les-ambitions-ecoresponsables-de-la-metropole-de-lyon"},"modified":"2024-12-02T12:34:49","modified_gmt":"2024-12-02T07:04:49","slug":"vers-un-avenir-sans-plastique-les-ambitions-ecoresponsables-de-la-metropole-de-lyon","status":"publish","type":"post","link":"https:\/\/swisstinychalet.ch\/neuch\/vers-un-avenir-sans-plastique-les-ambitions-ecoresponsables-de-la-metropole-de-lyon","title":{"rendered":"Vers un avenir sans plastique : Les ambitions \u00e9coresponsables de la m\u00e9tropole de Lyon"},"content":{"rendered":"\n\n<p>        La M\u00e9tropole de Lyon a r\u00e9cemment adopt\u00e9 un plan ambitieux, <strong>intitul\u00e9 &#8220;Z\u00e9ro Plastique&#8221;<\/strong>, lors de son Conseil de septembre 2024. Ce programme vise \u00e0 <strong>r\u00e9duire consid\u00e9rablement l&#8217;utilisation du plastique \u00e0 usage unique<\/strong> sur son territoire. En collaboration avec <strong>Z\u00e9ro Waste France<\/strong> et <strong>Z\u00e9ro Waste Europe<\/strong>, Lyon cherche \u00e0 limiter la production de plastique et \u00e0 encourager le <strong>r\u00e9emploi des mat\u00e9riaux<\/strong>. <\/p>\n\n\n<p>        Parmi les actions mises en place, on trouve un <strong>service de pr\u00eat de vaisselle r\u00e9utilisable<\/strong> pour \u00e9v\u00e9nements, la cr\u00e9ation d&#8217;un <strong>r\u00e9seau d&#8217;\u00e9v\u00e9nements \u00e9coresponsables<\/strong> et des initiatives pour mettre en avant les <strong>commerces engag\u00e9s<\/strong>. En sensibilisant la population gr\u00e2ce \u00e0 des spectacles et en fournissant des outils aux communes, le programme ambitionne d&#8217;impliquer les citoyens dans une <strong>transition vers une \u00e9conomie circulaire<\/strong> et de promouvoir des comportements durables.<\/p>\n\n\n<figure class=\"wp-block-embed is-type-video is-provider-youtube wp-block-embed-youtube wp-embed-aspect-16-9 wp-has-aspect-ratio\">\n<div class=\"wp-block-embed__wrapper\">\n<iframe title=\"Nicolas Lunven : &quot;On est heureux d&#039;\u00eatre l\u00e0&quot; | Vend\u00e9e Globe 2024\" width=\"1200\" height=\"675\" src=\"https:\/\/www.youtube-nocookie.com\/embed\/EaUZQgaFAnU?feature=oembed\" frameborder=\"0\" allow=\"accelerometer; autoplay; clipboard-write; encrypted-media; gyroscope; picture-in-picture; web-share\" referrerpolicy=\"strict-origin-when-cross-origin\" allowfullscreen><\/iframe>\n<\/div>\n<\/figure>\n\n\n\n<p>\u00c0 l&#8217;heure o\u00f9 la lutte contre la pollution plastique devient un imp\u00e9ratif, la <strong>m\u00e9tropole de Lyon<\/strong> se positionne comme un acteur majeur en mati\u00e8re de d\u00e9veloppement durable. Avec des initiatives visant \u00e0 r\u00e9duire l&#8217;usage du <strong>plastique<\/strong>, elle s&#8217;engage \u00e0 transformer les comportements de consommation et \u00e0 promouvoir des solutions alternatives. Ce plan ne se limite pas \u00e0 des d\u00e9clarations, mais souligne un v\u00e9ritable mouvement vers une \u00e9conomie circulaire qui d\u00e9butera au sein m\u00eame de son territoire.<\/p>\n\n\n<h2 class=\"wp-block-heading\">Un plan ambitieux pour un environnement sain<\/h2>\n\n\n<p>Lors du conseil m\u00e9tropolitain de septembre 2024, un plan d&#8217;actions intitul\u00e9 <i>&#8220;Z\u00e9ro Plastique&#8221;<\/i> a \u00e9t\u00e9 adopt\u00e9, annon\u00e7ant une vague de changements. En collaboration avec <strong>Z\u00e9ro Waste France<\/strong> et <strong>Z\u00e9ro Waste Europe<\/strong>, la m\u00e9tropole met l&#8217;accent sur la n\u00e9cessit\u00e9 de r\u00e9duire, et potentiellement d&#8217;\u00e9liminer, le plastique \u00e0 usage unique. Ce projet illustre une volont\u00e9 ferme de r\u00e9pondre \u00e0 l&#8217;urgence de la crise environnementale et sanitaire qui r\u00e9sulte d&#8217;une surproduction de plastique. Au c\u0153ur de ce plan se trouve l&#8217;ambition de favoriser le r\u00e9emploi des mat\u00e9riaux tout en diminuant leur consommation excessive.<\/p>\n\n\n<h2 class=\"wp-block-heading\">Actions concr\u00e8tes pour un changement durable<\/h2>\n\n\n<p>Le plan d&#8217;action <strong>z\u00e9ro plastique<\/strong> englobe plusieurs mesures sp\u00e9cifiques et strat\u00e9giques visant \u00e0 transformer les pratiques sur le territoire. Parmi celles-ci, la m\u00e9tropole propose un service de pr\u00eat gratuit de vaisselle r\u00e9utilisable, permettant d&#8217;accompagner de nombreuses structures dans la transition vers une gestion des d\u00e9chets plus responsable. Le but est d&#8217;accompagner chaque ann\u00e9e 30 \u00e9v\u00e9nements pour les aider \u00e0 opter pour des solutions plus durables.<\/p>\n\n\n<p>Un autre axe central est la cr\u00e9ation d&#8217;un r\u00e9seau d&#8217;\u00e9v\u00e9nements <strong>\u00e9coresponsables<\/strong>. Avec l&#8217;objectif d&#8217;unir jusqu&#8217;\u00e0 200 structures, cette initiative cherche \u00e0 diminuer l&#8217;impact des manifestations publiques en mati\u00e8re de d\u00e9partement des d\u00e9chets plastiques. En parall\u00e8le, un effort est consenti pour d\u00e9velopper des initiatives au sein du commerce local, comme les projets <i>&#8220;Mon Commer\u00e7ant m\u2019emballe durablement&#8221;<\/i> et <i>&#8220;My Gourde Friendly&#8221;<\/i>, encourageant les commer\u00e7ants \u00e0 r\u00e9duire leur usage d&#8217;emballages plastiques.<\/p>\n\n\n<h2 class=\"wp-block-heading\">Sensibilisation et engagement collectif<\/h2>\n\n\n<p>Le volet sensibilisation ne saurait \u00eatre n\u00e9glig\u00e9. Pour 2024-2025, la tourn\u00e9e du spectacle <i>Plan\u00e8te Plastique<\/i> vise \u00e0 \u00e9veiller les consciences sur les enjeux li\u00e9s \u00e0 l&#8217;utilisation du plastique, en se produisant dans diff\u00e9rentes communes de la m\u00e9tropole. Cette approche permet d&#8217;impliquer toute la communaut\u00e9 dans un engagement collectif vers un avenir meilleur.<\/p>\n\n\n<p>La m\u00e9tropole n&#8217;arr\u00eate pas l\u00e0 ses efforts. En proposant des ressources et une multitude d&#8217;outils pratiques aux communes, comme un <strong>pack r\u00e9emploi<\/strong> et une biblioth\u00e8que d&#8217;achats sans plastique, elle incite \u00e0 une r\u00e9flexion sur l&#8217;organisation d&#8217;\u00e9v\u00e9nements sans plastique. Ce cadre collaboratif g\u00e9n\u00e8re une dynamique positive, rendant chaque acteur plus conscient de son r\u00f4le dans cette transition.<\/p>\n\n\n<h2 class=\"wp-block-heading\">Un exemple \u00e0 suivre<\/h2>\n\n\n<p>Enfin, les armes mises en \u0153uvre par la <strong>m\u00e9tropole de Lyon<\/strong> dans cette lutte contre la pollution plastique pourraient inspirer d&#8217;autres collectivit\u00e9s, tant en France qu&#8217;en Europe. En d\u00e9montrant qu&#8217;il est possible d&#8217;agir \u00e0 une \u00e9chelle locale tout en provoquant un impact global, ce plan aspire \u00e0 \u00eatre un mod\u00e8le de r\u00e9f\u00e9rence pour d&#8217;autres territoires cherchant \u00e0 s&#8217;impliquer dans la protection de l&#8217;environnement.<\/p>\n\n\n<p>La d\u00e9marche de Lyon, ax\u00e9e sur la r\u00e9duction du plastique \u00e0 usage unique et l&#8217;encouragement de solutions r\u00e9utilisables, est essentielle pour sensibiliser les citoyens \u00e0 l&#8217;importance de pr\u00e9server notre environnement et notre sant\u00e9. En abordant ces enjeux de front, la m\u00e9tropole se positionne au c\u0153ur d&#8217;une transformation environnementale significative, offrant \u00e0 la communaut\u00e9 un avenir sans plastique.<\/p>\n\n\n\n<h2 class=\"wp-block-heading\">Un Ambitieux Projet \u00c9cologique \u00e0 Lyon<\/h2>\n\n\n<figure class=\"wp-block-table\">\n<table>\n<tbody>\n<tr>\n<td>\ud83c\udf0d<\/td>\n<td><strong>La M\u00e9tropole de Lyon<\/strong> a adopt\u00e9 en septembre 2024 un <strong>plan d&#8217;actions<\/strong> visant \u00e0 r\u00e9duire l&#8217;utilisation du plastique sur son territoire.<\/td>\n<\/tr>\n<tr>\n<td>\ud83d\udd04<\/td>\n<td>Le programme, intitul\u00e9 <i><strong>&#8220;Z\u00e9ro Plastique&#8221;<\/strong><\/i>, s&#8217;engage \u00e0 diminuer l&#8217;usage du <strong>plastique \u00e0 usage unique<\/strong> tout en favorisant le <strong>r\u00e9emploi<\/strong>.<\/td>\n<\/tr>\n<tr>\n<td>\ud83d\udcc9<\/td>\n<td>Plus de <strong>50 % de la production mondiale de plastique<\/strong> est consacr\u00e9e \u00e0 des produits \u00e0 usage unique, ce qui entra\u00eene de graves probl\u00e8mes environnementaux.<\/td>\n<\/tr>\n<tr>\n<td>\u26a0\ufe0f<\/td>\n<td>Les plastiques non biod\u00e9gradables provoquent une <strong>pollution<\/strong> des sols et des oc\u00e9ans et contaminent la cha\u00eene alimentaire, tout en contenant des <strong>additifs dangereux<\/strong>.<\/td>\n<\/tr>\n<tr>\n<td>\ud83d\uded1<\/td>\n<td>La M\u00e9tropole souhaite agir \u00e0 la source pour r\u00e9duire la production de <strong>plastique \u00e0 usage unique<\/strong>, car moins de <strong>10 % sont recycl\u00e9s<\/strong>.<\/td>\n<\/tr>\n<tr>\n<td>\ud83d\udcc5<\/td>\n<td>Le <strong>plan d\u2019actions z\u00e9ro plastique<\/strong> commence avec des initiatives concr\u00e8tes en 2024 et s&#8217;\u00e9tendra dans les prochaines ann\u00e9es.<\/td>\n<\/tr>\n<tr>\n<td>\ud83c\udf7d\ufe0f<\/td>\n<td><strong>Accompagnement et pr\u00eat de vaisselle r\u00e9utilisable :<\/strong> Service gratuit de pr\u00eat de vaisselle consign\u00e9e pour \u00e9viter les d\u00e9chets lors des \u00e9v\u00e9nements.<\/td>\n<\/tr>\n<tr>\n<td>\ud83e\udd1d<\/td>\n<td><strong>Cr\u00e9ation d&#8217;un r\u00e9seau d&#8217;\u00e9v\u00e9nements \u00e9coresponsables :<\/strong> F\u00e9d\u00e9rer jusqu&#8217;\u00e0 200 structures partenaires pour r\u00e9duire l&#8217;impact des d\u00e9chets plastiques.<\/td>\n<\/tr>\n<tr>\n<td>\ud83d\uded2<\/td>\n<td><strong>D\u00e9veloppement des commerces engag\u00e9s :<\/strong> Encourager des pratiques \u00e9coresponsables et promouvoir l&#8217;usage de bouteilles consign\u00e9es.<\/td>\n<\/tr>\n<tr>\n<td>\ud83d\udc65<\/td>\n<td><strong>Sensibilisation par le spectacle <i>&#8220;Plan\u00e8te Plastique&#8221;<\/i> :<\/strong> Organisation de 40 repr\u00e9sentations pour informer le public sur les enjeux li\u00e9s au plastique.<\/td>\n<\/tr>\n<tr>\n<td>\ud83d\udcda<\/td>\n<td><strong>Ressources pour les communes :<\/strong> Mise \u00e0 disposition de solutions pour r\u00e9duire l&#8217;usage du plastique lors des \u00e9v\u00e9nements.<\/td>\n<\/tr>\n<tr>\n<td>\ud83d\udcaa<\/td>\n<td>Ce plan vise \u00e0 <strong>mutualiser les efforts<\/strong> et \u00e0 faire de la r\u00e9duction du plastique un levier de <strong>transition \u00e9cologique<\/strong>.<\/td>\n<\/tr>\n<tr>\n<td>\ud83d\udca1<\/td>\n<td>Il permet \u00e9galement d&#8217;<strong>impliquer les citoyens<\/strong> pour un changement durable des comportements et vers une <strong>\u00e9conomie circulaire<\/strong>.<\/td>\n<\/tr>\n<tr>\n<td>\ud83c\udf31<\/td>\n<td>Cette initiative pourrait inspirer d&#8217;autres collectivit\u00e9s pour lutter contre la <strong>pollution plastique<\/strong> et promouvoir des modes de consommation plus durables.<\/td>\n<\/tr>\n<tr>\n<td>\u2714\ufe0f<\/td>\n<td>Le plan marque une <strong>\u00e9tape importante<\/strong> dans la lutte contre la crise environnementale provoqu\u00e9e par le plastique.<\/td>\n<\/tr>\n<\/tbody>\n<\/table>\n<\/figure>\n","protected":false},"excerpt":{"rendered":"","protected":false},"author":10,"featured_media":6046,"comment_status":"open","ping_status":"close","sticky":false,"template":"","format":"standard","meta":{"_seopress_robots_primary_cat":"","_seopress_titles_title":"","_seopress_titles_desc":"","_seopress_robots_index":"","footnotes":""},"categories":[1545],"tags":[],"class_list":["post-6045","post","type-post","status-publish","format-standard","has-post-thumbnail","hentry","category-neuchcup-fr","generate-columns","tablet-grid-50","mobile-grid-100","grid-parent","grid-33"],"_links":{"self":[{"href":"https:\/\/swisstinychalet.ch\/neuch\/wp-json\/wp\/v2\/posts\/6045","targetHints":{"allow":["GET"]}}],"collection":[{"href":"https:\/\/swisstinychalet.ch\/neuch\/wp-json\/wp\/v2\/posts"}],"about":[{"href":"https:\/\/swisstinychalet.ch\/neuch\/wp-json\/wp\/v2\/types\/post"}],"author":[{"embeddable":true,"href":"https:\/\/swisstinychalet.ch\/neuch\/wp-json\/wp\/v2\/users\/10"}],"replies":[{"embeddable":true,"href":"https:\/\/swisstinychalet.ch\/neuch\/wp-json\/wp\/v2\/comments?post=6045"}],"version-history":[{"count":0,"href":"https:\/\/swisstinychalet.ch\/neuch\/wp-json\/wp\/v2\/posts\/6045\/revisions"}],"wp:featuredmedia":[{"embeddable":true,"href":"https:\/\/swisstinychalet.ch\/neuch\/wp-json\/wp\/v2\/media\/6046"}],"wp:attachment":[{"href":"https:\/\/swisstinychalet.ch\/neuch\/wp-json\/wp\/v2\/media?parent=6045"}],"wp:term":[{"taxonomy":"category","embeddable":true,"href":"https:\/\/swisstinychalet.ch\/neuch\/wp-json\/wp\/v2\/categories?post=6045"},{"taxonomy":"post_tag","embeddable":true,"href":"https:\/\/swisstinychalet.ch\/neuch\/wp-json\/wp\/v2\/tags?post=6045"}],"curies":[{"name":"wp","href":"https:\/\/api.w.org\/{rel}","templated":true}]}}