{"id":6060,"date":"2024-12-03T12:33:04","date_gmt":"2024-12-03T07:03:04","guid":{"rendered":"https:\/\/swisstinychalet.ch\/neuch\/en-slovenie-deux-villes-pionnieres-dans-la-revolution-du-zero-dechet"},"modified":"2024-12-03T12:33:04","modified_gmt":"2024-12-03T07:03:04","slug":"en-slovenie-deux-villes-pionnieres-dans-la-revolution-du-zero-dechet","status":"publish","type":"post","link":"https:\/\/swisstinychalet.ch\/neuch\/en-slovenie-deux-villes-pionnieres-dans-la-revolution-du-zero-dechet","title":{"rendered":"En Slov\u00e9nie, deux villes pionni\u00e8res dans la r\u00e9volution du z\u00e9ro d\u00e9chet"},"content":{"rendered":"\n\n<p>En <strong>Slov\u00e9nie<\/strong>, les villes de <strong>Bled<\/strong> et <strong>Gorje<\/strong> se sont distingu\u00e9es en devenant les premi\u00e8res municipalit\u00e9s europ\u00e9ennes \u00e0 recevoir la certification \u00ab <strong>z\u00e9ro d\u00e9chet<\/strong> \u00bb en avril 2022. Gr\u00e2ce \u00e0 une politique de <strong>r\u00e9duction des d\u00e9chets<\/strong> et \u00e0 plus de 40 mesures mises en place, elles ont significativement am\u00e9lior\u00e9 leur <strong>gestion des ressources<\/strong> et le <strong>tri s\u00e9lectif<\/strong>. Le taux de tri est pass\u00e9 de 7 \u00e0 75 % pour Gorje et de 11 \u00e0 71 % pour Bled. Les habitants sont incit\u00e9s \u00e9conomiquement \u00e0 g\u00e9n\u00e9rer moins de d\u00e9chets, tandis que des amendes sont appliqu\u00e9es aux mauvais trieurs. En parall\u00e8le, les autorit\u00e9s ont sensibilis\u00e9 les touristes, permettant une r\u00e9duction des <strong>d\u00e9chets r\u00e9siduels<\/strong> malgr\u00e9 l\u2019augmentation du nombre de visiteurs.<\/p>\n\n\n<figure class=\"wp-block-embed is-type-video is-provider-youtube wp-block-embed-youtube wp-embed-aspect-16-9 wp-has-aspect-ratio\">\n<div class=\"wp-block-embed__wrapper\">\n<iframe title=\"Slov\u00e9nie: le centre-droit donn\u00e9 grand gagnant des l\u00e9gislatives anticip\u00e9es\" width=\"1200\" height=\"675\" src=\"https:\/\/www.youtube-nocookie.com\/embed\/NmgBA3EfFBA?feature=oembed\" frameborder=\"0\" allow=\"accelerometer; autoplay; clipboard-write; encrypted-media; gyroscope; picture-in-picture; web-share\" referrerpolicy=\"strict-origin-when-cross-origin\" allowfullscreen><\/iframe>\n<\/div>\n<\/figure>\n\n\n\n<p>La *Slov\u00e9nie*, bien connue pour ses paysages \u00e0 couper le souffle et son patrimoine culturel, se positionne \u00e9galement en tant que pr\u00e9curseur dans le domaine de la durabilit\u00e9. Deux de ses villes, *Bled* et *Gorje*, ont r\u00e9cemment \u00e9t\u00e9 reconnues pour leur engagement exemplaire dans la d\u00e9marche \u00ab\u00a0z\u00e9ro d\u00e9chet\u00a0\u00bb. Ce mod\u00e8le inspirant pourrait donner des id\u00e9es \u00e0 de nombreuses autres municipalit\u00e9s \u00e0 travers l&#8217;Europe et au-del\u00e0.<\/p>\n\n\n<h2 class=\"wp-block-heading\">Un succ\u00e8s tangible vers le z\u00e9ro d\u00e9chet<\/h2>\n\n\n<p>Avec une population combin\u00e9e de seulement 10 000 habitants, ces deux communes ont fait le choix audacieux de mettre en place une politique de r\u00e9duction des d\u00e9chets qui a port\u00e9 ses fruits. En\tavril 2022, *Mission Zero Academy* a d\u00e9cern\u00e9 \u00e0 *Bled* et *Gorje* la certification \u00ab\u00a0z\u00e9ro d\u00e9chet\u00a0\u00bb, une reconnaissance qui valorise des ann\u00e9es d&#8217;efforts constants. Le taux de tri a consid\u00e9rablement augment\u00e9, passant de 7 \u00e0 75 % pour Gorje et de 11 \u00e0 71 % pour Bled.<\/p>\n\n\n<p>Cette avanc\u00e9e n&#8217;est pas le fruit du hasard. Les municipalit\u00e9s, en collaboration avec l&#8217;organisation locale *Ekologi brez meja*, ont mis en place des mesures concr\u00e8tes et des initiatives visant \u00e0 sensibiliser non seulement leurs habitants, mais \u00e9galement les touristes. En effet, le taux de d\u00e9chets a diminu\u00e9 de 16 % malgr\u00e9 la hausse du nombre de visiteurs. Cette dynamique montre \u00e0 quel point il est possible d&#8217;allier attractivit\u00e9 touristique et protection de l&#8217;environnement.<\/p>\n\n\n<h2 class=\"wp-block-heading\">L&#8217;incitation plut\u00f4t que la contrainte<\/h2>\n\n\n<p>Les habitants de *Bled* et de *Gorje* b\u00e9n\u00e9ficient d&#8217;une approche incitative concernant la gestion de leurs d\u00e9chets. Moins une personne produit de d\u00e9chets, moins elle paie. Les municipalit\u00e9s encouragent ainsi le tri des d\u00e9chets par un syst\u00e8me de r\u00e9duction des frais pour ceux qui adoptent de bonnes pratiques. En parall\u00e8le, des sanctions financi\u00e8res dissuadent les comportements n\u00e9fastes, allant jusqu&#8217;\u00e0 400 euros pour les r\u00e9cidivistes. L&#8217;engagement des autorit\u00e9s est palpable, ce qui incite les citoyens \u00e0 participer activement \u00e0 cette transition.<\/p>\n\n\n<h2 class=\"wp-block-heading\">Sensibilisation des touristes<\/h2>\n\n\n<p>Les villes ne se sont pas content\u00e9es de travailler sur leur seul territoire. La sensibilisation des touristes, attir\u00e9s par la beaut\u00e9 de *Bled* et son lac l\u00e9gendaire, a \u00e9galement \u00e9t\u00e9 une priorit\u00e9. Les informations relatives au tri et \u00e0 la gestion des d\u00e9chets sont accessibles en anglais, ce qui facilite la compr\u00e9hension. Des \u00e9v\u00e9nements publics et des programmes \u00e9ducatifs dans les \u00e9coles locales renforcent cette volont\u00e9 d&#8217;\u00e9duquer toutes les parties prenantes.<\/p>\n\n\n<h2 class=\"wp-block-heading\">Une r\u00e9volution durable \u00e0 l&#8217;\u00e9chelle municipale<\/h2>\n\n\n<p>Le processus de certification est rigoureux et comporte plusieurs \u00e9tapes, allant de la d\u00e9claration d\u2019int\u00e9r\u00eat \u00e0 une am\u00e9lioration continue. Actuellement, dix-sept municipalit\u00e9s slov\u00e8nes, dont la capitale *Ljubljana*, sont engag\u00e9es sur cette voie. La collaboration entre villes favorise le partage de connaissances et l&#8217;appui mutuel dans cette d\u00e9marche.<\/p>\n\n\n<p>Les r\u00e9sultats obtenus dans ces deux villes repr\u00e9sentent un v\u00e9ritable mod\u00e8le \u00e0 suivre, non seulement pour les villes slov\u00e8nes, mais \u00e9galement pour d&#8217;autres agglom\u00e9rations europ\u00e9ennes. Des initiatives telles que celle-ci montrent qu&#8217;une action locale peut avoir un large p\u00e9rim\u00e8tre d&#8217;influence sur la durabilit\u00e9 environnementale.<\/p>\n\n\n<h2 class=\"wp-block-heading\">Les d\u00e9fis restant \u00e0 relever<\/h2>\n\n\n<p>Une attention particuli\u00e8re doit \u00e9galement \u00eatre port\u00e9e sur les producteurs. Comme le souligne *Jaka Kranjc*, de l\u2019agence *Ekologi brez meja*, 89 % des impacts d&#8217;un produit sont d\u00e9termin\u00e9s \u00e0 sa conception. Les municipalit\u00e9s doivent donc travailler avec les producteurs pour am\u00e9liorer la durabilit\u00e9 de leurs offres. Cela soul\u00e8ve des questions sur la mani\u00e8re dont les collectivit\u00e9s peuvent influencer l&#8217;ensemble de la cha\u00eene de valeur.<\/p>\n\n\n<p>Malgr\u00e9 ces d\u00e9fis, la Slov\u00e9nie brille par son engagement en faveur du z\u00e9ro d\u00e9chet. Elle sert de mod\u00e8le aux autres pays europ\u00e9ens qui souhaitent diminuer leur empreinte \u00e9cologique. L&#8217;approche innovante de *Bled* et *Gorje* pourrait inciter de nombreuses villes \u00e0 adopter des pratiques similaires, cr\u00e9ant ainsi une v\u00e9ritable onde de choc pour la durabilit\u00e9 \u00e0 travers le vieux continent.<\/p>\n\n\n<blockquote class=\"wp-block-quote is-layout-flow wp-block-quote-is-layout-flow\">\n\n<p><strong>Pour en savoir plus sur les diff\u00e9rentes fa\u00e7ons d&#8217;adopter un mode de vie z\u00e9ro d\u00e9chet, vous pouvez consulter des ressources suppl\u00e9mentaires sur <a href=\"https:\/\/swisstinychalet.ch\/neuch\/comment-adopter-une-routine-zero-dechet-facilement\">l&#8217;adoption d&#8217;une routine z\u00e9ro d\u00e9chet<\/a> ou encore <a href=\"https:\/\/swisstinychalet.ch\/neuch\/ecologie-et-zero-dechet\/comment-leducation-et-la-sensibilisation-aident-elles-a-reduire-les-dechets\/comment-organiser-des-ateliers-zero-dechet\">comment organiser des ateliers sur le z\u00e9ro d\u00e9chet<\/a>.<\/strong>\n<\/p>\n\n<\/blockquote>\n\n\n\n<figure class=\"wp-block-table\">\n<table>\n<tbody>\n<tr>\n<td>\ud83c\udf0d<\/td>\n<td><strong>Des villes pionni\u00e8res en mati\u00e8re de z\u00e9ro d\u00e9chet<\/strong>: Gorje et Bled, certifi\u00e9es \u00ab z\u00e9ro d\u00e9chet \u00bb en Europe.<\/td>\n<\/tr>\n<tr>\n<td>\ud83d\udd16<\/td>\n<td><strong>Certification officielle<\/strong>: D\u00e9cern\u00e9e par l&#8217;ONG Mission Zero Academy, plus de 460 villes en Europe engag\u00e9es.<\/td>\n<\/tr>\n<tr>\n<td>\ud83d\udcc8<\/td>\n<td><strong>Progr\u00e8s significatifs<\/strong>: Augmentation du taux de tri s\u00e9lectif \u00e0 Gorje (7% \u00e0 75%) et \u00e0 Bled (11% \u00e0 71%) depuis 2014.<\/td>\n<\/tr>\n<tr>\n<td>\ud83d\udcb0<\/td>\n<td><strong>Incitations \u00e9conomiques<\/strong>: Moins de d\u00e9chets g\u00e9n\u00e9r\u00e9s \u00e9galent des co\u00fbts r\u00e9duits pour les habitants.<\/td>\n<\/tr>\n<tr>\n<td>\ud83d\udea8<\/td>\n<td><strong>Sanctions en cas de non-conformit\u00e9<\/strong>: Amendes pouvant atteindre 400 euros pour les mauvaises pratiques de tri.<\/td>\n<\/tr>\n<tr>\n<td>\ud83d\udee1\ufe0f<\/td>\n<td><strong>Surveillance stricte<\/strong>: Contr\u00f4les r\u00e9guliers par les \u00e9boueurs et inspecteurs pour assurer le respect des r\u00e8gles.<\/td>\n<\/tr>\n<tr>\n<td>\ud83c\udfde\ufe0f<\/td>\n<td><strong>Sensibilisation des touristes<\/strong>: Traduction des consignes en plusieurs langues et \u00e9v\u00e9nements \u00e9ducatifs.<\/td>\n<\/tr>\n<tr>\n<td>\u2699\ufe0f<\/td>\n<td><strong>Investissement dans l&#8217;\u00e9ducation<\/strong>: \u00c9conomie r\u00e9alis\u00e9e sur les d\u00e9chets r\u00e9investie dans des infrastructures et des activit\u00e9s de sensibilisation.<\/td>\n<\/tr>\n<tr>\n<td>\ud83c\udf93<\/td>\n<td><strong>Phase de certification<\/strong>: Engagement et mise en pratique n\u00e9cessaires pour atteindre le statut de \u00ab z\u00e9ro d\u00e9chet \u00bb.<\/td>\n<\/tr>\n<tr>\n<td>\ud83c\udf31<\/td>\n<td><strong>Impact sur les producteurs<\/strong>: La conception des produits influe sur 89% de leurs impacts environnementaux.<\/td>\n<\/tr>\n<\/tbody>\n<\/table>\n<\/figure>\n","protected":false},"excerpt":{"rendered":"","protected":false},"author":9,"featured_media":6061,"comment_status":"open","ping_status":"close","sticky":false,"template":"","format":"standard","meta":{"_seopress_robots_primary_cat":"","_seopress_titles_title":"","_seopress_titles_desc":"","_seopress_robots_index":"","footnotes":""},"categories":[1545],"tags":[],"class_list":["post-6060","post","type-post","status-publish","format-standard","has-post-thumbnail","hentry","category-neuchcup-fr","generate-columns","tablet-grid-50","mobile-grid-100","grid-parent","grid-33"],"_links":{"self":[{"href":"https:\/\/swisstinychalet.ch\/neuch\/wp-json\/wp\/v2\/posts\/6060","targetHints":{"allow":["GET"]}}],"collection":[{"href":"https:\/\/swisstinychalet.ch\/neuch\/wp-json\/wp\/v2\/posts"}],"about":[{"href":"https:\/\/swisstinychalet.ch\/neuch\/wp-json\/wp\/v2\/types\/post"}],"author":[{"embeddable":true,"href":"https:\/\/swisstinychalet.ch\/neuch\/wp-json\/wp\/v2\/users\/9"}],"replies":[{"embeddable":true,"href":"https:\/\/swisstinychalet.ch\/neuch\/wp-json\/wp\/v2\/comments?post=6060"}],"version-history":[{"count":0,"href":"https:\/\/swisstinychalet.ch\/neuch\/wp-json\/wp\/v2\/posts\/6060\/revisions"}],"wp:featuredmedia":[{"embeddable":true,"href":"https:\/\/swisstinychalet.ch\/neuch\/wp-json\/wp\/v2\/media\/6061"}],"wp:attachment":[{"href":"https:\/\/swisstinychalet.ch\/neuch\/wp-json\/wp\/v2\/media?parent=6060"}],"wp:term":[{"taxonomy":"category","embeddable":true,"href":"https:\/\/swisstinychalet.ch\/neuch\/wp-json\/wp\/v2\/categories?post=6060"},{"taxonomy":"post_tag","embeddable":true,"href":"https:\/\/swisstinychalet.ch\/neuch\/wp-json\/wp\/v2\/tags?post=6060"}],"curies":[{"name":"wp","href":"https:\/\/api.w.org\/{rel}","templated":true}]}}