{"id":6062,"date":"2024-12-03T12:33:57","date_gmt":"2024-12-03T07:03:57","guid":{"rendered":"https:\/\/swisstinychalet.ch\/neuch\/en-reponse-au-defi-climatique-les-festivals-de-musique-adoptent-une-approche-plus-durable-pour-leurs-evenements"},"modified":"2024-12-03T12:33:57","modified_gmt":"2024-12-03T07:03:57","slug":"en-reponse-au-defi-climatique-les-festivals-de-musique-adoptent-une-approche-plus-durable-pour-leurs-evenements","status":"publish","type":"post","link":"https:\/\/swisstinychalet.ch\/neuch\/en-reponse-au-defi-climatique-les-festivals-de-musique-adoptent-une-approche-plus-durable-pour-leurs-evenements","title":{"rendered":"En r\u00e9ponse au d\u00e9fi climatique, les festivals de musique adoptent une approche plus durable pour leurs \u00e9v\u00e9nements"},"content":{"rendered":"\n\n<p>Dans un contexte de <strong>difficult\u00e9s environnementales<\/strong>, de nombreux <strong>festivals de musique<\/strong> prennent conscience de leur <strong>impact \u00e9cologique<\/strong> et adoptent des pratiques plus <strong>d\u00e9carbon\u00e9es<\/strong>. Ces \u00e9v\u00e9nements mettent en place des initiatives telles que l&#8217;utilisation de <strong>panneaux solaires<\/strong>, le <strong>recyclage<\/strong> des d\u00e9chets, et la promotion de l&#8217;<strong>\u00e9coconception<\/strong> pour r\u00e9duire leur empreinte carbone. Les organisateurs cherchent \u00e9galement \u00e0 sensibiliser le public et \u00e0 encourager des comportements \u00e9coresponsables parmi les festivaliers. En int\u00e9grant des mesures de <strong>durabilit\u00e9<\/strong>, ces festivals visent \u00e0 \u00e9quilibrer passion musicale et respect de l&#8217;environnement.<\/p>\n\n\n<figure class=\"wp-block-embed is-type-video is-provider-youtube wp-block-embed-youtube wp-embed-aspect-16-9 wp-has-aspect-ratio\">\n<div class=\"wp-block-embed__wrapper\">\n<iframe title=\"P\u00c8LERINAGE DANS LE DESERT DU MAROC! - PODCAST CONNEXION - \u00c9PISODE #24\" width=\"1200\" height=\"675\" src=\"https:\/\/www.youtube-nocookie.com\/embed\/BsN8IZ8W5uU?feature=oembed\" frameborder=\"0\" allow=\"accelerometer; autoplay; clipboard-write; encrypted-media; gyroscope; picture-in-picture; web-share\" referrerpolicy=\"strict-origin-when-cross-origin\" allowfullscreen><\/iframe>\n<\/div>\n<\/figure>\n\n\n\n<p>Les festivals de musique, ces v\u00e9ritables c\u00e9l\u00e9brations de la culture et de l&#8217;unit\u00e9, prennent maintenant conscience de leur empreinte \u00e9cologique. Face \u00e0 l&#8217;urgence climatique, de nombreux \u00e9v\u00e9nements commencent \u00e0 revoir leur mod\u00e8le d\u2019organisation. Au-del\u00e0 des m\u00e9lodies et des rythmes entra\u00eenants, un \u00e9cho puissant derive maintenant des lieux de festivit\u00e9s : la n\u00e9cessit\u00e9 d&#8217;un changement. Comment ces \u00e9v\u00e9nements embl\u00e9matiques \u0153uvrent-ils pour un avenir plus vert ? Cet article se penche sur cette r\u00e9volution, qui allie passion musicale et <strong>durabilit\u00e9<\/strong>.<\/p>\n\n\n<h2 class=\"wp-block-heading\">Des initiatives \u00e9coresponsables au c\u0153ur des festivals<\/h2>\n\n\n<p>Des festivals tels que <strong>Garorock<\/strong>, <strong>We Love Green<\/strong>, et <strong>Cabaret Vert<\/strong> ne sont que quelques exemples de manifestations qui adoptent des pratiques respectueuses de l&#8217;environnement. Gr\u00e2ce \u00e0 des dispositifs innovants comme les toilettes s\u00e8ches, les food trucks proposant des produits bio, et l&#8217;utilisation de panneaux solaires, ils transforment l&#8217;exp\u00e9rience des festivaliers. Loin de se limiter \u00e0 une simple d\u00e9marche, ces actions encouragent une prise de conscience collective.<\/p>\n\n\n<p>Participer \u00e0 un festival devient d\u00e8s lors une opportunit\u00e9 pour les visiteurs de s\u2019engager activement en faveur de la <strong>cause \u00e9cologique<\/strong>. Cela s&#8217;apparente \u00e0 un mouvement o\u00f9 chaque individu, arm\u00e9 de sa <strong>gourde r\u00e9utilisable<\/strong>, contribue \u00e0 r\u00e9duire la production de d\u00e9chets. La musique s&#8217;accompagne ainsi d&#8217;un puissant message : il est possible de profiter d&#8217;un \u00e9v\u00e9nement tout en pr\u00e9servant la plan\u00e8te.<\/p>\n\n\n<h2 class=\"wp-block-heading\">La n\u00e9cessit\u00e9 d\u2019\u00e9voluer face aux d\u00e9fis environnementaux<\/h2>\n\n\n<p>\u00c0 l&#8217;heure actuelle, ces grandes manifestations g\u00e9n\u00e8rent d&#8217;importantes quantit\u00e9s de <strong>CO2<\/strong>. Un festival capable d\u2019attirer jusqu&#8217;\u00e0 150 000 personnes peut \u00e9mettre environ 7 500 tonnes de CO2, soit l&#8217;\u00e9quivalent des \u00e9missions annuelles de 750 Fran\u00e7ais. Un chiffre qui interroge et qui pousse \u00e0 la r\u00e9flexion. La question se pose : comment ces \u00e9v\u00e9nements peuvent-ils \u00e9quilibrer la passion pour la musique et la responsabilit\u00e9 envers notre plan\u00e8te ? Les organisateurs y travaillent, mais des d\u00e9fis de taille demeurent.<\/p>\n\n\n<p>Fr\u00e9d\u00e9ric Rolland, responsable de la RSE pour <strong>Garorock<\/strong>, souligne l&#8217;importance d&#8217;une gestion strat\u00e9gique des d\u00e9chets sous le principe des <strong>3R<\/strong> : R\u00e9duire, R\u00e9utiliser, Recycler. Toutefois, malgr\u00e9 ces efforts, le changement ne s&#8217;op\u00e8re pas toujours rapidement. Les festivals doivent non seulement prendre conscience de leur impact, mais aussi s&#8217;engager vers des solutions \u00e0 plus grande \u00e9chelle.<\/p>\n\n\n<h2 class=\"wp-block-heading\">Les propositions d&#8217;une transformation durable<\/h2>\n\n\n<p>Il est essentiel pour les acteurs culturels de s&#8217;aligner sur des pratiques durables, car le chemin vers une <strong>\u00e9cologie<\/strong> responsable est jalonn\u00e9 d&#8217;obstacles. La cheffe du projet <strong>The Shift Project<\/strong>, H\u00e9lo\u00efse Lesimple, \u00e9voque l&#8217;urgence d&#8217;engager tous les acteurs concern\u00e9s, tant au niveau culturel que touristique. Dans son rapport sur les festivals de Bretagne, l&#8217;accent est mis sur l&#8217;importance d&#8217;initier le changement d\u00e8s aujourd&#8217;hui pour envisager un mod\u00e8le viable pour 2050. Cela n\u00e9cessite de penser \u00e0 des pratiques d\u2019\u00e9coconception en mati\u00e8re de tourn\u00e9es artistiques et d\u2019accessibilit\u00e9 des lieux.<\/p>\n\n\n<p>Les petits festivals pourraient bien devenir des mod\u00e8les de durabilit\u00e9, en adoptant des approches qui minimisent leur empreinte carbone tout en continuant d&#8217;apporter joie et festivit\u00e9. En misant sur des infrastructures de proximit\u00e9, ils optimisent l&#8217;utilisation des ressources tout en favorisant une ambiance conviviale.<\/p>\n\n\n<h2 class=\"wp-block-heading\">La communaut\u00e9 musicale engag\u00e9e pour l&#8217;avenir<\/h2>\n\n\n<p>Les musiciens eux-m\u00eames prennent conscience de leur impact \u00e9cologique. Des artistes comme <strong>Mosimann<\/strong> et le groupe <strong>Trinix<\/strong> montrent l&#8217;exemple en int\u00e9grant des pratiques durables dans leur quotidien. Ils privil\u00e9gient les transports en commun, partagent leur engagement sur les r\u00e9seaux sociaux, et sensibilisent leurs fans. Dans un paysage o\u00f9 l\u0259y\u0259b turtar de\u011fil d\u00e9j\u00e0 plus concert\u00e9, cette d\u00e9marche est salu\u00e9e et encourag\u00e9e.<\/p>\n\n\n<p>Finalement, la dynamique actuelle est celle d&#8217;une communaut\u00e9 musicale en qu\u00eate d&#8217;un mod\u00e8le de festival qui prenne en compte l\u2019urgence climatique. Les initiatives en faveur de la durabilit\u00e9 doivent s&#8217;intensifier, mais chaque pas compte. Les <strong>festivals<\/strong> de demain seront-ils en mesure de conjuguer musique entra\u00eenante et respect de l\u2019\u00e9cologie ? Reste \u00e0 voir si cette tendance se p\u00e9rennise, entra\u00eenant la culture vers un nouveau chemin.<\/p>\n\n\n\n<h2 class=\"wp-block-heading\">Les Festivals de Musique et l\u2019\u00c9cologie<\/h2>\n\n\n<figure class=\"wp-block-table\">\n<table>\n<tbody>\n<tr>\n<td>\ud83c\udfb6<\/td>\n<td><strong>De nouvelles pratiques \u00e9coresponsables<\/strong> : Les festivals adoptent des strat\u00e9gies pour r\u00e9duire leur empreinte carbone, int\u00e9grant des initiatives comme des toilettes s\u00e8ches et des food trucks bio.<\/td>\n<\/tr>\n<tr>\n<td>\ud83c\udf0d<\/td>\n<td><strong>Impact CO2<\/strong> : Un festival accueillant 150 000 personnes peut produire 7 500 tonnes de CO2, \u00e9quivalant \u00e0 l\u2019empreinte annuelle de 750 Fran\u00e7ais.<\/td>\n<\/tr>\n<tr>\n<td>\u267b\ufe0f<\/td>\n<td><strong>Gestion des d\u00e9chets<\/strong> : Des r\u00e9gies comme Garotri aident \u00e0 g\u00e9rer les d\u00e9chets en suivant le principe des 3R : R\u00e9duire, R\u00e9utiliser et Recycler.<\/td>\n<\/tr>\n<tr>\n<td>\ud83c\udfde\ufe0f<\/td>\n<td><strong>\u00c9coconception<\/strong> : Les festivals doivent anticiper un changement de mod\u00e8le pour envisager des pratiques durables \u00e0 grande \u00e9chelle.<\/td>\n<\/tr>\n<tr>\n<td>\ud83d\ude8d<\/td>\n<td><strong>Mobilit\u00e9 \u00e9coresponsable<\/strong> : Le d\u00e9veloppement de volets comme l\u2019\u00e9comobilit\u00e9, avec des partenariats de transport, est crucial pour r\u00e9duire l\u2019impact du transport des festivaliers.<\/td>\n<\/tr>\n<tr>\n<td>\ud83d\udca1<\/td>\n<td><strong>Sensibilisation<\/strong> : La sensibilisation et l\u2019\u00e9ducation des jeunes aux enjeux environnementaux deviennent essentielles pour un changement de mentalit\u00e9.<\/td>\n<\/tr>\n<tr>\n<td>\ud83c\udfa4<\/td>\n<td><strong>Engagement des artistes<\/strong> : Des artistes, comme Trinix et Mosimann, s&#8217;impliquent activement dans des pratiques \u00e9cologiques lors de leurs tourn\u00e9es.<\/td>\n<\/tr>\n<tr>\n<td>\ud83d\udcc9<\/td>\n<td><strong>D\u00e9marche collective<\/strong> : Certains groupes comme Shaka Ponk et Coldplay adaptent leurs pratiques pour respecter l\u2019urgence climatique.<\/td>\n<\/tr>\n<tr>\n<td>\ud83d\udd04<\/td>\n<td><strong>R\u00e9\u00e9valuation du mod\u00e8le festivalier<\/strong> : La question se pose de savoir si la multiplication des festivals est b\u00e9n\u00e9fique pour la culture et l&#8217;environnement.<\/td>\n<\/tr>\n<\/tbody>\n<\/table>\n<\/figure>\n","protected":false},"excerpt":{"rendered":"","protected":false},"author":10,"featured_media":6063,"comment_status":"open","ping_status":"close","sticky":false,"template":"","format":"standard","meta":{"_seopress_robots_primary_cat":"","_seopress_titles_title":"","_seopress_titles_desc":"","_seopress_robots_index":"","footnotes":""},"categories":[1545],"tags":[],"class_list":["post-6062","post","type-post","status-publish","format-standard","has-post-thumbnail","hentry","category-neuchcup-fr","generate-columns","tablet-grid-50","mobile-grid-100","grid-parent","grid-33"],"_links":{"self":[{"href":"https:\/\/swisstinychalet.ch\/neuch\/wp-json\/wp\/v2\/posts\/6062","targetHints":{"allow":["GET"]}}],"collection":[{"href":"https:\/\/swisstinychalet.ch\/neuch\/wp-json\/wp\/v2\/posts"}],"about":[{"href":"https:\/\/swisstinychalet.ch\/neuch\/wp-json\/wp\/v2\/types\/post"}],"author":[{"embeddable":true,"href":"https:\/\/swisstinychalet.ch\/neuch\/wp-json\/wp\/v2\/users\/10"}],"replies":[{"embeddable":true,"href":"https:\/\/swisstinychalet.ch\/neuch\/wp-json\/wp\/v2\/comments?post=6062"}],"version-history":[{"count":0,"href":"https:\/\/swisstinychalet.ch\/neuch\/wp-json\/wp\/v2\/posts\/6062\/revisions"}],"wp:featuredmedia":[{"embeddable":true,"href":"https:\/\/swisstinychalet.ch\/neuch\/wp-json\/wp\/v2\/media\/6063"}],"wp:attachment":[{"href":"https:\/\/swisstinychalet.ch\/neuch\/wp-json\/wp\/v2\/media?parent=6062"}],"wp:term":[{"taxonomy":"category","embeddable":true,"href":"https:\/\/swisstinychalet.ch\/neuch\/wp-json\/wp\/v2\/categories?post=6062"},{"taxonomy":"post_tag","embeddable":true,"href":"https:\/\/swisstinychalet.ch\/neuch\/wp-json\/wp\/v2\/tags?post=6062"}],"curies":[{"name":"wp","href":"https:\/\/api.w.org\/{rel}","templated":true}]}}