{"id":6086,"date":"2024-12-05T12:02:21","date_gmt":"2024-12-05T06:32:21","guid":{"rendered":"https:\/\/swisstinychalet.ch\/neuch\/le-zero-dechet-en-action-temoignages-inspirants"},"modified":"2024-12-05T12:02:21","modified_gmt":"2024-12-05T06:32:21","slug":"le-zero-dechet-en-action-temoignages-inspirants","status":"publish","type":"post","link":"https:\/\/swisstinychalet.ch\/neuch\/le-zero-dechet-en-action-temoignages-inspirants","title":{"rendered":"Le z\u00e9ro d\u00e9chet en action : t\u00e9moignages inspirants"},"content":{"rendered":"\n\n<p>Dans le mouvement <strong>z\u00e9ro d\u00e9chet<\/strong>, de nombreux t\u00e9moignages inspirants \u00e9mergent, illustrant des parcours vers un mode de vie plus durable. Des individus, comme M\u00e9lissa de La Fontaine, qui a adopt\u00e9 ce principe en 2013, partagent leurs exp\u00e9riences \u00e0 travers des <strong>conf\u00e9rences<\/strong> et des \u00e9v\u00e9nements \u00e9ducatifs. D&#8217;autres, comme un couple ayant fait cette transition depuis six mois, d\u00e9crivent les d\u00e9fis et les <strong>b\u00e9n\u00e9fices<\/strong> d&#8217;une vie simplifi\u00e9e, r\u00e9duisant leur impact environnemental. Ces r\u00e9cits sont t\u00e9moins d&#8217;une dynamique collective, o\u00f9 des citoyens s&#8217;engagent \u00e0 r\u00e9duire leurs d\u00e9chets, souvent de plus de 30%. L&#8217;importance du <strong>z\u00e9ro d\u00e9chet<\/strong> se fait ressentir dans la lutte contre le changement climatique, tout en offrant des solutions concr\u00e8tes et des astuces pratiques pour int\u00e9grer cette philosophie dans le quotidien. L&#8217;engagement croissant autour de cette approche souligne sa pertinence dans notre qu\u00eate d&#8217;un avenir <strong>durable<\/strong>.<\/p>\n\n\n<figure class=\"wp-block-embed is-type-video is-provider-youtube wp-block-embed-youtube wp-embed-aspect-16-9 wp-has-aspect-ratio\">\n<div class=\"wp-block-embed__wrapper\">\n<iframe title=\"Comment le z\u00e9ro d\u00e9chet a transform\u00e9 ma vie, t\u00e9moignage de Sophie Marrion\" width=\"1200\" height=\"675\" src=\"https:\/\/www.youtube-nocookie.com\/embed\/2ZvK_gnv-NM?feature=oembed\" frameborder=\"0\" allow=\"accelerometer; autoplay; clipboard-write; encrypted-media; gyroscope; picture-in-picture; web-share\" referrerpolicy=\"strict-origin-when-cross-origin\" allowfullscreen><\/iframe>\n<\/div>\n<\/figure>\n\n\n\n<p>Adopter un mode de vie <strong>z\u00e9ro d\u00e9chet<\/strong> ne se limite pas \u00e0 r\u00e9duire ses d\u00e9chets, c&#8217;est aussi un v\u00e9ritable parcours de transformation personnelle et collective. Cet article explore les r\u00e9cits captivants de ceux qui se sont engag\u00e9s sur cette voie, prouvant qu&#8217;il est possible de vivre de mani\u00e8re plus respectueuse de l&#8217;environnement.<\/p>\n\n\n<h2 class=\"wp-block-heading\">T\u00e9moignages de personnes engag\u00e9es<\/h2>\n\n\n<p>De nombreuses personnes t\u00e9moignent des changements b\u00e9n\u00e9fiques apport\u00e9s par le passage au <strong>z\u00e9ro d\u00e9chet<\/strong>. Parmi ces histoires, nous trouvons celle de <strong>M\u00e9lissa de La Fontaine<\/strong>, qui a pris la d\u00e9cision de modifier son mode de vie en 2013. Ses conf\u00e9rences \u00e0 travers le Qu\u00e9bec ont inspir\u00e9 des milliers de personnes \u00e0 envisager des alternatives durables. <strong>M\u00e9lissa<\/strong> \u00e9voque sa fiert\u00e9 et sa joie de constater l&#8217;impact positif de ses actions sur son entourage.<\/p>\n\n\n<h2 class=\"wp-block-heading\">Un couple transform\u00e9 en six mois<\/h2>\n\n\n<p>Un t\u00e9moignage marquant provient d&#8217;un couple qui a d\u00e9cid\u00e9 de faire le grand saut vers une existence sans d\u00e9chets. Le 27 septembre 2018, environ six mois plus tard, un retour sur leur parcours r\u00e9v\u00e8le une plus grande simplicit\u00e9 de vie. Les petits gestes quotidiens, comme faire ses courses sans emballage et cuisiner avec des ingr\u00e9dients frais, ont consid\u00e9rablement modifi\u00e9 leur rapport \u00e0 la consommation.<\/p>\n\n\n<h2 class=\"wp-block-heading\">Communaut\u00e9s unies autour du z\u00e9ro d\u00e9chet<\/h2>\n\n\n<p>Des groupes, comme les membres de <strong>ZD en Mauges<\/strong>, partagent \u00e9galement leurs histoires. Cinzia, une membre active, raconte comment elle a d\u00e9couvert le concept du <strong>z\u00e9ro d\u00e9chet<\/strong> et a commenc\u00e9 \u00e0 r\u00e9duire ses propres d\u00e9chets. Sa d\u00e9termination et son engagement ont permis \u00e0 son groupe d&#8217;inspirer et de motiver de nouveaux membres \u00e0 rejoindre cette d\u00e9marche.<\/p>\n\n\n<h2 class=\"wp-block-heading\">Astuces et ressources<\/h2>\n\n\n<p>Pour ceux qui envisagent de se lancer, plusieurs ressources et pratiques peuvent contribuer \u00e0 cette transition. Par exemple, des livres sur le <strong>z\u00e9ro d\u00e9chet<\/strong>, des applications d\u00e9di\u00e9es et des ateliers organis\u00e9s permettent d\u2019apprendre et d\u2019\u00e9changer facilement des astuces. Comprendre les principes de l&#8217;\u00e9cologie et du <strong>z\u00e9ro d\u00e9chet<\/strong> est essentiel pour r\u00e9ussir dans cette approche. Pour en savoir plus, consultez des articles sur <a href=\"https:\/\/swisstinychalet.ch\/neuch\/comprendre-les-principes-de-lecologie-et-du-zero-dechet\"><strong>les principes de l&#8217;\u00e9cologie<\/strong><\/a> ou sur <a href=\"https:\/\/swisstinychalet.ch\/neuch\/alternatives-ecologiques-pour-un-mode-de-vie-zero-dechet\"><strong>les alternatives \u00e9cologiques<\/strong><\/a> qui peuvent faciliter la vie de chacun.<\/p>\n\n\n<h2 class=\"wp-block-heading\">C\u00e9l\u00e9bration des initiatives locales<\/h2>\n\n\n<p>En observant les villes comme celles de <strong>Slov\u00e9nie<\/strong> qui prennent la t\u00eate de ce mouvement, on constate un r\u00e9el impact sur leur gestion des d\u00e9chets. Les initiatives locales encouragent les citoyens \u00e0 participer \u00e0 des \u00e9v\u00e9nements <strong>z\u00e9ro d\u00e9chet<\/strong>, favorisant ainsi les \u00e9changes d&#8217;id\u00e9es et l&#8217;engagement communautaire. Cette dynamique montre \u00e0 quel point chaque action compte dans la lutte contre le gaspillage et pour un avenir durable.<\/p>\n\n\n<p>Ces t\u00e9moignages et initiatives mettent en lumi\u00e8re une nouvelle mani\u00e8re de vivre, ax\u00e9e sur le respect de notre plan\u00e8te. En adoptant des pratiques <strong>z\u00e9ro d\u00e9chet<\/strong>, chacun peut contribuer \u00e0 changer les choses, un petit geste \u00e0 la fois.<\/p>\n\n\n\n<h2 class=\"wp-block-heading\">Adopter un Mode de Vie Z\u00e9ro D\u00e9chet<\/h2>\n\n\n<figure class=\"wp-block-table\">\n<table>\n<tbody>\n<tr>\n<td>\ud83c\udf31<\/td>\n<td><strong>T\u00e9moignages inspirants<\/strong>: Des clients partagent leurs impressions apr\u00e8s avoir assist\u00e9 \u00e0 des conf\u00e9rences sur le z\u00e9ro d\u00e9chet.<\/td>\n<\/tr>\n<tr>\n<td>\ud83d\udde3\ufe0f<\/td>\n<td><strong>Portrait inspirant<\/strong>: M\u00e9lissa a adopt\u00e9 un style de vie z\u00e9ro d\u00e9chet depuis 2013 et voyage \u00e0 travers le Qu\u00e9bec pour partager ses connaissances.<\/td>\n<\/tr>\n<tr>\n<td>\ud83c\udf89<\/td>\n<td><strong>Histoires r\u00e9ussies<\/strong>: Un couple raconte comment ils ont int\u00e9gr\u00e9 le z\u00e9ro d\u00e9chet dans leur vie apr\u00e8s avoir pris cette d\u00e9cision le jour de leur anniversaire.<\/td>\n<\/tr>\n<tr>\n<td>\ud83d\udcac<\/td>\n<td><strong>T\u00e9moignages de la communaut\u00e9<\/strong>: Les membres de ZD en Mauges partagent leurs exp\u00e9riences sur l\u2019adoption du z\u00e9ro d\u00e9chet.<\/td>\n<\/tr>\n<tr>\n<td>\ud83d\udc69\u200d\ud83d\udc67\u200d\ud83d\udc66<\/td>\n<td><strong>Vivre mieux<\/strong>: Des conseils pour les mamans souhaitant r\u00e9duire les d\u00e9chets tout en simplifiant leur vie quotidienne.<\/td>\n<\/tr>\n<tr>\n<td>\ud83c\udf0d<\/td>\n<td><strong>Initiatives locales<\/strong>: Des citoyens engag\u00e9s montrent comment r\u00e9duire leurs d\u00e9chets de mani\u00e8re significative.<\/td>\n<\/tr>\n<tr>\n<td>\ud83c\udf7d\ufe0f<\/td>\n<td><strong>Cuisiner responsable<\/strong>: Recettes faciles et d\u00e9licieuses qui s&#8217;inscrivent dans une d\u00e9marche z\u00e9ro d\u00e9chet.<\/td>\n<\/tr>\n<tr>\n<td>\ud83d\udcc5<\/td>\n<td><strong>\u00c9v\u00e9nements sp\u00e9ciaux<\/strong>: Comment organiser des \u00e9v\u00e9nements z\u00e9ro d\u00e9chet et inspirer vos \u00e9quipes pour un avenir plus durable.<\/td>\n<\/tr>\n<tr>\n<td>\ud83d\udee0\ufe0f<\/td>\n<td><strong>Cr\u00e9er des solutions<\/strong>: \u00c9tablir des ateliers pratiques pour enseigner les principes du z\u00e9ro d\u00e9chet.<\/td>\n<\/tr>\n<\/tbody>\n<\/table>\n<\/figure>\n","protected":false},"excerpt":{"rendered":"","protected":false},"author":8,"featured_media":0,"comment_status":"open","ping_status":"close","sticky":false,"template":"","format":"standard","meta":{"_seopress_robots_primary_cat":"","_seopress_titles_title":"","_seopress_titles_desc":"","_seopress_robots_index":"","footnotes":""},"categories":[1545],"tags":[],"class_list":["post-6086","post","type-post","status-publish","format-standard","hentry","category-neuchcup-fr","generate-columns","tablet-grid-50","mobile-grid-100","grid-parent","grid-33"],"_links":{"self":[{"href":"https:\/\/swisstinychalet.ch\/neuch\/wp-json\/wp\/v2\/posts\/6086","targetHints":{"allow":["GET"]}}],"collection":[{"href":"https:\/\/swisstinychalet.ch\/neuch\/wp-json\/wp\/v2\/posts"}],"about":[{"href":"https:\/\/swisstinychalet.ch\/neuch\/wp-json\/wp\/v2\/types\/post"}],"author":[{"embeddable":true,"href":"https:\/\/swisstinychalet.ch\/neuch\/wp-json\/wp\/v2\/users\/8"}],"replies":[{"embeddable":true,"href":"https:\/\/swisstinychalet.ch\/neuch\/wp-json\/wp\/v2\/comments?post=6086"}],"version-history":[{"count":0,"href":"https:\/\/swisstinychalet.ch\/neuch\/wp-json\/wp\/v2\/posts\/6086\/revisions"}],"wp:attachment":[{"href":"https:\/\/swisstinychalet.ch\/neuch\/wp-json\/wp\/v2\/media?parent=6086"}],"wp:term":[{"taxonomy":"category","embeddable":true,"href":"https:\/\/swisstinychalet.ch\/neuch\/wp-json\/wp\/v2\/categories?post=6086"},{"taxonomy":"post_tag","embeddable":true,"href":"https:\/\/swisstinychalet.ch\/neuch\/wp-json\/wp\/v2\/tags?post=6086"}],"curies":[{"name":"wp","href":"https:\/\/api.w.org\/{rel}","templated":true}]}}