{"id":6096,"date":"2024-12-05T12:45:12","date_gmt":"2024-12-05T07:15:12","guid":{"rendered":"https:\/\/swisstinychalet.ch\/neuch\/des-ateliers-zero-dechet-a-decouvrir-en-novembre-dans-lagglomeration-depernay"},"modified":"2024-12-05T12:45:12","modified_gmt":"2024-12-05T07:15:12","slug":"des-ateliers-zero-dechet-a-decouvrir-en-novembre-dans-lagglomeration-depernay","status":"publish","type":"post","link":"https:\/\/swisstinychalet.ch\/neuch\/des-ateliers-zero-dechet-a-decouvrir-en-novembre-dans-lagglomeration-depernay","title":{"rendered":"Des ateliers z\u00e9ro d\u00e9chet \u00e0 d\u00e9couvrir en novembre dans l&#8217;agglom\u00e9ration d&#8217;\u00c9pernay"},"content":{"rendered":"\n\n<p>\t\t\t\t\t<span><br>\t\t\t\t\t\tEpernay &#8211; Transition \u00e9cologique<br>\t\t\t\t\t<\/span><br>\t\t\t\t\t<span><br>\t\t\t\t\t\tPubli\u00e9 le 3 novembre<br>\t\t\t\t\t<\/span><\/p>\n\n\n<p>\t\t\t\t\tDans le cadre du programme <strong>Cap z\u00e9ro d\u00e9chet 2030<\/strong>, l&#8217;agglom\u00e9ration d&#8217;<strong>\u00c9pernay<\/strong> propose plusieurs <strong>ateliers gratuits<\/strong> tout au long de novembre, visant \u00e0 sensibiliser la population aux enjeux de la <strong>r\u00e9duction des d\u00e9chets<\/strong>. Parmi les activit\u00e9s, un atelier de r\u00e9paration de v\u00e9los est pr\u00e9vu \u00e0 Avize le 6 novembre, et un atelier de r\u00e9alisation d&#8217;emballages-cadeaux en tissu se d\u00e9roulera \u00e0 Oiry le 13 novembre. Le mois se terminera avec une session du <strong>Repair Caf\u00e9<\/strong>, offrant aux participants l&#8217;opportunit\u00e9 de r\u00e9parer des objets d\u00e9fectueux avec l&#8217;aide de b\u00e9n\u00e9voles. Ces initiatives visent \u00e0 encourager des pratiques durables et \u00e0 promouvoir une consommation responsable dans la communaut\u00e9.<\/p>\n\n\n<figure class=\"wp-block-embed is-type-video is-provider-youtube wp-block-embed-youtube wp-embed-aspect-16-9 wp-has-aspect-ratio\">\n<div class=\"wp-block-embed__wrapper\">\n<iframe title=\"Atelier Z\u00e9ro D\u00e9chet : faire sa peinture\" width=\"1200\" height=\"675\" src=\"https:\/\/www.youtube-nocookie.com\/embed\/_5Qev_tHb2Q?feature=oembed\" frameborder=\"0\" allow=\"accelerometer; autoplay; clipboard-write; encrypted-media; gyroscope; picture-in-picture; web-share\" referrerpolicy=\"strict-origin-when-cross-origin\" allowfullscreen><\/iframe>\n<\/div>\n<\/figure>\n\n\n\n<p>                            <span><br>                                environnement &#8211; \u00c9pernay &#8211; Transition \u00e9cologique<br>                            <\/span><br>                            <span><br>                                <meta content=\"2024-11-03 06:00:32\" itemprop=\"datePublished\"><br>                                <meta content=\"2024-11-03 06:00:32\" itemprop=\"dateModified\"><br>                                Publi\u00e9 le 3 novembre<br>                            <\/span><\/p>\n\n\n<p>                            Novembrer est le mois id\u00e9al pour r\u00e9fl\u00e9chir \u00e0 nos modes de consommation et envisager des alternatives durables. L&#8217;agglom\u00e9ration d&#8217;<strong>\u00c9pernay<\/strong>, \u00e0 travers son programme &#8220;Cap z\u00e9ro d\u00e9chet 2030&#8221;, propose une s\u00e9rie d&#8217;ateliers gratuits qui invitent chacun \u00e0 agir pour l&#8217;environnement.<\/p>\n\n\n<h2 class=\"wp-block-heading\">Des initiatives pour r\u00e9duire les d\u00e9chets<\/h2>\n\n\n<p>                            Ces ateliers ont pour objectif de modifier nos comportements face \u00e0 la production de d\u00e9chets. Les rendez-vous du mois de novembre offrent des occasions uniques d&#8217;apprendre \u00e0 r\u00e9parer, fabriquer et utiliser des produits \u00e9cologiques au quotidien. <\/p>\n\n\n<h2 class=\"wp-block-heading\">Atelier de r\u00e9paration de v\u00e9los \u00e0 Avize<\/h2>\n\n\n<p>                            Le <strong>6 novembre<\/strong>, un <strong>atelier de r\u00e9paration de v\u00e9los<\/strong> se tiendra \u00e0 <strong>Avize<\/strong>, pr\u00e8s du gymnase Cattani, de 14 h \u00e0 17 h. Ce moment convivial, ouvert \u00e0 tous sans inscription, permettra d&#8217;apprendre \u00e0 diagnostiquer et r\u00e9parer son v\u00e9lo. Que ce soit pour ajuster les freins, remplacer des pneus ou lubrifier la cha\u00eene, ce sera l&#8217;occasion de redonner une seconde vie \u00e0 son deux-roues.<\/p>\n\n\n<h2 class=\"wp-block-heading\">Cr\u00e9ation d&#8217;emballages-cadeaux en tissu \u00e0 Oiry<\/h2>\n\n\n<p>                            Le <strong>13 novembre<\/strong>, un <strong>atelier z\u00e9ro d\u00e9chet<\/strong> aura lieu \u00e0 la salle communale de <strong>Oiry<\/strong>, juste derri\u00e8re la mairie. Sur inscription, de 10 h 30 \u00e0 11 h 30, les participants apprendront \u00e0 r\u00e9aliser des emballages-cadeaux en tissu, une alternative durable et r\u00e9utilisable aux emballages traditionnels. Les adeptes du fait-main y trouveront leur bonheur.<\/p>\n\n\n<h2 class=\"wp-block-heading\">Repair Caf\u00e9 mensuel \u00e0 \u00c9pernay<\/h2>\n\n\n<p>                            Enfin, le <strong>30 novembre<\/strong> est r\u00e9serv\u00e9 pour le <strong>Repair Caf\u00e9<\/strong>, qui se d\u00e9roulera dans ses locaux au 20, rue de la Guadeloupe \u00e0 <strong>\u00c9pernay<\/strong>, de 9 h \u00e0 12 h. Ce lieu permet \u00e0 chacun de venir avec un petit objet d\u00e9fectueux pour tenter de le r\u00e9parer, en b\u00e9n\u00e9ficiant des conseils des b\u00e9n\u00e9voles, toujours pr\u00eats \u00e0 partager leur expertise dans une ambiance amicale.<\/p>\n\n\n<h2 class=\"wp-block-heading\">Un programme riche et \u00e9ducatif<\/h2>\n\n\n<p>                            Ces initiations s&#8217;inscrivent dans une d\u00e9marche plus large visant \u00e0 \u00e9veiller les consciences sur l&#8217;importance de r\u00e9duire les d\u00e9chets. En participant aux diff\u00e9rents ateliers, les habitants de l&#8217;agglo peuvent non seulement apprendre des comp\u00e9tences utiles, mais aussi \u00e9changer des id\u00e9es dans un cadre positif. <\/p>\n\n\n<p>                            Pour plus d&#8217;informations sur des alternatives \u00e9cologiques ou d\u00e9couvrir des t\u00e9moignages inspirants concernant le z\u00e9ro d\u00e9chet, vous pouvez consulter des sites comme <a href=\"https:\/\/swisstinychalet.ch\/neuch\/le-zero-dechet-en-action-temoignages-inspirants\" target=\"_blank\">Le z\u00e9ro d\u00e9chet en action : t\u00e9moignages inspirants<\/a> et <a href=\"https:\/\/swisstinychalet.ch\/neuch\/alternatives-ecologiques-pour-un-mode-de-vie-zero-dechet\" target=\"_blank\">Alternatives \u00e9cologiques pour un mode de vie z\u00e9ro d\u00e9chet<\/a>.<\/p>\n\n\n\n<h2 class=\"wp-block-heading\">Ateliers Z\u00e9ro D\u00e9chet \u00e0 \u00c9pernay<\/h2>\n\n\n<figure class=\"wp-block-table\">\n<table>\n<tbody>\n<tr>\n<td>\ud83d\udd27<\/td>\n<td><strong>Mercredi 6 novembre :<\/strong> Atelier de r\u00e9paration de v\u00e9los \u00e0 Avize, de 14 h \u00e0 17 h, sans inscription.<\/td>\n<\/tr>\n<tr>\n<td>\ud83c\udf81<\/td>\n<td><strong>Mercredi 13 novembre :<\/strong> Atelier sur les emballages-cadeaux en tissu \u00e0 Oiry, de 10 h 30 \u00e0 11 h 30, sur inscription.<\/td>\n<\/tr>\n<tr>\n<td>\u267b\ufe0f<\/td>\n<td><strong>Visite Syvalom :<\/strong> D\u00e9couvrez le site de valorisation des ordures m\u00e9nag\u00e8res \u00e0 La Veuve, entre 10 h et 14 h.<\/td>\n<\/tr>\n<tr>\n<td>\ud83d\udee0\ufe0f<\/td>\n<td><strong>Samedi 30 novembre :<\/strong> Repair Caf\u00e9 de 9 h \u00e0 12 h, 20, rue de la Guadeloupe \u00e0 \u00c9pernay, pour tenter de r\u00e9parer vos objets.<\/td>\n<\/tr>\n<\/tbody>\n<\/table>\n<\/figure>\n","protected":false},"excerpt":{"rendered":"","protected":false},"author":10,"featured_media":6097,"comment_status":"open","ping_status":"close","sticky":false,"template":"","format":"standard","meta":{"_seopress_robots_primary_cat":"","_seopress_titles_title":"","_seopress_titles_desc":"","_seopress_robots_index":"","footnotes":""},"categories":[1545],"tags":[],"class_list":["post-6096","post","type-post","status-publish","format-standard","has-post-thumbnail","hentry","category-neuchcup-fr","generate-columns","tablet-grid-50","mobile-grid-100","grid-parent","grid-33"],"_links":{"self":[{"href":"https:\/\/swisstinychalet.ch\/neuch\/wp-json\/wp\/v2\/posts\/6096","targetHints":{"allow":["GET"]}}],"collection":[{"href":"https:\/\/swisstinychalet.ch\/neuch\/wp-json\/wp\/v2\/posts"}],"about":[{"href":"https:\/\/swisstinychalet.ch\/neuch\/wp-json\/wp\/v2\/types\/post"}],"author":[{"embeddable":true,"href":"https:\/\/swisstinychalet.ch\/neuch\/wp-json\/wp\/v2\/users\/10"}],"replies":[{"embeddable":true,"href":"https:\/\/swisstinychalet.ch\/neuch\/wp-json\/wp\/v2\/comments?post=6096"}],"version-history":[{"count":0,"href":"https:\/\/swisstinychalet.ch\/neuch\/wp-json\/wp\/v2\/posts\/6096\/revisions"}],"wp:featuredmedia":[{"embeddable":true,"href":"https:\/\/swisstinychalet.ch\/neuch\/wp-json\/wp\/v2\/media\/6097"}],"wp:attachment":[{"href":"https:\/\/swisstinychalet.ch\/neuch\/wp-json\/wp\/v2\/media?parent=6096"}],"wp:term":[{"taxonomy":"category","embeddable":true,"href":"https:\/\/swisstinychalet.ch\/neuch\/wp-json\/wp\/v2\/categories?post=6096"},{"taxonomy":"post_tag","embeddable":true,"href":"https:\/\/swisstinychalet.ch\/neuch\/wp-json\/wp\/v2\/tags?post=6096"}],"curies":[{"name":"wp","href":"https:\/\/api.w.org\/{rel}","templated":true}]}}