{"id":6102,"date":"2024-12-06T12:02:52","date_gmt":"2024-12-06T06:32:52","guid":{"rendered":"https:\/\/swisstinychalet.ch\/neuch\/les-bienfaits-de-la-personnalisation-dans-un-mode-de-vie-durable"},"modified":"2024-12-06T12:02:52","modified_gmt":"2024-12-06T06:32:52","slug":"les-bienfaits-de-la-personnalisation-dans-un-mode-de-vie-durable","status":"publish","type":"post","link":"https:\/\/swisstinychalet.ch\/neuch\/les-bienfaits-de-la-personnalisation-dans-un-mode-de-vie-durable","title":{"rendered":"Les bienfaits de la personnalisation dans un mode de vie durable"},"content":{"rendered":"\n\n<p>La <strong>personnalisation<\/strong> joue un r\u00f4le essentiel dans un <strong>mode de vie durable<\/strong>, en transformant notre approche de la consommation textile. En cr\u00e9ant des pi\u00e8ces uniques que nous ch\u00e9rissons, nous favorisons une <strong>consommation r\u00e9fl\u00e9chie<\/strong> et \u00e9vitons le gaspillage. Cette d\u00e9marche permet \u00e9galement d&#8217;assurer une <strong>expression personnelle<\/strong> tout en renfor\u00e7ant les liens sociaux, enrichissant ainsi notre exp\u00e9rience d&#8217;achat. La demande croissante pour des v\u00eatements sur-mesure, respectueux de l&#8217;environnement, t\u00e9moigne d&#8217;une \u00e9volution vers une mode plus <strong>\u00e9thique<\/strong> et durable. La personnalisation devient donc un atout majeur dans l&#8217;industrie de la mode, r\u00e9pondant aux besoins d&#8217;un public soucieux de l&#8217;<strong>impact environnemental<\/strong> de ses choix.<\/p>\n\n\n<figure class=\"wp-block-embed is-type-video is-provider-youtube wp-block-embed-youtube wp-embed-aspect-16-9 wp-has-aspect-ratio\">\n<div class=\"wp-block-embed__wrapper\">\n<iframe title=\"Interviews -  Conf\u00e9rence 2C : Mode de vie durable et \u00e9conomie circulaire\" width=\"1200\" height=\"675\" src=\"https:\/\/www.youtube-nocookie.com\/embed\/yUN8gFx8Pso?feature=oembed\" frameborder=\"0\" allow=\"accelerometer; autoplay; clipboard-write; encrypted-media; gyroscope; picture-in-picture; web-share\" referrerpolicy=\"strict-origin-when-cross-origin\" allowfullscreen><\/iframe>\n<\/div>\n<\/figure>\n\n\n\n<p>La personnalisation conna\u00eet un essor sans pr\u00e9c\u00e9dent, et elle se pr\u00e9sente comme une r\u00e9ponse aux enjeux environnementaux que nous rencontrons aujourd&#8217;hui. En int\u00e9grant la <strong>personnalisation<\/strong> dans nos choix vestimentaires, nous ne faisons pas que revendiquer notre style. Nous choisissons \u00e9galement un chemin vers un <strong>mode de vie durable<\/strong> qui respecte la plan\u00e8te et favorise l&#8217;authenticit\u00e9.<\/p>\n\n\n<h2 class=\"wp-block-heading\">Comprendre l&#8217;importance de la personnalisation<\/h2>\n\n\n<p>Lorsque nous portons des v\u00eatements personnalis\u00e9s, nous ne faisons pas qu&#8217;afficher une marque. Chaque pi\u00e8ce devient une extension de notre identit\u00e9. La <strong>mode \u00e9thique<\/strong> et personnalisable offre une opportunit\u00e9 unique de cr\u00e9er des articles qui r\u00e9sonnent avec notre histoire personnelle. Un v\u00eatement con\u00e7u sur mesure suscite un v\u00e9ritable attachement \u00e9motionnel, incitant \u00e0 le porter plus longtemps et \u00e0 en prendre soin.<\/p>\n\n\n<h2 class=\"wp-block-heading\">Renforcer la durabilit\u00e9 \u00e0 travers la personnalisation<\/h2>\n\n\n<p>Cr\u00e9er un v\u00eatement qui nous est propre contribue \u00e0 changer notre mani\u00e8re de consommer. Quand nous choisissons de personnaliser nos pi\u00e8ces, nous nous \u00e9loignons des logiques de la <strong>fast fashion<\/strong>. Chaque cr\u00e9ation est pens\u00e9e pour durer, ce qui s&#8217;accompagne d\u2019un \u00e9tat d&#8217;esprit plus respectueux de l\u2019environnement. En misant sur des mat\u00e9riaux durables et en \u00e9vitant le gaspillage, nous faisons un pas vers un avenir responsable.<\/p>\n\n\n<h2 class=\"wp-block-heading\">La personnalisation comme vecteur de connexion sociale<\/h2>\n\n\n<p>La <strong>personnalisation<\/strong> n\u2019agit pas uniquement \u00e0 titre individuel. Elle questionne \u00e9galement notre lien avec les autres. En optant pour des v\u00eatements personnalis\u00e9s, nous partageons notre vision et nos valeurs, cr\u00e9ant ainsi des connexions. Cette d\u00e9marche renforce les \u00e9changes sociaux et nous permet d\u2019aspirer \u00e0 un v\u00e9ritable engagement collectif en faveur de pratiques plus durables.<\/p>\n\n\n<h2 class=\"wp-block-heading\">Les perspectives du march\u00e9 de la mode<\/h2>\n\n\n<p>Les marques prennent conscience de cette \u00e9volution. La demande pour des v\u00eatements uniques et respectueux de l&#8217;environnement s&#8217;intensifie. Une telle tendance cr\u00e9e de nouvelles opportunit\u00e9s pour les professionnels du secteur, notamment les imprimeurs, qui peuvent r\u00e9pondre \u00e0 ce besoin croissant tout en mettant en avant des pratiques de production durables.<\/p>\n\n\n<h2 class=\"wp-block-heading\">Des choix concrets vers la durabilit\u00e9<\/h2>\n\n\n<p>Il existe aujourd&#8217;hui de nombreuses solutions pour contribuer \u00e0 un mode de vie plus respectueux et personnalis\u00e9. Par exemple, choisir des emballages fabriqu\u00e9s \u00e0 partir de <strong>mat\u00e9riaux recycl\u00e9s<\/strong> ou opter pour la location de <strong>gobelets r\u00e9utilisables<\/strong> sont des gestes simples qui peuvent transformer notre quotidien. Les options sont nombreuses, et m\u00eame des astuces pour une rentr\u00e9e plus respectueuse de l&#8217;environnement peuvent faire la diff\u00e9rence.<\/p>\n\n\n<h2 class=\"wp-block-heading\">L&#8217;avenir de la personnalisation<\/h2>\n\n\n<p>La <strong>personnalisation<\/strong> se pr\u00e9sente comme un outil puissant au service d&#8217;une consommation responsable. Elle incarne une tendance vers une mode plus respectueuse de l&#8217;environnement et propose une exp\u00e9rience d&#8217;achat enrichissante. Alors que l&#8217;int\u00e9r\u00eat pour des pratiques \u00e9thiques s&#8217;intensifie, il devient \u00e9vident que chaque choix compte pour b\u00e2tir un avenir durable.<\/p>\n\n\n\n<h2 class=\"wp-block-heading\">La Mode \u00c9thique : Un Avenir Durable<\/h2>\n\n\n<figure class=\"wp-block-table\">\n<table>\n<tbody>\n<tr>\n<td>\ud83c\udf0d<\/td>\n<td><strong>Mode \u00e9thique et personnalisable<\/strong> : une nouvelle vision du textile qui combine <strong>durabilit\u00e9<\/strong>, innovation et expression personnelle.<\/td>\n<\/tr>\n<tr>\n<td>\u270f\ufe0f<\/td>\n<td><strong>Personnalisation des v\u00eatements<\/strong> : une opportunit\u00e9 unique d&#8217;exprimer son style tout en renfor\u00e7ant les liens sociaux.<\/td>\n<\/tr>\n<tr>\n<td>\u267b\ufe0f<\/td>\n<td>Adopter une consommation <strong>durable<\/strong> en cr\u00e9ant des articles personnalis\u00e9s que l&#8217;on ch\u00e9rira et conservera.<\/td>\n<\/tr>\n<tr>\n<td>\ud83d\udcc8<\/td>\n<td><strong>Avantage marketing<\/strong> : la personnalisation offre une image d&#8217;entreprise forte et est de plus en plus rechercher sur le march\u00e9.<\/td>\n<\/tr>\n<tr>\n<td>\ud83d\udc4d<\/td>\n<td><strong>Am\u00e9lioration de l&#8217;exp\u00e9rience client<\/strong> : des v\u00eatements personnalis\u00e9s conduisent \u00e0 une satisfaction et une fid\u00e9lisation accrues.<\/td>\n<\/tr>\n<tr>\n<td>\ud83d\udd04<\/td>\n<td><strong>Donner une seconde vie<\/strong> aux v\u00eatements personnalis\u00e9s pour lutter contre le gaspillage.<\/td>\n<\/tr>\n<tr>\n<td>\u267b\ufe0f<\/td>\n<td><strong>Mode de vie durable<\/strong> : des choix et comportements visant \u00e0 minimiser l&#8217;impact environnemental.<\/td>\n<\/tr>\n<\/tbody>\n<\/table>\n<\/figure>\n","protected":false},"excerpt":{"rendered":"","protected":false},"author":12,"featured_media":0,"comment_status":"open","ping_status":"close","sticky":false,"template":"","format":"standard","meta":{"_seopress_robots_primary_cat":"","_seopress_titles_title":"","_seopress_titles_desc":"","_seopress_robots_index":"","footnotes":""},"categories":[1545],"tags":[],"class_list":["post-6102","post","type-post","status-publish","format-standard","hentry","category-neuchcup-fr","generate-columns","tablet-grid-50","mobile-grid-100","grid-parent","grid-33"],"_links":{"self":[{"href":"https:\/\/swisstinychalet.ch\/neuch\/wp-json\/wp\/v2\/posts\/6102","targetHints":{"allow":["GET"]}}],"collection":[{"href":"https:\/\/swisstinychalet.ch\/neuch\/wp-json\/wp\/v2\/posts"}],"about":[{"href":"https:\/\/swisstinychalet.ch\/neuch\/wp-json\/wp\/v2\/types\/post"}],"author":[{"embeddable":true,"href":"https:\/\/swisstinychalet.ch\/neuch\/wp-json\/wp\/v2\/users\/12"}],"replies":[{"embeddable":true,"href":"https:\/\/swisstinychalet.ch\/neuch\/wp-json\/wp\/v2\/comments?post=6102"}],"version-history":[{"count":0,"href":"https:\/\/swisstinychalet.ch\/neuch\/wp-json\/wp\/v2\/posts\/6102\/revisions"}],"wp:attachment":[{"href":"https:\/\/swisstinychalet.ch\/neuch\/wp-json\/wp\/v2\/media?parent=6102"}],"wp:term":[{"taxonomy":"category","embeddable":true,"href":"https:\/\/swisstinychalet.ch\/neuch\/wp-json\/wp\/v2\/categories?post=6102"},{"taxonomy":"post_tag","embeddable":true,"href":"https:\/\/swisstinychalet.ch\/neuch\/wp-json\/wp\/v2\/tags?post=6102"}],"curies":[{"name":"wp","href":"https:\/\/api.w.org\/{rel}","templated":true}]}}