{"id":6104,"date":"2024-12-06T12:03:22","date_gmt":"2024-12-06T06:33:22","guid":{"rendered":"https:\/\/swisstinychalet.ch\/neuch\/checklist-pour-un-evenement-ecoresponsable-reussi"},"modified":"2024-12-06T12:03:22","modified_gmt":"2024-12-06T06:33:22","slug":"checklist-pour-un-evenement-ecoresponsable-reussi","status":"publish","type":"post","link":"https:\/\/swisstinychalet.ch\/neuch\/checklist-pour-un-evenement-ecoresponsable-reussi","title":{"rendered":"Checklist pour un \u00e9v\u00e9nement \u00e9coresponsable r\u00e9ussi"},"content":{"rendered":"\n\n<p>Pour organiser un <strong>\u00e9v\u00e9nement \u00e9coresponsable<\/strong> r\u00e9ussi, il est essentiel de suivre une <strong>checklist<\/strong> qui inclut plusieurs bonnes pratiques. Tout d&#8217;abord, il faut \u00e9valuer les <strong>besoins alimentaires<\/strong> et pr\u00e9voir les quantit\u00e9s ad\u00e9quates pour \u00e9viter le gaspillage. Choisir un <strong>lieu<\/strong> d&#8217;accueil respectueux de l&#8217;environnement et int\u00e9grer des \u00e9l\u00e9ments de <strong>transition \u00e9nerg\u00e9tique<\/strong> sont \u00e9galement primordiaux. Par ailleurs, il est conseill\u00e9 de favoriser des produits locaux et de r\u00e9duire les emballages, en optant pour des solutions durables. Enfin, en mesurant l&#8217;impact de l&#8217;\u00e9v\u00e9nement et en identifiant les axes d&#8217;am\u00e9lioration, on peut s&#8217;assurer d&#8217;une d\u00e9marche toujours plus <strong>\u00e9cologique<\/strong>.<\/p>\n\n\n<figure class=\"wp-block-embed is-type-video is-provider-youtube wp-block-embed-youtube wp-embed-aspect-16-9 wp-has-aspect-ratio\">\n<div class=\"wp-block-embed__wrapper\">\n<iframe title=\"Comment organiser un \u00e9v\u00e9nement \u00e9coresponsable\" width=\"1200\" height=\"675\" src=\"https:\/\/www.youtube-nocookie.com\/embed\/qqr0AqPxBvM?feature=oembed\" frameborder=\"0\" allow=\"accelerometer; autoplay; clipboard-write; encrypted-media; gyroscope; picture-in-picture; web-share\" referrerpolicy=\"strict-origin-when-cross-origin\" allowfullscreen><\/iframe>\n<\/div>\n<\/figure>\n\n\n\n<p>Organiser un \u00e9v\u00e9nement \u00e9coresponsable peut sembler complexe, mais avec une bonne planification, cela devient une exp\u00e9rience enrichissante. Chaque d\u00e9tail compte, et faire des choix \u00e9clair\u00e9s permet de r\u00e9duire l&#8217;impact environnemental tout en cr\u00e9ant une atmosph\u00e8re m\u00e9morable. Voici une <strong>checklist<\/strong> qui vous guidera \u00e0 chaque \u00e9tape de votre projet.<\/p>\n\n\n<h2 class=\"wp-block-heading\">Choix du lieu<\/h2>\n\n\n<p>Le lieu joue un r\u00f4le central dans l\u2019organisation de votre \u00e9v\u00e9nement. Privil\u00e9giez les sites qui adoptent des pratiques <strong>durables<\/strong> et \u00e9coresponsables. Recherchez des h\u00f4tels et des salles de r\u00e9ception qui poss\u00e8dent des <strong>\u00e9colabels<\/strong> ou qui s&#8217;engagent \u00e0 r\u00e9duire leur empreinte \u00e9cologique. Cela peut inclure des syst\u00e8mes de gestion des d\u00e9chets ou une utilisation efficace de l&#8217;\u00e9nergie.<\/p>\n\n\n<h2 class=\"wp-block-heading\">Gestion des d\u00e9chets<\/h2>\n\n\n<p>Un autre \u00e9l\u00e9ment essentiel consiste \u00e0 minimiser les d\u00e9chets g\u00e9n\u00e9r\u00e9s. \u00c9tablissez un syst\u00e8me de tri \u00e0 la source pour s\u00e9parer le recyclage, le compost et les d\u00e9chets non recyclables. Pensez \u00e9galement \u00e0 mettre en place des <strong>stations de recyclage<\/strong> bien visibles et accessibles. La r\u00e9duction des d\u00e9chets alimentaires est tout aussi importante. Essayez d\u2019\u00e9valuer les quantit\u00e9s n\u00e9cessaires en amont pour \u00e9viter le gaspillage.<\/p>\n\n\n<h2 class=\"wp-block-heading\">Approvisionnement local et \u00e9thique<\/h2>\n\n\n<p>Optez pour des fournisseurs qui partagent votre vision <strong>\u00e9coresponsable<\/strong>. Choisissez des traiteurs proposant des produits locaux et de saison. Cela favorise non seulement l&#8217;\u00e9conomie locale, mais permet aussi de minimiser les transports et donc les \u00e9missions de <strong>CO2<\/strong>. En outre, pensez \u00e0 s\u00e9lectionner des partenaires qui respectent des pratiques \u00e9thiques et durables.<\/p>\n\n\n<h2 class=\"wp-block-heading\">Animation et sensibilisation<\/h2>\n\n\n<p>Ne sous-estimez pas l&#8217;importance de la <strong>sensibilisation<\/strong> lors de votre \u00e9v\u00e9nement. Profitez de l\u2019occasion pour informer les participants sur les pratiques \u00e9coresponsables. Des jeux interactifs, des pr\u00e9sentations ou des ateliers li\u00e9s \u00e0 la durabilit\u00e9 peuvent enrichir l&#8217;exp\u00e9rience et encourager une prise de conscience collective. Consultez des ressources comme <a href=\"https:\/\/swisstinychalet.ch\/neuch\/comment-sensibiliser-le-public-a-lecologie-lors-devenements\">cet article<\/a> pour approfondir le sujet.<\/p>\n\n\n<h2 class=\"wp-block-heading\">Logistique de transport<\/h2>\n\n\n<p>En mati\u00e8re de transport, favorisez les solutions durables. Encouragez le covoiturage ou les transports en commun pour r\u00e9duire le nombre de v\u00e9hicules individuels. Si votre \u00e9v\u00e9nement dure plusieurs jours, envisagez de proposer des alternatives de logement \u00e0 proximit\u00e9 afin de limiter les d\u00e9placements des participants.<\/p>\n\n\n<h2 class=\"wp-block-heading\">\u00c9nergie et fournitures<\/h2>\n\n\n<p>La consommation d\u2019\u00e9nergie est \u00e9galement un point \u00e0 ne pas n\u00e9gliger. Optez pour des installations \u00e9nerg\u00e9tiques <strong>durables<\/strong>, comme les ampoules LED et les \u00e9quipements \u00e0 faible consommation. Lorsque vous choisissez des fournitures jetables, privil\u00e9giez des options biod\u00e9gradables ou r\u00e9utilisables. Pour des exemples concrets sur des solutions d&#8217;emballage \u00e9coresponsables, consultez ce lien : <a href=\"https:\/\/swisstinychalet.ch\/neuch\/emballages-ecoresponsables-6-solutions-durables-a-adopter-en-2024\">solutions durables<\/a>.<\/p>\n\n\n<h2 class=\"wp-block-heading\">\u00c9valuation de l&#8217;impact<\/h2>\n\n\n<p>Enfin, une fois votre \u00e9v\u00e9nement termin\u00e9, il est b\u00e9n\u00e9fique d\u2019\u00e9valuer son impact. Recueillez des donn\u00e9es sur les d\u00e9chets produits, l&#8217;empreinte carbone et les retours des participants. Identifier les axes d&#8217;am\u00e9lioration vous aidera \u00e0 optimiser votre prochain \u00e9v\u00e9nement et \u00e0 renforcer votre engagement en faveur de l&#8217;\u00e9coresponsabilit\u00e9.<\/p>\n\n\n\n<h2 class=\"wp-block-heading\">Petit Guide pour Organiser un \u00c9v\u00e9nement \u00c9co-Responsable<\/h2>\n\n\n<figure class=\"wp-block-table\">\n<table>\n<tbody>\n<tr>\n<td>\ud83c\udf31<\/td>\n<td><strong>Pr\u00e9voir les bonnes quantit\u00e9s de nourriture<\/strong> pour limiter les d\u00e9chets alimentaires.<\/td>\n<\/tr>\n<tr>\n<td>\u2714\ufe0f<\/td>\n<td><strong>Checklist<\/strong> pour s&#8217;assurer que toutes les bonnes pratiques sont respect\u00e9es durant l&#8217;\u00e9v\u00e9nement.<\/td>\n<\/tr>\n<tr>\n<td>\u26a1<\/td>\n<td><strong>Int\u00e9grer la transition \u00e9nerg\u00e9tique<\/strong> dans l&#8217;organisation de l&#8217;\u00e9v\u00e9nement.<\/td>\n<\/tr>\n<tr>\n<td>\ud83e\udd1d<\/td>\n<td><strong>Favoriser des lieux et des services qui respectent l&#8217;environnement<\/strong> pour accueillir votre \u00e9v\u00e9nement.<\/td>\n<\/tr>\n<tr>\n<td>\ud83c\udf0d<\/td>\n<td><strong>Mesurer l&#8217;impact de l&#8217;\u00e9v\u00e9nement<\/strong> et identifier les axes d&#8217;am\u00e9lioration pour les futures \u00e9ditions.<\/td>\n<\/tr>\n<tr>\n<td>\u267b\ufe0f<\/td>\n<td><strong>R\u00e9duire les d\u00e9chets et l&#8217;empreinte carbone<\/strong> tout en rendant l&#8217;\u00e9v\u00e9nement inclusif.<\/td>\n<\/tr>\n<tr>\n<td>\ud83c\udfe8<\/td>\n<td><strong>Choisir des h\u00e9bergements \u00e9co-labellis\u00e9s<\/strong> pour les participants, afin de soutenir des pratiques durables.<\/td>\n<\/tr>\n<tr>\n<td>\ud83c\udf89<\/td>\n<td><strong>Cr\u00e9er des souvenirs m\u00e9morables<\/strong> tout en respectant les principes de durabilit\u00e9.<\/td>\n<\/tr>\n<\/tbody>\n<\/table>\n<\/figure>\n","protected":false},"excerpt":{"rendered":"","protected":false},"author":10,"featured_media":0,"comment_status":"open","ping_status":"close","sticky":false,"template":"","format":"standard","meta":{"_seopress_robots_primary_cat":"","_seopress_titles_title":"","_seopress_titles_desc":"","_seopress_robots_index":"","footnotes":""},"categories":[1545],"tags":[],"class_list":["post-6104","post","type-post","status-publish","format-standard","hentry","category-neuchcup-fr","generate-columns","tablet-grid-50","mobile-grid-100","grid-parent","grid-33"],"_links":{"self":[{"href":"https:\/\/swisstinychalet.ch\/neuch\/wp-json\/wp\/v2\/posts\/6104","targetHints":{"allow":["GET"]}}],"collection":[{"href":"https:\/\/swisstinychalet.ch\/neuch\/wp-json\/wp\/v2\/posts"}],"about":[{"href":"https:\/\/swisstinychalet.ch\/neuch\/wp-json\/wp\/v2\/types\/post"}],"author":[{"embeddable":true,"href":"https:\/\/swisstinychalet.ch\/neuch\/wp-json\/wp\/v2\/users\/10"}],"replies":[{"embeddable":true,"href":"https:\/\/swisstinychalet.ch\/neuch\/wp-json\/wp\/v2\/comments?post=6104"}],"version-history":[{"count":0,"href":"https:\/\/swisstinychalet.ch\/neuch\/wp-json\/wp\/v2\/posts\/6104\/revisions"}],"wp:attachment":[{"href":"https:\/\/swisstinychalet.ch\/neuch\/wp-json\/wp\/v2\/media?parent=6104"}],"wp:term":[{"taxonomy":"category","embeddable":true,"href":"https:\/\/swisstinychalet.ch\/neuch\/wp-json\/wp\/v2\/categories?post=6104"},{"taxonomy":"post_tag","embeddable":true,"href":"https:\/\/swisstinychalet.ch\/neuch\/wp-json\/wp\/v2\/tags?post=6104"}],"curies":[{"name":"wp","href":"https:\/\/api.w.org\/{rel}","templated":true}]}}