{"id":6109,"date":"2024-12-06T12:32:34","date_gmt":"2024-12-06T07:02:34","guid":{"rendered":"https:\/\/swisstinychalet.ch\/neuch\/influencers-engages-pour-la-planete-portraits-de-createurs-ecologiques"},"modified":"2024-12-06T12:32:34","modified_gmt":"2024-12-06T07:02:34","slug":"influencers-engages-pour-la-planete-portraits-de-createurs-ecologiques","status":"publish","type":"post","link":"https:\/\/swisstinychalet.ch\/neuch\/influencers-engages-pour-la-planete-portraits-de-createurs-ecologiques","title":{"rendered":"Influencers Engag\u00e9s pour la Plan\u00e8te : Portraits de Cr\u00e9ateurs \u00c9cologiques"},"content":{"rendered":"\n\n<p><span><span><a href=\"https:\/\/metricool.com\/fr\/\">Home<\/a><\/span> \/ <span aria-current=\"page\">Influenceurs engag\u00e9s pour la plan\u00e8te : Portraits de cr\u00e9ateurs \u00e9cologiques<\/span><\/span><\/p>\n\n\n<p>Dans un monde o\u00f9 les enjeux environnementaux prennent de l&#8217;ampleur, les <strong>influenceurs \u00e9cologiques<\/strong> se r\u00e9v\u00e8lent \u00eatre des acteurs essentiels dans la sensibilisation \u00e0 la d\u00e9fense de notre plan\u00e8te. \u00c0 travers leurs r\u00e9seaux sociaux, ces cr\u00e9ateurs partagent leur passion pour la nature et leur expertise en d\u00e9veloppement durable, tout en offrant des conseils pratiques pour un quotidien plus respectueux de l&#8217;environnement.<\/p>\n\n\n<p>Cette ann\u00e9e, plusieurs figures marquantes se d\u00e9tachent par leur engagement : <strong>Ecolo Mon Cul<\/strong>, qui d\u00e9nonce le greenwashing, <strong>Gaetan Gabriele<\/strong>, promoteur d&#8217;une action urgente contre le changement climatique, et <strong>Amandine Zajakala<\/strong>, qui propose des astuces pour un mode de vie \u00e9coresponsable. D&#8217;autres, comme <strong>C Juste Marie<\/strong> et <strong>Basilic Podcast<\/strong>, encouragent des pratiques durables au quotidien et rendent l&#8217;\u00e9cologie accessible \u00e0 tous.<\/p>\n\n\n<p>Ces cr\u00e9ateurs, tout en disposant de grandes communaut\u00e9s sur les r\u00e9seaux sociaux, insufflent un engagement collectif pour un avenir plus <strong>durable<\/strong>. Leur voix puissante rappelle l&#8217;importance d&#8217;agir pour notre environnement.<\/p>\n\n\n<figure class=\"wp-block-embed is-type-video is-provider-youtube wp-block-embed-youtube wp-embed-aspect-16-9 wp-has-aspect-ratio\">\n<div class=\"wp-block-embed__wrapper\">\n<iframe title=\"G\u00e9n\u00e9rer de l&#039;Art par intelligence artificielle | Benoit Audigier | TEDxEMLYON\" width=\"1200\" height=\"675\" src=\"https:\/\/www.youtube-nocookie.com\/embed\/cLg8K-ltS5g?feature=oembed\" frameborder=\"0\" allow=\"accelerometer; autoplay; clipboard-write; encrypted-media; gyroscope; picture-in-picture; web-share\" referrerpolicy=\"strict-origin-when-cross-origin\" allowfullscreen><\/iframe>\n<\/div>\n<\/figure>\n\n\n\n<p>La prise de conscience environnementale s&#8217;intensifie, alimentant un mouvement o\u00f9 de nombreux cr\u00e9ateurs partagent leur passion et leur engagement pour la pr\u00e9servation de notre pr\u00e9cieux habitat. Ces <strong>influenceurs<\/strong> incarnent des valeurs d&#8217;authenticit\u00e9 et d&#8217;espoir, faisant r\u00e9sonner leur voix \u00e0 travers les r\u00e9seaux sociaux et incitant leurs abonn\u00e9s \u00e0 se tourner vers un mode de vie plus durable. Explorons quelques portraits inspirants de ces figures marquantes, qui \u0153uvrent sans rel\u00e2che pour un avenir respectueux de l&#8217;environnement.<\/p>\n\n\n<h2 class=\"wp-block-heading\">Les influenceurs \u00e0 suivre<\/h2>\n\n\n<p>Nombreux sont ces cr\u00e9ateurs qui se consacrent \u00e0 sensibiliser le public aux enjeux \u00e9cologiques. Leur message est clair : chaque petit geste compte. Parmi eux, on trouve des professionnels de divers domaines tels que l&#8217;\u00e9co-design, les m\u00e9dias et m\u00eame la gastronomie. Tous se rejoignent autour d&#8217;une m\u00eame ambition : susciter l&#8217;engagement et l&#8217;action collective pour le bien-\u00eatre de notre plan\u00e8te.<\/p>\n\n\n<h3 class=\"wp-block-heading\">Ecolo Mon Cul<\/h3>\n\n\n<p>Pilot\u00e9 par <strong>Pierre Rouvi\u00e8re<\/strong>, un ing\u00e9nieur \u00e9co-designer, <strong>Ecolo Mon Cul<\/strong> \u00e9merge comme un rempart contre le greenwashing. Cet influenceur partage des r\u00e9flexions incisives sur l&#8217;\u00e9cologie et les faux discours qui l&#8217;entourent. Sa communaut\u00e9 active, forte de <strong>54,6 k followers sur Instagram<\/strong>, r\u00e9pond avec curiosit\u00e9 \u00e0 ses id\u00e9es novatrices, tout en le suivant dans ses critiques constructive du monde actuel.<\/p>\n\n\n<h3 class=\"wp-block-heading\">Gaetan Gabriele<\/h3>\n\n\n<p>Dans l&#8217;univers du m\u00e9dia <strong>@vert_le_media<\/strong>, <strong>Gaetan Gabriele<\/strong> ne cesse de marteler l&#8217;urgence de l&#8217;engagement \u00e9cologique. Avec sa c\u00e9l\u00e8bre phrase \u00ab\u00a0<strong>La plan\u00e8te crame et nous on regarde Netflix<\/strong>\u00a0\u00bb, il interpelle et provoque une r\u00e9flexion au sein de sa communaut\u00e9 qui compte <strong>221 k abonn\u00e9s sur Instagram<\/strong> et <strong>5 549 sur X<\/strong>.<\/p>\n\n\n<h2 class=\"wp-block-heading\">\u00c0 la rencontre de cr\u00e9ateurs inspirants<\/h2>\n\n\n<p>Les influenceurs ne se contentent pas de partager leur passion ; ils offrent \u00e9galement des solutions concr\u00e8tes et accessibles. \u00c0 travers diff\u00e9rents formats, que ce soit des vid\u00e9os, des articles ou des livres, ils mettent en lumi\u00e8re des pratiques durables faciles \u00e0 adopter au quotidien.<\/p>\n\n\n<h3 class=\"wp-block-heading\">Vivre moins con<\/h3>\n\n\n<p>Incarn\u00e9 par un jeune passionn\u00e9, le compte <strong>Vivre moins con<\/strong> se consacre \u00e0 vulgariser des sujets essentiels de fa\u00e7on engageante. Gr\u00e2ce \u00e0 ses <strong>203.1K abonn\u00e9s sur TikTok et 111 k sur Instagram<\/strong>, il propose une multitude d&#8217;astuces pour vivre intelligemment tout en pr\u00e9servant notre environnement.<\/p>\n\n\n<h3 class=\"wp-block-heading\">EcoloMe \u2013 Amandine Zajakala<\/h3>\n\n\n<p>Derri\u00e8re <strong>EcoloMe<\/strong>, <strong>Amandine Zajakala<\/strong> partage ses conseils de permaculture et de DIY (fait maison). Avec une approche chaleureuse, elle incite \u00e0 r\u00e9duire les d\u00e9chets tout en all\u00e9geant le budget. Son livre, <strong>\u00ab\u00a0EcoloMe, \u2013 de d\u00e9chets, + de budget ! \u00bb<\/strong>, regorge d&#8217;id\u00e9es pratiques, rendant l&#8217;\u00e9cologie accessible \u00e0 tous ses <strong>80 000 abonn\u00e9s sur Facebook et Instagram<\/strong>.<\/p>\n\n\n<h2 class=\"wp-block-heading\">Leur impact sur les r\u00e9seaux sociaux<\/h2>\n\n\n<p>Chaque intervention des influenceurs engagera souvent une dynamique de r\u00e9flexion et de changement au sein de leur communaut\u00e9. Leurs initiatives et leur mani\u00e8re d&#8217;inciter \u00e0 agir sont essentielles pour amener leurs abonn\u00e9s \u00e0 adopter des comportements plus respectueux de l&#8217;environnement.<\/p>\n\n\n<h3 class=\"wp-block-heading\">C Juste Marie<\/h3>\n\n\n<p><strong>C Juste Marie<\/strong> incarne la simplicit\u00e9 d&#8217;un mode de vie \u00e9colo sans culpabilit\u00e9. Sa pr\u00e9sence sur les r\u00e9seaux sociaux inspirera de nombreux abonn\u00e9s \u00e0 int\u00e9grer des pratiques durables dans leur quotidien. \u00c0 travers son livre <strong>\u00ab\u00a0Cuisine simple et facile sans se ruiner \u00bb<\/strong>, elle propose des astuces pour r\u00e9duire le gaspillage tout en faisant des \u00e9conomies.<\/p>\n\n\n<h3 class=\"wp-block-heading\">Basilic Podcast<\/h3>\n\n\n<p><strong>Basilic Podcast<\/strong>, tenu par une jeune femme enthousiaste et engag\u00e9e, aborde les th\u00e9matiques li\u00e9es \u00e0 un style de vie durable. Elle y partage son parcours tout en d\u00e9montrant que l&#8217;\u00e9co-responsabilit\u00e9 peut s&#8217;accompagner de joie et de motivation. Sa communaut\u00e9, bien que modeste avec <strong>12,9 k followers sur Instagram<\/strong>, t\u00e9moigne de l&#8217;impact de ses actions.<\/p>\n\n\n<h3 class=\"wp-block-heading\">Thealleah \u2013 L\u00e9a Marq<\/h3>\n\n\n<p>Enfin, <strong>Thealleah<\/strong> est une r\u00e9f\u00e9rence en mati\u00e8re de mode et d\u00e9coration \u00e9co-responsables. Avec <strong>19,1 k followers sur Instagram<\/strong>, <strong>L\u00e9a Marq<\/strong> d\u00e9ploie son expertise \u00e0 travers des partages enrichissants et un podcast intitul\u00e9 <strong>\u00ab FLOU \u00bb<\/strong>, qui explore les enjeux environnementaux avec profondeur.<\/p>\n\n\n<p>Ces cr\u00e9ateurs d\u00e9montrent que l&#8217;engagement pour l&#8217;environnement peut prendre de nombreuses formes, chacune accessible et motivante \u00e0 sa mani\u00e8re. Ils incarnent une g\u00e9n\u00e9ration pr\u00eate \u00e0 se manifester et \u00e0 agir pour un futur plus respectueux de notre terre.<\/p>\n\n\n\n<p><span><span><a href=\"https:\/\/metricool.com\/fr\/\">Home<\/a><\/span> \/ <span aria-current=\"page\">Les voix de l\u2019\u00e9cologie : 7 influenceurs \u00e0 suivre<\/span><\/span><\/p>\n\n\n<h2 class=\"wp-block-heading\">\ud83c\udf0d Les influenceurs engag\u00e9s pour l&#8217;environnement<\/h2>\n\n\n<figure class=\"wp-block-table\">\n<table>\n<tbody>\n<tr>\n<td>\ud83c\udf43 <strong>Ecolo Mon Cul<\/strong><\/td>\n<td>Pierre Rouvi\u00e8re lutte contre le greenwashing et partage ses r\u00e9flexions sur l\u2019\u00e9cologie.<\/td>\n<\/tr>\n<tr>\n<td>\ud83d\udd25 <strong>Gaetan Gabriele<\/strong><\/td>\n<td>Chef du m\u00e9dia @vert_le_media, il alerte sur l\u2019urgence climatique.<\/td>\n<\/tr>\n<tr>\n<td>\ud83d\udcda <strong>Vivre moins con<\/strong><\/td>\n<td>Vulgarise les sujets \u00e9cologiques et soutient des causes justes pour une meilleure prise de conscience.<\/td>\n<\/tr>\n<tr>\n<td>\ud83c\udf31 <strong>EcoloMe \u2013 Amandine Zajakala<\/strong><\/td>\n<td>Aide \u00e0 vivre plus sainement avec des astuces z\u00e9ro d\u00e9chet et recettes pratiques.<\/td>\n<\/tr>\n<tr>\n<td>\ud83e\udd57 <strong>C Juste Marie<\/strong><\/td>\n<td>Inspire un mode de vie sans culpabilit\u00e9 tout en publiant des conseils de cuisine \u00e9coresponsable.<\/td>\n<\/tr>\n<tr>\n<td>\ud83c\udfa4 <strong>Basilic Podcast<\/strong><\/td>\n<td>Partage des conseils pratiques pour un mode de vie durable \u00e0 travers des podcasts.<\/td>\n<\/tr>\n<tr>\n<td>\ud83d\udecd\ufe0f <strong>Thealleah \u2013 L\u00e9a Marq<\/strong><\/td>\n<td>R\u00e9f\u00e8re \u00e0 la mode \u00e9thique et \u00e0 la durabilit\u00e9, partageant son expertise \u00e0 travers un podcast.<\/td>\n<\/tr>\n<\/tbody>\n<\/table>\n<\/figure>\n","protected":false},"excerpt":{"rendered":"","protected":false},"author":8,"featured_media":6110,"comment_status":"open","ping_status":"close","sticky":false,"template":"","format":"standard","meta":{"_seopress_robots_primary_cat":"","_seopress_titles_title":"","_seopress_titles_desc":"","_seopress_robots_index":"","footnotes":""},"categories":[1545],"tags":[],"class_list":["post-6109","post","type-post","status-publish","format-standard","has-post-thumbnail","hentry","category-neuchcup-fr","generate-columns","tablet-grid-50","mobile-grid-100","grid-parent","grid-33"],"_links":{"self":[{"href":"https:\/\/swisstinychalet.ch\/neuch\/wp-json\/wp\/v2\/posts\/6109","targetHints":{"allow":["GET"]}}],"collection":[{"href":"https:\/\/swisstinychalet.ch\/neuch\/wp-json\/wp\/v2\/posts"}],"about":[{"href":"https:\/\/swisstinychalet.ch\/neuch\/wp-json\/wp\/v2\/types\/post"}],"author":[{"embeddable":true,"href":"https:\/\/swisstinychalet.ch\/neuch\/wp-json\/wp\/v2\/users\/8"}],"replies":[{"embeddable":true,"href":"https:\/\/swisstinychalet.ch\/neuch\/wp-json\/wp\/v2\/comments?post=6109"}],"version-history":[{"count":0,"href":"https:\/\/swisstinychalet.ch\/neuch\/wp-json\/wp\/v2\/posts\/6109\/revisions"}],"wp:featuredmedia":[{"embeddable":true,"href":"https:\/\/swisstinychalet.ch\/neuch\/wp-json\/wp\/v2\/media\/6110"}],"wp:attachment":[{"href":"https:\/\/swisstinychalet.ch\/neuch\/wp-json\/wp\/v2\/media?parent=6109"}],"wp:term":[{"taxonomy":"category","embeddable":true,"href":"https:\/\/swisstinychalet.ch\/neuch\/wp-json\/wp\/v2\/categories?post=6109"},{"taxonomy":"post_tag","embeddable":true,"href":"https:\/\/swisstinychalet.ch\/neuch\/wp-json\/wp\/v2\/tags?post=6109"}],"curies":[{"name":"wp","href":"https:\/\/api.w.org\/{rel}","templated":true}]}}