{"id":6111,"date":"2024-12-06T12:33:37","date_gmt":"2024-12-06T07:03:37","guid":{"rendered":"https:\/\/swisstinychalet.ch\/neuch\/a-lyon-un-quartier-innovant-teste-le-concept-du-zero-dechet-a-travers-lecole-la-mairie-et-le-theatre"},"modified":"2024-12-06T12:33:37","modified_gmt":"2024-12-06T07:03:37","slug":"a-lyon-un-quartier-innovant-teste-le-concept-du-zero-dechet-a-travers-lecole-la-mairie-et-le-theatre","status":"publish","type":"post","link":"https:\/\/swisstinychalet.ch\/neuch\/a-lyon-un-quartier-innovant-teste-le-concept-du-zero-dechet-a-travers-lecole-la-mairie-et-le-theatre","title":{"rendered":"\u00c0 Lyon, un quartier innovant teste le concept du z\u00e9ro d\u00e9chet \u00e0 travers l&#8217;\u00e9cole, la mairie et le th\u00e9\u00e2tre"},"content":{"rendered":"\n\n<p>Dans le <strong>9e arrondissement<\/strong> de <strong>Lyon<\/strong>, un projet innovant nomm\u00e9 <strong>Quartier z\u00e9ro d\u00e9chet<\/strong> est en cours d&#8217;exp\u00e9rimentation, impliquant diverses institutions telles que les <strong>\u00e9coles<\/strong>, la <strong>mairie<\/strong> et des th\u00e9\u00e2tres. L&#8217;initiative vise \u00e0 r\u00e9duire la production de <strong>d\u00e9tritus<\/strong> en sensibilisant et en accompagnant les acteurs locaux dans leur transition vers des pratiques plus durables. \u00c0 travers des ateliers, des \u00e9v\u00e9nements et des collaborations entre les diff\u00e9rentes structures, cet effort collectif cherche \u00e0 cr\u00e9er un environnement o\u00f9 la gestion des d\u00e9chets est repens\u00e9e et optimis\u00e9e, tout en engageant les <strong>habitants<\/strong> dans un v\u00e9ritable changement de comportement.<\/p>\n\n\n<figure class=\"wp-block-embed is-type-video is-provider-youtube wp-block-embed-youtube wp-embed-aspect-16-9 wp-has-aspect-ratio\">\n<div class=\"wp-block-embed__wrapper\">\n<iframe title=\"Reportage au Festival Lyon Z\u00e9ro D\u00e9chet\" width=\"1200\" height=\"900\" src=\"https:\/\/www.youtube-nocookie.com\/embed\/60Pys63ZSws?feature=oembed\" frameborder=\"0\" allow=\"accelerometer; autoplay; clipboard-write; encrypted-media; gyroscope; picture-in-picture; web-share\" referrerpolicy=\"strict-origin-when-cross-origin\" allowfullscreen><\/iframe>\n<\/div>\n<\/figure>\n\n\n\n<p>Au c\u0153ur de <strong>Lyon<\/strong>, le 9<sup>e<\/sup> arrondissement se distingue par une approche audacieuse : celle du <strong>quartier z\u00e9ro d\u00e9chet<\/strong>. Ce projet novateur, lanc\u00e9 depuis un an, mobilise divers acteurs locaux pour provoquer un v\u00e9ritable changement dans les habitudes de consommation. Ce n&#8217;est pas seulement une initiative \u00e9cologique, mais aussi une mani\u00e8re de cr\u00e9er un lien social autour d&#8217;un objectif commun.<\/p>\n\n\n<h2 class=\"wp-block-heading\">Un \u00e9lan collectif pour r\u00e9duire les d\u00e9chets<\/h2>\n\n\n<p>Le dispositif <strong>Quartier z\u00e9ro d\u00e9chet<\/strong> (QZD) est n\u00e9 d&#8217;une collaboration entre les associations <strong>Mouvement de palier<\/strong> et <strong>Z\u00e9ro d\u00e9chet Lyon<\/strong>. Ensemble, ils s&#8217;efforcent de mobiliser les habitants et les entreprises pour diminuer la production de d\u00e9chets au quotidien. Au <strong>quartier Vaise<\/strong>, cette initiative vise \u00e0 r\u00e9inventer notre relation avec les d\u00e9chets, tout en int\u00e9grant des pratiques durables dans les activit\u00e9s de la vie quotidienne.<\/p>\n\n\n<p>Lors des \u00e9v\u00e9nements organis\u00e9s, tels que des ateliers ou des march\u00e9s, les acteurs du quartier d\u00e9montrent que r\u00e9duire les d\u00e9chets n\u2019est pas seulement b\u00e9n\u00e9fique pour l\u2019environnement, mais aussi pour le portefeuille. Les participants sont encourag\u00e9s \u00e0 apporter leurs propres contenants pour r\u00e9cup\u00e9rer leurs repas, illustrant ainsi une mani\u00e8re responsable de consommer.<\/p>\n\n\n<h2 class=\"wp-block-heading\">Un projet qui s&#8217;\u00e9panouit dans diff\u00e9rents lieux<\/h2>\n\n\n<p>Les <strong>\u00e9coles, mairies, th\u00e9\u00e2tres<\/strong> et autres espaces communautaires jouent un r\u00f4le de premier plan dans ce dispositif. Par exemple, l\u2019\u00e9cole <strong>Chapeau rouge<\/strong> s&#8217;est engag\u00e9e \u00e0 int\u00e9grer des pratiques <strong>z\u00e9ro d\u00e9chet<\/strong> dans son fonctionnement. Les fournitures utilis\u00e9es sont devenues respectueuses de l&#8217;environnement : on y voit des <strong>prot\u00e8ge-cahiers en tissu<\/strong>, des <strong>pots de colle r\u00e9utilisables<\/strong>, et des \u00e9ponges tawashi r\u00e9alis\u00e9es \u00e0 partir de chaussettes recycl\u00e9es.<\/p>\n\n\n<p>Des pratiques simples et durables dans les \u00e9coles. <i>\u00a9 Moran Kerinec \/ Reporterre<\/i><\/p>\n\n\n<h2 class=\"wp-block-heading\">Des initiatives pour sensibiliser la population<\/h2>\n\n\n<p>Pour \u00e9largir l&#8217;impact du <strong>QZD<\/strong>, des actions cibl\u00e9es sont men\u00e9es pour toucher les diff\u00e9rentes strates de la population. Cela passe par des ateliers sur la gestion de budget, la pr\u00e9paration de repas \u00e9coresponsables, ou encore la r\u00e9duction de l&#8217;\u00e9co-anxi\u00e9t\u00e9. Les \u00e9changes interg\u00e9n\u00e9rationnels et intercommunautaires enrichissent le projet, permettant de rassembler des publics vari\u00e9s autour de valeurs communes.<\/p>\n\n\n<p>Des dispositifs tels que des fl\u00e8ches color\u00e9es et des bulles artistiques, r\u00e9alis\u00e9es par l\u2019artiste locale <strong>Christina Agssarkissian<\/strong>, viennent \u00e9galement afficher les informations sur le tri et la gestion des d\u00e9chets dans l\u2019espace public. Cela permet aux habitants de repenser leur rapport \u00e0 la consommation.<\/p>\n\n\n<p>Un \u00e9lan artistique pour ancrer le projet dans le quotidien. <i>\u00a9 Moran Kerinec \/ Reporterre<\/i><\/p>\n\n\n<h2 class=\"wp-block-heading\">Les d\u00e9fis \u00e0 relever<\/h2>\n\n\n<p>Autant le projet semble prometteur, autant des challenges se posent. La sensibilisation de tous les publics, y compris ceux qui n&#8217;ont pas encore int\u00e9gr\u00e9 la d\u00e9marche dans leur quotidien, reste un obstacle. Les acteurs du <strong>QZD<\/strong> ont identifi\u00e9 la n\u00e9cessit\u00e9 de s&#8217;adapter aux pr\u00e9occupations sp\u00e9cifiques des habitants, en tenant compte des r\u00e9alit\u00e9s \u00e9conomiques et sociales qui caract\u00e9risent le quartier.<\/p>\n\n\n<p>Les associations cherchent constamment des moyens de collaboration afin de favoriser une transition naturelle vers des pratiques durables, tout en tenant compte des attentes et des contraintes des commer\u00e7ants locaux. \u00c0 l\u2019avenir, ils esp\u00e8rent que d\u2019autres quartiers s\u2019inspireront de ce mod\u00e8le pour adoter des mesures similaires.<\/p>\n\n\n<p>Le projet ne se limite pas \u00e0 une simple r\u00e9duction des d\u00e9chets, il pr\u00e9figure une transformation plus large des mentalit\u00e9s et un renouvellement des pratiques de consommation vers des alternatives plus durables. Les success stories du <strong>QZD<\/strong> \u00e0 <strong>Lyon<\/strong> pourraient bien inspirer d\u2019autres initiatives \u00e0 travers le pays.<\/p>\n\n\n\n<h2 class=\"wp-block-heading\">\ud83c\udfd9 Exp\u00e9rimentation du Quartier Z\u00e9ro D\u00e9chet<\/h2>\n\n\n<figure class=\"wp-block-table\">\n<table>\n<tbody>\n<tr>\n<td>\ud83d\udcdd Sujet<\/td>\n<td>\ud83d\udcca D\u00e9tails<\/td>\n<\/tr>\n<tr>\n<td>\ud83d\udccd Localisation<\/td>\n<td>9<sup>e<\/sup> arrondissement de Lyon, quartier de Vaise.<\/td>\n<\/tr>\n<tr>\n<td>\ud83d\udcc5 Dur\u00e9e de l&#8217;exp\u00e9rimentation<\/td>\n<td>Trois ans, depuis 2022.<\/td>\n<\/tr>\n<tr>\n<td>\ud83c\udfaf Objectif principal<\/td>\n<td>Sensibiliser et accompagner les acteurs locaux pour <strong>r\u00e9duire la production de d\u00e9chets<\/strong>.<\/td>\n<\/tr>\n<tr>\n<td>\ud83d\udc65 Acteurs impliqu\u00e9s<\/td>\n<td>Associations Mouvement de Palier, Z\u00e9ro D\u00e9chet Lyon, mairie, et autres structures locales.<\/td>\n<\/tr>\n<tr>\n<td>\ud83c\udfdb Lieu de rassemblement<\/td>\n<td>Place Valmy, pr\u00e8s de la mairie, m\u00e9diath\u00e8que, et centre social.<\/td>\n<\/tr>\n<tr>\n<td>\ud83d\udc69\u200d\ud83c\udfeb Initiatives concr\u00e8tes<\/td>\n<td>Ateliers, \u00e9v\u00e9nements, pr\u00eat d&#8217;objets, et sensibilisation \u00e0 la r\u00e9cup\u00e9ration et au recyclage.<\/td>\n<\/tr>\n<tr>\n<td>\ud83d\udee0 Outils et pratiques<\/td>\n<td>Identification des publics, collaborations interprofessionnelles, et retour d&#8217;exp\u00e9rience.<\/td>\n<\/tr>\n<tr>\n<td>\ud83d\udde3 T\u00e9moignages<\/td>\n<td>Les participants expriment des <strong>difficult\u00e9s<\/strong> et des <strong>frustrations<\/strong> face aux changements n\u00e9cessaires.<\/td>\n<\/tr>\n<tr>\n<td>\ud83c\udf0d Engagement de la mairie<\/td>\n<td>Support financier et logistique pour le <strong>Quartier Z\u00e9ro D\u00e9chet<\/strong>.<\/td>\n<\/tr>\n<tr>\n<td>\ud83e\udded Perspectives d&#8217;avenir<\/td>\n<td>Cr\u00e9er un mod\u00e8le reproductible pour d&#8217;autres quartiers.<\/td>\n<\/tr>\n<\/tbody>\n<\/table>\n<\/figure>\n","protected":false},"excerpt":{"rendered":"","protected":false},"author":9,"featured_media":6112,"comment_status":"open","ping_status":"close","sticky":false,"template":"","format":"standard","meta":{"_seopress_robots_primary_cat":"","_seopress_titles_title":"","_seopress_titles_desc":"","_seopress_robots_index":"","footnotes":""},"categories":[1545],"tags":[],"class_list":["post-6111","post","type-post","status-publish","format-standard","has-post-thumbnail","hentry","category-neuchcup-fr","generate-columns","tablet-grid-50","mobile-grid-100","grid-parent","grid-33"],"_links":{"self":[{"href":"https:\/\/swisstinychalet.ch\/neuch\/wp-json\/wp\/v2\/posts\/6111","targetHints":{"allow":["GET"]}}],"collection":[{"href":"https:\/\/swisstinychalet.ch\/neuch\/wp-json\/wp\/v2\/posts"}],"about":[{"href":"https:\/\/swisstinychalet.ch\/neuch\/wp-json\/wp\/v2\/types\/post"}],"author":[{"embeddable":true,"href":"https:\/\/swisstinychalet.ch\/neuch\/wp-json\/wp\/v2\/users\/9"}],"replies":[{"embeddable":true,"href":"https:\/\/swisstinychalet.ch\/neuch\/wp-json\/wp\/v2\/comments?post=6111"}],"version-history":[{"count":0,"href":"https:\/\/swisstinychalet.ch\/neuch\/wp-json\/wp\/v2\/posts\/6111\/revisions"}],"wp:featuredmedia":[{"embeddable":true,"href":"https:\/\/swisstinychalet.ch\/neuch\/wp-json\/wp\/v2\/media\/6112"}],"wp:attachment":[{"href":"https:\/\/swisstinychalet.ch\/neuch\/wp-json\/wp\/v2\/media?parent=6111"}],"wp:term":[{"taxonomy":"category","embeddable":true,"href":"https:\/\/swisstinychalet.ch\/neuch\/wp-json\/wp\/v2\/categories?post=6111"},{"taxonomy":"post_tag","embeddable":true,"href":"https:\/\/swisstinychalet.ch\/neuch\/wp-json\/wp\/v2\/tags?post=6111"}],"curies":[{"name":"wp","href":"https:\/\/api.w.org\/{rel}","templated":true}]}}