{"id":6113,"date":"2024-12-06T12:34:24","date_gmt":"2024-12-06T07:04:24","guid":{"rendered":"https:\/\/swisstinychalet.ch\/neuch\/decouvrez-les-festivals-culturels-engages-a-ne-pas-manquer-cet-ete-en-france"},"modified":"2024-12-06T12:34:24","modified_gmt":"2024-12-06T07:04:24","slug":"decouvrez-les-festivals-culturels-engages-a-ne-pas-manquer-cet-ete-en-france","status":"publish","type":"post","link":"https:\/\/swisstinychalet.ch\/neuch\/decouvrez-les-festivals-culturels-engages-a-ne-pas-manquer-cet-ete-en-france","title":{"rendered":"D\u00e9couvrez les festivals culturels engag\u00e9s \u00e0 ne pas manquer cet \u00e9t\u00e9 en France"},"content":{"rendered":"\n\n<p>Cet \u00e9t\u00e9, la France accueille une vari\u00e9t\u00e9 de <strong>festivals culturels<\/strong> qui se distinguent par leur engagement envers l&#8217;<strong>\u00e9cologie<\/strong> et la <strong>responsabilit\u00e9 sociale<\/strong>. Ces \u00e9v\u00e9nements sont des lieux de convivialit\u00e9 et de d\u00e9couverte, tout en mettant en avant des pratiques <strong>durables<\/strong> et <strong>\u00e9coresponsables<\/strong>. Parmi eux, des festivals comme <strong>Solidays<\/strong>, qui \u0153uvre pour des causes sociales, et <strong>le Greenway Festival<\/strong>, qui sensibilise \u00e0 la pr\u00e9servation de l&#8217;environnement, sont \u00e0 ne pas manquer. D&#8217;autres, comme <strong>les Pluies de Juillet<\/strong>, adoptent un mod\u00e8le 100 % v\u00e9g\u00e9tarien, tandis que <strong>le Festival de Thau<\/strong> se concentre sur la gestion des d\u00e9chets. Ces festivals illustrent comment la <strong>musique<\/strong> et l&#8217;<strong>art<\/strong> peuvent s&#8217;allier \u00e0 des valeurs <strong>\u00e9cologiques<\/strong> pour cr\u00e9er des exp\u00e9riences inoubliables.<\/p>\n\n\n<figure class=\"wp-block-embed is-type-video is-provider-youtube wp-block-embed-youtube wp-embed-aspect-16-9 wp-has-aspect-ratio\">\n<div class=\"wp-block-embed__wrapper\">\n<iframe title=\"Gangaur\" width=\"1200\" height=\"675\" src=\"https:\/\/www.youtube-nocookie.com\/embed\/9BWQAFuS_D0?feature=oembed\" frameborder=\"0\" allow=\"accelerometer; autoplay; clipboard-write; encrypted-media; gyroscope; picture-in-picture; web-share\" referrerpolicy=\"strict-origin-when-cross-origin\" allowfullscreen><\/iframe>\n<\/div>\n<\/figure>\n\n\n\n<p>Cet \u00e9t\u00e9, les <strong>festivals<\/strong> en France invitent \u00e0 c\u00e9l\u00e9brer la culture tout en prenant soin de la plan\u00e8te. Ces \u00e9v\u00e9nements deviennent des lieux de convivialit\u00e9 o\u00f9 se m\u00e9langent immersion artistique et engagement pour l&#8217;environnement. Que ce soit \u00e0 travers des concerts, des activit\u00e9s ludiques ou des sensibilisations, ces festivals se d\u00e9marquent par leur volont\u00e9 de cr\u00e9er un impact positif. Voici un aper\u00e7u de quelques manifestations incontournables \u00e0 venir.<\/p>\n\n\n<h2 class=\"wp-block-heading\">Solidays &#8211; 28 au 30 juin, Hippodrome de Longchamp, Paris<\/h2>\n\n\n<p>Chaque ann\u00e9e, <strong>Solidays<\/strong> attire des milliers d&#8217;amateurs de musique \u00e0 Paris. Ce festival ne se limite pas aux performances artistiques, il soutient activement l&#8217;<a href=\"https:\/\/www.solidarite-sida.org\" target=\"_blank\">association solidarit\u00e9 sida<\/a>. En r\u00e9unissant musique et engagement social, il met un point d&#8217;honneur \u00e0 int\u00e9grer des <strong>pratiques durables<\/strong> dans son organisation. La mobilisation de b\u00e9n\u00e9voles et l&#8217;adoption de mesures \u00e9co-responsables font de cet \u00e9v\u00e9nement un mod\u00e8le \u00e0 suivre.<\/p>\n\n\n<h2 class=\"wp-block-heading\">Greenway Festival &#8211; 29 juin, Arras<\/h2>\n\n\n<p>Pour sa <strong>deuxi\u00e8me \u00e9dition<\/strong>, le <strong>Greenway Festival<\/strong>, nich\u00e9 au pied de l&#8217;abbaye de Mont-Saint-\u00c9loi, promet une exp\u00e9rience unique alliant musique \u00e9lectro-pop et sensibilisation \u00e0 la pr\u00e9servation du patrimoine historique. Le festival encourage ses participants \u00e0 r\u00e9fl\u00e9chir \u00e0 leur empreinte \u00e9cologique et \u00e0 privil\u00e9gier des <strong>mobilit\u00e9s douces<\/strong> pour s\u2019y rendre.<\/p>\n\n\n<h2 class=\"wp-block-heading\">Le Crussol Festival &#8211; 4 au 6 juillet, Ard\u00e8che\/Dr\u00f4me<\/h2>\n\n\n<p>Implant\u00e9 dans une zone Natura 2000, le <strong>Crussol Festival<\/strong> se distingue par sa rigueur envers l&#8217;\u00e9cologie. Le respect de l&#8217;environnement est une priorit\u00e9, avec des initiatives pour limiter la consommation d&#8217;<strong>\u00e9nergie<\/strong>, d&#8217;<strong>eau<\/strong> et de <strong>plastique<\/strong>. La propret\u00e9 des lieux est soigneusement observ\u00e9e, assurant un h\u00e9ritage durable pour les g\u00e9n\u00e9rations futures.<\/p>\n\n\n<h2 class=\"wp-block-heading\">Terres du Son &#8211; 12 au 14 juillet, Indre-et-Loire<\/h2>\n\n\n<p><strong>Terres du Son<\/strong> se positionne comme un festival de musique responsable, offrant chaque ann\u00e9e un <strong>\u00e9co-village<\/strong> accessible \u00e0 tous. Les visiteurs peuvent profiter de concerts tout en d\u00e9couvrant des initiatives port\u00e9es par des entreprises et associations locales visant \u00e0 promouvoir un mode de vie durable.<\/p>\n\n\n<h2 class=\"wp-block-heading\">Les Pluies de Juillet &#8211; 18 au 21 juillet, Normandie<\/h2>\n\n\n<p>Ce festival en Normandie se revendique comme un \u00e9v\u00e9nement \u00e0 la port\u00e9e des enjeux \u00e9cologiques actuels. Avec un programme 100 % <strong>v\u00e9g\u00e9tarien<\/strong> et des installations reposant sur l&#8217;<strong>\u00e9nergie solaire<\/strong>, <strong>Les Pluies de Juillet<\/strong> se veut un mod\u00e8le d&#8217;engagement \u00e9cologique au c\u0153ur des festivit\u00e9s.<\/p>\n\n\n<h2 class=\"wp-block-heading\">Le Festival de Thau &#8211; 10 au 21 juillet, H\u00e9rault<\/h2>\n\n\n<p>Le <strong>Festival de Thau<\/strong> s&#8217;efforce d&#8217;adopter une gestion responsable des d\u00e9chets. Avec un projet de distribution de cendriers de poche pour r\u00e9duire les m\u00e9gots, l\u2019\u00e9v\u00e9nement cherche \u00e0 sensibiliser les festivaliers \u00e0 l&#8217;importance de <strong>recyclage<\/strong> et de l&#8217;engagement local dans la lutte contre la pollution.<\/p>\n\n\n<h2 class=\"wp-block-heading\">Festival Grandes Mar\u00e9es &#8211; 20 au 28 juillet, Jullouville<\/h2>\n\n\n<p>Au bord de l&#8217;oc\u00e9an, le <strong>Festival Grandes Mar\u00e9es<\/strong> c\u00e9l\u00e8bre les arts tout en faisant la promotion de la <strong>biodiversit\u00e9<\/strong>. Avec un accent mis sur les produits locaux, cet \u00e9v\u00e9nement s&#8217;engage \u00e0 redistribuer les <strong>invendus<\/strong> \u00e0 des associations caritatives.<\/p>\n\n\n<h2 class=\"wp-block-heading\">Le Cabaret Vert &#8211; 15 au 18 ao\u00fbt, Charleville-M\u00e9zi\u00e8res<\/h2>\n\n\n<p>Reconnue pour ses initiatives visant \u00e0 r\u00e9duire les <strong>d\u00e9chets<\/strong>, l\u2019\u00e9quipe du <strong>Cabaret Vert<\/strong> est active tout au long de l&#8217;\u00e9v\u00e9nement pour assurer un site propre. Des actions volontaires permettent \u00e0 cet \u00e9v\u00e9nement d\u2019allier plaisir et respect de la nature.<\/p>\n\n\n<h2 class=\"wp-block-heading\">Woodstower &#8211; 29 ao\u00fbt au 1er septembre, Lyon<\/h2>\n\n\n<p>Dans une dynamique d\u2019<strong>\u00e9conomie circulaire<\/strong>, le <strong>Woodstower Festival<\/strong> utilise des mat\u00e9riaux recycl\u00e9s pour ses installations. Avec une majorit\u00e9 de prestataires locaux, ce festival incarne pleinement l&#8217;id\u00e9e d&#8217;une f\u00eate ancr\u00e9e dans son territoire.<\/p>\n\n\n<h2 class=\"wp-block-heading\">Delta Festival &#8211; 4 au 8 septembre, Marseille<\/h2>\n\n\n<p>Sur les plages marseillaises, le <strong>Delta Festival<\/strong> propose un village d\u00e9di\u00e9 \u00e0 la pr\u00e9servation de la biodiversit\u00e9. \u00c0 travers des ateliers pratiques, les festivaliers sont invit\u00e9s \u00e0 r\u00e9fl\u00e9chir sur leur consommation et \u00e0 participer activement \u00e0 la lutte contre les <strong>d\u00e9chets sauvages<\/strong>.<\/p>\n\n\n\n<h2 class=\"wp-block-heading\">Festivals \u00c9coresponsables \u00e0 Travers la France<\/h2>\n\n\n<figure class=\"wp-block-table\">\n<table>\n<tbody>\n<tr>\n<td>\ud83c\udf89<\/td>\n<td><strong>Solidays<\/strong> &#8211; 28 au 30 juin, Hippodrome de Longchamp, Paris<\/td>\n<\/tr>\n<tr>\n<td>\ud83c\udfb6<\/td>\n<td><strong>Greenway Festival<\/strong> &#8211; 29 juin, Arras<\/td>\n<\/tr>\n<tr>\n<td>\ud83c\udf33<\/td>\n<td><strong>Le Crussol Festival<\/strong> &#8211; 4 au 6 juillet, Ard\u00e8che\/Dr\u00f4me<\/td>\n<\/tr>\n<tr>\n<td>\ud83c\udfa4<\/td>\n<td><strong>Terres du Son<\/strong> &#8211; 12 au 14 juillet, Indre-et-Loire<\/td>\n<\/tr>\n<tr>\n<td>\ud83c\udf3f<\/td>\n<td><strong>Les Pluies de Juillet<\/strong> &#8211; 18 au 21 juillet, Normandie<\/td>\n<\/tr>\n<tr>\n<td>\ud83c\udf0a<\/td>\n<td><strong>Le Festival de Thau<\/strong> &#8211; 10 au 21 juillet, H\u00e9rault<\/td>\n<\/tr>\n<tr>\n<td>\ud83c\udf43<\/td>\n<td><strong>Festival Grandes Mar\u00e9es<\/strong> &#8211; 20 au 28 juillet, Jullouville<\/td>\n<\/tr>\n<tr>\n<td>\u2728<\/td>\n<td><strong>Le Festival Ecaussyst\u00e8me<\/strong> &#8211; 26 au 28 juillet, Lot\/Occitanie<\/td>\n<\/tr>\n<tr>\n<td>\ud83c\udf3c<\/td>\n<td><strong>Le Cabaret Vert<\/strong> &#8211; 15 au 18 ao\u00fbt, Charleville-M\u00e9zi\u00e8res<\/td>\n<\/tr>\n<tr>\n<td>\ud83c\udf1e<\/td>\n<td><strong>Woodstower<\/strong> &#8211; 29 ao\u00fbt au 1er septembre, Lyon<\/td>\n<\/tr>\n<tr>\n<td>\ud83c\udfd6\ufe0f<\/td>\n<td><strong>Delta Festival<\/strong> &#8211; 4 au 8 septembre, Marseille<\/td>\n<\/tr>\n<\/tbody>\n<\/table>\n<\/figure>\n","protected":false},"excerpt":{"rendered":"","protected":false},"author":10,"featured_media":6114,"comment_status":"open","ping_status":"close","sticky":false,"template":"","format":"standard","meta":{"_seopress_robots_primary_cat":"","_seopress_titles_title":"","_seopress_titles_desc":"","_seopress_robots_index":"","footnotes":""},"categories":[1545],"tags":[],"class_list":["post-6113","post","type-post","status-publish","format-standard","has-post-thumbnail","hentry","category-neuchcup-fr","generate-columns","tablet-grid-50","mobile-grid-100","grid-parent","grid-33"],"_links":{"self":[{"href":"https:\/\/swisstinychalet.ch\/neuch\/wp-json\/wp\/v2\/posts\/6113","targetHints":{"allow":["GET"]}}],"collection":[{"href":"https:\/\/swisstinychalet.ch\/neuch\/wp-json\/wp\/v2\/posts"}],"about":[{"href":"https:\/\/swisstinychalet.ch\/neuch\/wp-json\/wp\/v2\/types\/post"}],"author":[{"embeddable":true,"href":"https:\/\/swisstinychalet.ch\/neuch\/wp-json\/wp\/v2\/users\/10"}],"replies":[{"embeddable":true,"href":"https:\/\/swisstinychalet.ch\/neuch\/wp-json\/wp\/v2\/comments?post=6113"}],"version-history":[{"count":0,"href":"https:\/\/swisstinychalet.ch\/neuch\/wp-json\/wp\/v2\/posts\/6113\/revisions"}],"wp:featuredmedia":[{"embeddable":true,"href":"https:\/\/swisstinychalet.ch\/neuch\/wp-json\/wp\/v2\/media\/6114"}],"wp:attachment":[{"href":"https:\/\/swisstinychalet.ch\/neuch\/wp-json\/wp\/v2\/media?parent=6113"}],"wp:term":[{"taxonomy":"category","embeddable":true,"href":"https:\/\/swisstinychalet.ch\/neuch\/wp-json\/wp\/v2\/categories?post=6113"},{"taxonomy":"post_tag","embeddable":true,"href":"https:\/\/swisstinychalet.ch\/neuch\/wp-json\/wp\/v2\/tags?post=6113"}],"curies":[{"name":"wp","href":"https:\/\/api.w.org\/{rel}","templated":true}]}}