{"id":6117,"date":"2024-12-07T12:02:02","date_gmt":"2024-12-07T06:32:02","guid":{"rendered":"https:\/\/swisstinychalet.ch\/neuch\/diy-fabriquez-vos-sacs-reutilisables-en-tissu"},"modified":"2024-12-07T12:02:02","modified_gmt":"2024-12-07T06:32:02","slug":"diy-fabriquez-vos-sacs-reutilisables-en-tissu","status":"publish","type":"post","link":"https:\/\/swisstinychalet.ch\/neuch\/diy-fabriquez-vos-sacs-reutilisables-en-tissu","title":{"rendered":"DIY : Fabriquez vos sacs r\u00e9utilisables en tissu"},"content":{"rendered":"\n\n<p>        Cr\u00e9er des <strong>sacs r\u00e9utilisables en tissu<\/strong> est une excellente fa\u00e7on d&#8217;adopter un mode de vie <strong>z\u00e9ro d\u00e9chet<\/strong> tout en ajoutant une touche personnelle \u00e0 vos courses. Pour commencer, d\u00e9coupez des pi\u00e8ces de tissu selon la taille d\u00e9sir\u00e9e, par exemple <strong>30 x 40 cm<\/strong>. Pliez le tissu en deux avec l&#8217;envers \u00e0 l&#8217;ext\u00e9rieur et cousez les c\u00f4t\u00e9s au point zig-zag pour une finition soign\u00e9e. Vous pouvez \u00e9galement choisir des tissus <strong>\u00e9cologiques<\/strong> comme du <strong>coton biologique<\/strong> et personnaliser vos sacs avec des motifs uniques. L&#8217;utilisation de sacs r\u00e9utilisables contribue non seulement \u00e0 r\u00e9duire les d\u00e9chets plastiques, mais vous permet aussi de faire preuve de cr\u00e9ativit\u00e9 dans la conception.<\/p>\n\n\n<figure class=\"wp-block-embed is-type-video is-provider-youtube wp-block-embed-youtube wp-embed-aspect-16-9 wp-has-aspect-ratio\">\n<div class=\"wp-block-embed__wrapper\">\n<iframe title=\"DIY Z\u00e9ro d\u00e9chet - Sac \u00e0 fruits et l\u00e9gumes\" width=\"1200\" height=\"675\" src=\"https:\/\/www.youtube-nocookie.com\/embed\/Ja7C125dvz4?feature=oembed\" frameborder=\"0\" allow=\"accelerometer; autoplay; clipboard-write; encrypted-media; gyroscope; picture-in-picture; web-share\" referrerpolicy=\"strict-origin-when-cross-origin\" allowfullscreen><\/iframe>\n<\/div>\n<\/figure>\n\n\n\n<p>Cr\u00e9er ses propres sacs en tissu r\u00e9utilisables peut non seulement \u00eatre une activit\u00e9 enrichissante, mais \u00e9galement une \u00e9tape confortable vers un mode de vie plus <strong>durable<\/strong>. Loin d\u2019\u00eatre une simple tendance, l&#8217;utilisation de sacs \u00e9coresponsables refl\u00e8te un engagement fort envers la protection de notre plan\u00e8te. Voici quelques conseils pratiques pour concevoir des sacs qui allient esth\u00e9tique et respect de l&#8217;environnement.<\/p>\n\n\n<h2 class=\"wp-block-heading\">Pourquoi opter pour des sacs en tissu ?<\/h2>\n\n\n<p>Les sacs en tissu offrent une&lt; strong&gt; solution durable face \u00e0 la pollution caus\u00e9e par les plastiques jetables. Ils sont r\u00e9utilisables, souvent lavables, et peuvent \u00eatre confectionn\u00e9s \u00e0 partir de mat\u00e9riaux \u00e9coresponsables tels que le <strong>coton biologique<\/strong>. En fabriquant vos propres sacs, vous avez la libert\u00e9 de choisir des motifs qui vous plaisent et d\u2019adapter les dimensions selon vos besoins.<\/p>\n\n\n<h2 class=\"wp-block-heading\">Mat\u00e9riel n\u00e9cessaire<\/h2>\n\n\n<p>Pour r\u00e9aliser vos sacs, vous aurez besoin de quelques fournitures essentielles :<\/p>\n\n\n<ul class=\"wp-block-list\">\n\n<li><strong>Tissu<\/strong> (parfaitement adapt\u00e9 comme du coton popeline ou d&#8217;autres textiles naturels).<\/li>\n\n\n<li><strong>Une machine \u00e0 coudre<\/strong> pour assembler les pi\u00e8ces.<\/li>\n\n\n<li><strong>Du fil<\/strong> de couleur assortie au tissu choisi.<\/li>\n\n\n<li><strong>Des ciseaux<\/strong> pour d\u00e9couper le tissu.<\/li>\n\n\n<li><strong>Un m\u00e8tre ruban<\/strong> pour mesurer les dimensions.<\/li>\n\n<\/ul>\n\n\n<h2 class=\"wp-block-heading\">\u00c9tapes de r\u00e9alisation<\/h2>\n\n\n<p>Commencer votre projet n\u00e9cessite un peu de pr\u00e9paration. Par exemple, d\u00e9coupez deux morceaux de tissu mesurant 30 cm x 40 cm. Ensuite, pliez le tissu en deux, avec l\u2019envers dirig\u00e9 vers l\u2019ext\u00e9rieur, et cousez les c\u00f4t\u00e9s au point zig-zag pour une finition soign\u00e9e. Il est recommand\u00e9 de retourner le sac pour afficher la couture au centre et ainsi obtenir un rendu agr\u00e9able.<\/p>\n\n\n<p>Pour ajouter une touche personnelle, n\u2019h\u00e9sitez pas \u00e0 exp\u00e9rimenter avec des <strong>motifs<\/strong> ou des couleurs qui vous inspirent. Vous pouvez \u00e9galement choisir de renforcer les poign\u00e9es ou d&#8217;int\u00e9grer un fermoir si vous souhaitez cr\u00e9er un sac \u00e0 collation r\u00e9utilisable.<\/p>\n\n\n<h2 class=\"wp-block-heading\">Les avantages de cette d\u00e9marche<\/h2>\n\n\n<p>Fabriquer vos sacs en tissu, c&#8217;est avant tout faire un choix pour l&#8217;avenir. Cela permet de r\u00e9duire vos d\u00e9chets quotidiens et de participer \u00e0 une consommation plus consciente. En plus de cela, ces cr\u00e9ations peuvent s\u2019int\u00e9grer facilement \u00e0 votre routine, que ce soit pour faire vos courses ou pour des pique-niques.<\/p>\n\n\n<p>N\u2019oubliez pas que chaque petit geste compte. En vous engageant dans une d\u00e9marche \u00e9coresponsable et en adoptant une approche <strong>z\u00e9ro d\u00e9chet<\/strong>, vous contribuez non seulement \u00e0 la r\u00e9duction des d\u00e9chets, mais aussi \u00e0 la pr\u00e9servation de notre environnement. Pour des conseils suppl\u00e9mentaires sur la mani\u00e8re d\u2019optimiser vos pratiques, explorez des ressources comme <a href=\"https:\/\/swisstinychalet.ch\/neuch\/alternatives-ecologiques-pour-un-mode-de-vie-zero-dechet\">ce lien<\/a> ou <a href=\"https:\/\/swisstinychalet.ch\/neuch\/astuces-pour-reduire-vos-dechets-au-quotidien\">cette page<\/a>.<\/p>\n\n\n<p>La confection de sacs r\u00e9utilisables en tissu, au-del\u00e0 d&#8217;\u00eatre un projet DIY amusant, est une belle fa\u00e7on de contribuer \u00e0 un futur plus <strong>durable<\/strong>. En utilisant des mat\u00e9riaux respectueux, chacun peut apporter sa pierre \u00e0 l\u2019\u00e9difice pour un mode de vie plus sain.<\/p>\n\n\n\n<h2 class=\"wp-block-heading\">Cr\u00e9er des sacs \u00e0 vrac \u00e9coresponsables<\/h2>\n\n\n<figure class=\"wp-block-table\">\n<table>\n<tbody>\n<tr>\n<td>\ud83e\uddf5<\/td>\n<td><strong>D\u00e9coupe du tissu :<\/strong> Choisissez des pi\u00e8ces de tissu mesurant 25&#215;45 cm, tout en respectant le sens des motifs.<\/td>\n<\/tr>\n<tr>\n<td>\u2702\ufe0f<\/td>\n<td><strong>Patron pour sacs \u00e0 collation :<\/strong> Cousez deux petits rectangles autour du fermoir, en le pla\u00e7ant entre les tissus.<\/td>\n<\/tr>\n<tr>\n<td>\u267b\ufe0f<\/td>\n<td><strong>Atelier de cr\u00e9ation :<\/strong> D\u00e9coupez des pi\u00e8ces de 30 cm x 40 cm, pliez le tissu dans le sens inverse avant de coudre.<\/td>\n<\/tr>\n<tr>\n<td>\ud83c\udf31<\/td>\n<td><strong>Choix de tissu :<\/strong> Privil\u00e9giez des mat\u00e9riaux comme le coton popeline biologique avec des motifs vari\u00e9s.<\/td>\n<\/tr>\n<tr>\n<td>\ud83c\udf0d<\/td>\n<td><strong>R\u00e9duction des d\u00e9chets :<\/strong> Utiliser des petits mod\u00e8les de sachets en d\u00e9coupant 12 x 24 cm de tissu.<\/td>\n<\/tr>\n<tr>\n<td>\u2728<\/td>\n<td><strong>Coudre son sac :<\/strong> Pr\u00e9parez un rectangle de 62 x 20 cm pour r\u00e9aliser un sac r\u00e9utilisable de 30 x 18 cm.<\/td>\n<\/tr>\n<\/tbody>\n<\/table>\n<\/figure>\n","protected":false},"excerpt":{"rendered":"","protected":false},"author":12,"featured_media":0,"comment_status":"open","ping_status":"close","sticky":false,"template":"","format":"standard","meta":{"_seopress_robots_primary_cat":"","_seopress_titles_title":"","_seopress_titles_desc":"","_seopress_robots_index":"","footnotes":""},"categories":[1545],"tags":[],"class_list":["post-6117","post","type-post","status-publish","format-standard","hentry","category-neuchcup-fr","generate-columns","tablet-grid-50","mobile-grid-100","grid-parent","grid-33"],"_links":{"self":[{"href":"https:\/\/swisstinychalet.ch\/neuch\/wp-json\/wp\/v2\/posts\/6117","targetHints":{"allow":["GET"]}}],"collection":[{"href":"https:\/\/swisstinychalet.ch\/neuch\/wp-json\/wp\/v2\/posts"}],"about":[{"href":"https:\/\/swisstinychalet.ch\/neuch\/wp-json\/wp\/v2\/types\/post"}],"author":[{"embeddable":true,"href":"https:\/\/swisstinychalet.ch\/neuch\/wp-json\/wp\/v2\/users\/12"}],"replies":[{"embeddable":true,"href":"https:\/\/swisstinychalet.ch\/neuch\/wp-json\/wp\/v2\/comments?post=6117"}],"version-history":[{"count":0,"href":"https:\/\/swisstinychalet.ch\/neuch\/wp-json\/wp\/v2\/posts\/6117\/revisions"}],"wp:attachment":[{"href":"https:\/\/swisstinychalet.ch\/neuch\/wp-json\/wp\/v2\/media?parent=6117"}],"wp:term":[{"taxonomy":"category","embeddable":true,"href":"https:\/\/swisstinychalet.ch\/neuch\/wp-json\/wp\/v2\/categories?post=6117"},{"taxonomy":"post_tag","embeddable":true,"href":"https:\/\/swisstinychalet.ch\/neuch\/wp-json\/wp\/v2\/tags?post=6117"}],"curies":[{"name":"wp","href":"https:\/\/api.w.org\/{rel}","templated":true}]}}