{"id":6119,"date":"2024-12-07T12:02:31","date_gmt":"2024-12-07T06:32:31","guid":{"rendered":"https:\/\/swisstinychalet.ch\/neuch\/impact-environnemental-des-evenements-chiffres-cles"},"modified":"2024-12-07T12:02:31","modified_gmt":"2024-12-07T06:32:31","slug":"impact-environnemental-des-evenements-chiffres-cles","status":"publish","type":"post","link":"https:\/\/swisstinychalet.ch\/neuch\/impact-environnemental-des-evenements-chiffres-cles","title":{"rendered":"Impact environnemental des \u00e9v\u00e9nements : chiffres cl\u00e9s"},"content":{"rendered":"\n\n<p>L&#8217;organisation d&#8217;<strong>\u00e9v\u00e9nements<\/strong> a un <strong>impact environnemental<\/strong> significatif. Selon les \u00e9tudes, environ <strong>80 % de l&#8217;empreinte carbone<\/strong> d&#8217;un \u00e9v\u00e9nement provient du transport <strong>des participants<\/strong> et des <strong>mat\u00e9riaux<\/strong>. Par exemple, un \u00e9v\u00e9nement r\u00e9unissant <strong>5 000 personnes<\/strong> peut g\u00e9n\u00e9rer jusqu&#8217;\u00e0 <strong>2,5 tonnes de d\u00e9chets<\/strong>. Bien que le secteur de l&#8217;\u00e9v\u00e9nementiel g\u00e9n\u00e8re des <strong>retomb\u00e9es \u00e9conomiques<\/strong> consid\u00e9rables, autour de <strong>32 milliards d&#8217;euros<\/strong>, il est crucial d&#8217;adopter des pratiques plus <strong>durables<\/strong> pour r\u00e9duire cet impact. Le changement vers un \u00e9v\u00e9nement \u00e9coresponsable ne se limite pas \u00e0 la gestion des d\u00e9chets, mais implique \u00e9galement la <strong>pr\u00e9servation de la biodiversit\u00e9<\/strong> et la <strong>r\u00e9duction de la pollution<\/strong> li\u00e9e aux transports.<\/p>\n\n\n<figure class=\"wp-block-embed is-type-video is-provider-youtube wp-block-embed-youtube wp-embed-aspect-16-9 wp-has-aspect-ratio\">\n<div class=\"wp-block-embed__wrapper\">\n<iframe title=\"Comment limiter les impacts environnementaux des \u00e9v\u00e9nements ?\" width=\"1200\" height=\"675\" src=\"https:\/\/www.youtube-nocookie.com\/embed\/MCaoXqdsxlg?feature=oembed\" frameborder=\"0\" allow=\"accelerometer; autoplay; clipboard-write; encrypted-media; gyroscope; picture-in-picture; web-share\" referrerpolicy=\"strict-origin-when-cross-origin\" allowfullscreen><\/iframe>\n<\/div>\n<\/figure>\n\n\n\n<p>Organiser un \u00e9v\u00e9nement, qu&#8217;il s&#8217;agisse d&#8217;un s\u00e9minaire, d&#8217;un mariage ou d&#8217;une foire commerciale, repr\u00e9sente un v\u00e9ritable d\u00e9fi. Au-del\u00e0 de la mise en sc\u00e8ne ou du choix des intervenants, il est primordial de prendre en compte l\u2019<strong>impact environnemental<\/strong> de ces rassemblements. Loin d&#8217;\u00eatre un simple d\u00e9tail, cet aspect n\u00e9cessite une attention particuli\u00e8re.<\/p>\n\n\n<h2 class=\"wp-block-heading\">Les impacts li\u00e9s au transport<\/h2>\n\n\n<p>Une majorit\u00e9 de l&#8217;impact carbone des \u00e9v\u00e9nements provient du <strong>transport<\/strong> des participants et des biens. Environ <strong>80 % du bilan carbone<\/strong> d&#8217;un \u00e9v\u00e9nement est attribu\u00e9 \u00e0 ces d\u00e9placements. Cela signifie que chaque kilom\u00e8tre parcouru, que ce soit par avion, train ou v\u00e9hicule, contribue significativement aux \u00e9missions de gaz \u00e0 effet de serre. Pour un \u00e9v\u00e9nement rassemblant 5 000 personnes, la gestion de ces d\u00e9placements peut entra\u00eener des millions de kilom\u00e8tres parcourus et, par cons\u00e9quent, des tonnes de CO2 dans l\u2019atmosph\u00e8re.<\/p>\n\n\n<h2 class=\"wp-block-heading\">Les d\u00e9chets g\u00e9n\u00e9r\u00e9s par les \u00e9v\u00e9nements<\/h2>\n\n\n<p>Ne pas n\u00e9gliger la production de d\u00e9chets est tout aussi essentiel. En effet, un \u00e9v\u00e9nement peut g\u00e9n\u00e9rer jusqu&#8217;\u00e0 <strong>2,5 tonnes de d\u00e9chets<\/strong>. Parmi ces d\u00e9chets, une proportion notable est constitu\u00e9e de mati\u00e8res recyclables ou compostables, qui finissent souvent par \u00eatre envoy\u00e9es \u00e0 la d\u00e9charge. Il devient n\u00e9cessaire d\u2019adopter des pratiques plus durables : la mise en place de politiques de <strong>z\u00e9ro d\u00e9chet<\/strong>, et l&#8217;usage de fournitures r\u00e9utilisables peuvent r\u00e9ellement faire la diff\u00e9rence.<\/p>\n\n\n<h2 class=\"wp-block-heading\">Opportunit\u00e9s et \u00e9coresponsabilit\u00e9<\/h2>\n\n\n<p>Faire le choix d&#8217;une organisation \u00e9coresponsable apporte non seulement des b\u00e9n\u00e9fices environnementaux, mais aussi \u00e9conomiques. La r\u00e9duction des emballages, l\u2019usage de produits locaux, et la sensibilisation des participants sont autant de moyens de diminuer l\u2019empreinte \u00e9cologique des \u00e9v\u00e9nements. De plus, les entreprises adoptant ces pratiques peuvent souvent b\u00e9n\u00e9ficier d\u2019une image positive aupr\u00e8s du public.<\/p>\n\n\n<h2 class=\"wp-block-heading\">Adopter des solutions durables<\/h2>\n\n\n<p>Tourner le regard vers les <strong>options durables<\/strong> d\u00e8s la planification est primordial. Des partenaires engag\u00e9s dans le d\u00e9veloppement durable, des boissons et repas issus de l\u2019agriculture biologique, ainsi qu&#8217;une attention particuli\u00e8re port\u00e9e aux mat\u00e9riaux utilis\u00e9s peuvent transformer un \u00e9v\u00e9nement en une v\u00e9ritable vitrine de <strong>responsabilit\u00e9 \u00e9cologique<\/strong>.<\/p>\n\n\n<h2 class=\"wp-block-heading\">Une prise de conscience n\u00e9cessaire<\/h2>\n\n\n<p>L\u2019engagement dans une d\u00e9marche durable ne peut aboutir qu\u2019avec la participation active de tous les acteurs impliqu\u00e9s. Que ce soit les organisateurs, les fournisseurs, ou les participants, une <strong>prise de conscience<\/strong> collective s\u2019av\u00e8re n\u00e9cessaire pour faire \u00e9voluer les pratiques. L\u2019\u00e9change d\u2019id\u00e9es et l\u2019apprentissage des meilleures pratiques peuvent inspirer chacun dans sa d\u00e9marche.<\/p>\n\n\n<p>Investir dans des \u00e9v\u00e9nements respectueux de l\u2019environnement repr\u00e9sente non seulement une responsabilit\u00e9 morale, mais aussi une r\u00e9elle opportunit\u00e9 de se d\u00e9marquer dans un secteur de plus en plus sensible aux enjeux \u00e9cologiques. Pour aller plus loin dans cette d\u00e9marche, des ressources telles que <a href=\"https:\/\/swisstinychalet.ch\/neuch\/les-bienfaits-de-la-personnalisation-dans-un-mode-de-vie-durable\">les bienfaits de la personnalisation dans un mode de vie durable<\/a>, <a href=\"https:\/\/swisstinychalet.ch\/neuch\/le-zero-dechet-en-action-temoignages-inspirants\">le z\u00e9ro d\u00e9chet en action : t\u00e9moignages inspirants<\/a> ou <a href=\"https:\/\/swisstinychalet.ch\/neuch\/tatiana-travkina-lart-de-la-bijouterie-inspire-par-lheritage-familial-et-les-merveilles-de-la-nature\">la bijouterie inspir\u00e9e par la nature<\/a> s\u2019av\u00e8rent tr\u00e8s utiles. De plus, les tendances en mati\u00e8re de mode responsables attirent de plus en plus d&#8217;attention, comme discut\u00e9 dans cet article sur <a href=\"https:\/\/swisstinychalet.ch\/neuch\/les-nouvelles-modes-en-matiere-de-boucles-doreilles-en-argent-pour-cette-saison\">les nouvelles modes en mati\u00e8re de boucles d&#8217;oreilles en argent<\/a>.<\/p>\n\n\n\n<h2 class=\"wp-block-heading\">Impact environnemental des \u00e9v\u00e9nements<\/h2>\n\n\n<figure class=\"wp-block-table\">\n<table>\n<tbody>\n<tr>\n<td>\ud83c\udf0d<\/td>\n<td><strong>29,5 %<\/strong> de l&#8217;impact carbone dans l&#8217;\u00e9v\u00e9nementiel est d\u00fb au <strong>transport<\/strong> des \u0153uvres et des \u00e9quipes.<\/td>\n<\/tr>\n<tr>\n<td>\ud83d\ude97<\/td>\n<td><strong>80 %<\/strong> du bilan carbone d&#8217;un \u00e9v\u00e9nement provient du <strong>transport<\/strong> des biens et des participants.<\/td>\n<\/tr>\n<tr>\n<td>\u267b\ufe0f<\/td>\n<td>Un \u00e9v\u00e9nement avec <strong>5 000 participants<\/strong> peut g\u00e9n\u00e9rer jusqu&#8217;\u00e0 <strong>2,5 tonnes<\/strong> de <strong>d\u00e9chets<\/strong>.<\/td>\n<\/tr>\n<tr>\n<td>\ud83d\udcb0<\/td>\n<td>Les entreprises exposant sur les salons et foires g\u00e9n\u00e8rent chaque ann\u00e9e <strong>34,5 milliards d&#8217;euros<\/strong> de <strong>chiffre d&#8217;affaires<\/strong>.<\/td>\n<\/tr>\n<tr>\n<td>\ud83d\udcc5<\/td>\n<td><strong>32 milliards d&#8217;euros<\/strong> de retomb\u00e9es \u00e9conomiques pour un secteur qui n&#8217;est pas le plus polluant.<\/td>\n<\/tr>\n<tr>\n<td>\ud83d\udeab<\/td>\n<td>L&#8217;\u00e9v\u00e9nementiel peut d\u00e9grader la <strong>biodiversit\u00e9<\/strong> des lieux choisis.<\/td>\n<\/tr>\n<tr>\n<td>\ud83c\udf31<\/td>\n<td>Il est essentiel de passer \u00e0 un <strong>mod\u00e8le durable<\/strong> d&#8217;organisation d&#8217;\u00e9v\u00e9nements.<\/td>\n<\/tr>\n<tr>\n<td>\ud83d\udcca<\/td>\n<td><strong>2,5 %<\/strong> de l&#8217;empreinte carbone en France est li\u00e9e au <strong>num\u00e9rique<\/strong>.<\/td>\n<\/tr>\n<tr>\n<td>\ud83e\udd1d<\/td>\n<td>Les bons choix peuvent aider \u00e0 minimiser l&#8217;impact environnemental des \u00e9v\u00e9nements.<\/td>\n<\/tr>\n<\/tbody>\n<\/table>\n<\/figure>\n","protected":false},"excerpt":{"rendered":"","protected":false},"author":10,"featured_media":0,"comment_status":"open","ping_status":"close","sticky":false,"template":"","format":"standard","meta":{"_seopress_robots_primary_cat":"","_seopress_titles_title":"","_seopress_titles_desc":"","_seopress_robots_index":"","footnotes":""},"categories":[1545],"tags":[],"class_list":["post-6119","post","type-post","status-publish","format-standard","hentry","category-neuchcup-fr","generate-columns","tablet-grid-50","mobile-grid-100","grid-parent","grid-33"],"_links":{"self":[{"href":"https:\/\/swisstinychalet.ch\/neuch\/wp-json\/wp\/v2\/posts\/6119","targetHints":{"allow":["GET"]}}],"collection":[{"href":"https:\/\/swisstinychalet.ch\/neuch\/wp-json\/wp\/v2\/posts"}],"about":[{"href":"https:\/\/swisstinychalet.ch\/neuch\/wp-json\/wp\/v2\/types\/post"}],"author":[{"embeddable":true,"href":"https:\/\/swisstinychalet.ch\/neuch\/wp-json\/wp\/v2\/users\/10"}],"replies":[{"embeddable":true,"href":"https:\/\/swisstinychalet.ch\/neuch\/wp-json\/wp\/v2\/comments?post=6119"}],"version-history":[{"count":0,"href":"https:\/\/swisstinychalet.ch\/neuch\/wp-json\/wp\/v2\/posts\/6119\/revisions"}],"wp:attachment":[{"href":"https:\/\/swisstinychalet.ch\/neuch\/wp-json\/wp\/v2\/media?parent=6119"}],"wp:term":[{"taxonomy":"category","embeddable":true,"href":"https:\/\/swisstinychalet.ch\/neuch\/wp-json\/wp\/v2\/categories?post=6119"},{"taxonomy":"post_tag","embeddable":true,"href":"https:\/\/swisstinychalet.ch\/neuch\/wp-json\/wp\/v2\/tags?post=6119"}],"curies":[{"name":"wp","href":"https:\/\/api.w.org\/{rel}","templated":true}]}}