{"id":6124,"date":"2024-12-07T12:34:14","date_gmt":"2024-12-07T07:04:14","guid":{"rendered":"https:\/\/swisstinychalet.ch\/neuch\/issy-les-moulineaux-subissons-le-defi-zero-carbone-un-challenge-a-vivre-en-famille-et-en-toute-collectivite"},"modified":"2024-12-07T12:34:14","modified_gmt":"2024-12-07T07:04:14","slug":"issy-les-moulineaux-subissons-le-defi-zero-carbone-un-challenge-a-vivre-en-famille-et-en-toute-collectivite","status":"publish","type":"post","link":"https:\/\/swisstinychalet.ch\/neuch\/issy-les-moulineaux-subissons-le-defi-zero-carbone-un-challenge-a-vivre-en-famille-et-en-toute-collectivite","title":{"rendered":"Issy-les-Moulineaux : Subissons le D\u00e9fi Z\u00e9ro Carbone, un challenge \u00e0 vivre en famille et en toute collectivit\u00e9 !"},"content":{"rendered":"\n\n<h2 class=\"wp-block-heading\">Issy-les-Moulineaux : Subissons le D\u00e9fi Z\u00e9ro Carbone<\/h2>\n\n\n<p>Le <strong>D\u00e9fi Z\u00e9ro Carbone<\/strong> \u00e0 Issy-les-Moulineaux est un challenge collectif qui invite les familles \u00e0 participer activement \u00e0 la <strong>transition \u00e9cologique<\/strong>. Pendant plusieurs mois, les foyers participants b\u00e9n\u00e9ficient d&#8217;ateliers gratuits sur des th\u00e9matiques vari\u00e9es telles que la <strong>r\u00e9duction des d\u00e9chets<\/strong>, la <strong>mobilit\u00e9 durable<\/strong> et l&#8217;<strong>alimentation responsable<\/strong>. L&#8217;objectif est de r\u00e9duire l&#8217;<strong>empreinte carbone<\/strong> et d&#8217;encourager des pratiques \u00e9coresponsables au sein de la communaut\u00e9. En s&#8217;impliquant ensemble, les participants cr\u00e9ent un cadre convivial favorisant les \u00e9changes et les apprentissages autour des enjeux environnementaux.<\/p>\n\n\n<figure class=\"wp-block-embed is-type-video is-provider-youtube wp-block-embed-youtube wp-embed-aspect-16-9 wp-has-aspect-ratio\">\n<div class=\"wp-block-embed__wrapper\">\n<iframe title=\"Lancement D\u00e9fi Alimentation 2022 - Anim\u00e9 par ALEC SQY - sud Yvelines\" width=\"1200\" height=\"675\" src=\"https:\/\/www.youtube-nocookie.com\/embed\/NjtjbgMp6q0?feature=oembed\" frameborder=\"0\" allow=\"accelerometer; autoplay; clipboard-write; encrypted-media; gyroscope; picture-in-picture; web-share\" referrerpolicy=\"strict-origin-when-cross-origin\" allowfullscreen><\/iframe>\n<\/div>\n<\/figure>\n\n\n\n<h2 class=\"wp-block-heading\">Issy-les-Moulineaux : un d\u00e9fi z\u00e9ro carbone \u00e0 vivre en famille et en collectivit\u00e9 !<\/h2>\n\n\n<p>\u00c0 Issy-les-Moulineaux, un v\u00e9ritable <strong>challenge \u00e9cologique<\/strong> attire de plus en plus d&#8217;habitants d\u00e9sireux d&#8217;agir pour leur plan\u00e8te. Le <strong>D\u00e9fi Z\u00e9ro Carbone<\/strong> n&#8217;est pas seulement un projet, c&#8217;est une aventure collaborative et ludique qui permet de r\u00e9duire son empreinte carbone tout en renfor\u00e7ant le tissu social de la commune. \u00c0 travers cette exp\u00e9rience enrichissante, les familles peuvent s&#8217;initier ensemble \u00e0 des pratiques plus vertes, tout en d\u00e9couvrant les r\u00e9jouissances d&#8217;un mode de vie durable.<\/p>\n\n\n<h2 class=\"wp-block-heading\">Les origines du d\u00e9fi<\/h2>\n\n\n<p>Ce d\u00e9fi a \u00e9t\u00e9 lanc\u00e9 dans le cadre du <a href=\"www.issy.com\/budgetclimatissy\">budget climat<\/a> adopt\u00e9 par le conseil municipal en f\u00e9vrier 2021. Son ambition : limiter les \u00e9missions de gaz \u00e0 effet de serre et favoriser l&#8217;absorption de carbone dans la ville, conform\u00e9ment aux <strong>objectifs de l&#8217;Accord de Paris<\/strong>. En int\u00e9grant les citoyens \u00e0 cette initiative, la commune encourage une dynamique collective, car la sobri\u00e9t\u00e9 carbone est l&#8217;affaire de tous.<\/p>\n\n\n<h2 class=\"wp-block-heading\">Une premi\u00e8re \u00e9dition riche en enseignements<\/h2>\n\n\n<p>La premi\u00e8re \u00e9dition du <strong>D\u00e9fi Z\u00e9ro Carbone<\/strong> a d\u00e9marr\u00e9 en septembre 2021, co\u00efncidant avec la semaine europ\u00e9enne du d\u00e9veloppement durable. Trente foyers ont eu l&#8217;opportunit\u00e9 de b\u00e9n\u00e9ficier d&#8217;un accompagnement personnalis\u00e9 gratuit pour leur transition \u00e9cologique. Ce parcours collectif a inclut des ateliers pratiques sur divers th\u00e8mes environnementaux tels que <strong>la gestion des d\u00e9chets<\/strong>, la <strong>mobilit\u00e9 durable<\/strong>, et <strong>les circuits courts alimentaires<\/strong>.<\/p>\n\n\n<p>Les participants ont eu acc\u00e8s \u00e0 des outils innovants pour mesurer leur impact, comme un peson connect\u00e9 propos\u00e9 par la <a href=\"https:\/\/ludeko.fr\/\">start-up Ludeko<\/a>. Cette initiative a \u00e9t\u00e9 le fruit d&#8217;un partenariat dynamique, r\u00e9unissant des associations locales telles que <a href=\"http:\/\/ecolau.fr\/\">Ecolau<\/a>, <a href=\"https:\/\/www.facebook.com\/unquotidienplusvert\/\">Un Quotidien Plus Vert<\/a>, et <a href=\"https:\/\/sites.google.com\/site\/issyentransition\">Issy en Transition<\/a>, toutes engag\u00e9es pour une cause commune : r\u00e9duire les d\u00e9chets de 20 % et l\u2019empreinte carbone des familles participantes, mesur\u00e9e \u00e0 l&#8217;aide du <a href=\"https:\/\/nosgestesclimat.fr\/\">simulateur de l&#8217;Ademe<\/a>.<\/p>\n\n\n<h2 class=\"wp-block-heading\">Des ateliers convaincants et vari\u00e9s<\/h2>\n\n\n<p>Les foyers engag\u00e9s ont eu la chance de participer \u00e0 une palette d&#8217;ateliers diversifi\u00e9s, tous anim\u00e9s par des passionn\u00e9s de l&#8217;\u00e9cologie. Parmi eux se trouvait la <strong>Fresque du Climat<\/strong>, un outil d&#8217;\u00e9ducation ludique qui sensibilise sur les enjeux du changement climatique \u00e0 travers l&#8217;intelligence collective. D&#8217;autres ateliers ont couvert des sujets comme <strong>la biodiversit\u00e9<\/strong>, le <strong>z\u00e9ro d\u00e9chet<\/strong>, ainsi que des rencontres pratiques dans une ferme biologique. Ces moments de partage et d&#8217;apprentissage ont permis de cr\u00e9er un r\u00e9seau interg\u00e9n\u00e9rationnel autour des actions environnementales.<\/p>\n\n\n<p>Une mention sp\u00e9ciale revient \u00e0 l&#8217;atelier sur la sobri\u00e9t\u00e9 num\u00e9rique, une th\u00e9matique hautement d&#8217;actualit\u00e9, tout comme celui sur les <strong>\u00e9conomies d&#8217;eau<\/strong>. Les participants ont \u00e9galement pu s&#8217;initier au compostage et au r\u00e9emploi \u00e0 travers des ateliers sur la confection de <strong>bees&#8217;wraps<\/strong> et de cosm\u00e9tiques faits maison.<\/p>\n\n\n<h2 class=\"wp-block-heading\">Les r\u00e9sultats, une motivation renouvel\u00e9e<\/h2>\n\n\n<p>Le bilan de cette premi\u00e8re \u00e9dition s&#8217;est montr\u00e9 positif : r\u00e9duction des d\u00e9chets en moyenne de 21 % et une empreinte carbone diminu\u00e9e de 13 % pour les familles engag\u00e9es. Ce succ\u00e8s est un v\u00e9ritable encouragement \u00e0 poursuivre l&#8217;\u00e9lan collectif.<\/p>\n\n\n<h2 class=\"wp-block-heading\">Comment participer \u00e0 la suite ?<\/h2>\n\n\n<p>Pour les familles souhaitant s&#8217;investir dans la d\u00e9fense de notre plan\u00e8te, la deuxi\u00e8me \u00e9dition du <strong>D\u00e9fi Z\u00e9ro Carbone<\/strong> s&#8217;annonce passionnante. Les inscriptions ouvriront en septembre 2022, offrant \u00e0 chacun l&#8217;opportunit\u00e9 de prendre part \u00e0 ce mouvement. En attendant, la commune invite tous les citoyens \u00e0 consulter des ressources utiles pour r\u00e9duire leur empreinte \u00e9cologique sur <a href=\"http:\/\/www.issy.com\/agirpourleclimat\">www.issy.com\/agirpourleclimat<\/a> et d\u00e9couvre des astuces pratiques pour vivre de fa\u00e7on plus verte, que ce soit lors de repas en famille ou d&#8217;\u00e9v\u00e9nements.<\/p>\n\n\n\n<h2 class=\"wp-block-heading\">\ud83d\udcca Tableau des Initiatives Z\u00e9ro Carbone<\/h2>\n\n\n<figure class=\"wp-block-table\">\n<table>\n<tbody>\n<tr>\n<td>\ud83d\udcc5<\/td>\n<td><strong>Lancement du d\u00e9fi<\/strong>: septembre 2021<\/td>\n<\/tr>\n<tr>\n<td>\ud83c\udf0d<\/td>\n<td><strong>Objectif principal<\/strong>: R\u00e9duction de 20% des d\u00e9chets et r\u00e9duction de l&#8217;empreinte carbone<\/td>\n<\/tr>\n<tr>\n<td>\ud83d\udc65<\/td>\n<td><strong>Participants<\/strong>: 30 foyers iss\u00e9ens<\/td>\n<\/tr>\n<tr>\n<td>\ud83d\udee0\ufe0f<\/td>\n<td><strong>Ateliers th\u00e9matiques<\/strong>: Gestion des d\u00e9chets, consommation d&#8217;eau, sobri\u00e9t\u00e9 num\u00e9rique, etc.<\/td>\n<\/tr>\n<tr>\n<td>\ud83d\udcc9<\/td>\n<td><strong>R\u00e9sultats<\/strong>: R\u00e9duction moyenne des d\u00e9chets de 21% et empreinte carbone diminu\u00e9e de 13%<\/td>\n<\/tr>\n<tr>\n<td>\ud83e\udd1d<\/td>\n<td><strong>Partenaires associ\u00e9s<\/strong>: Grand Paris Seine Ouest, Agence locale de l\u2019\u00e9nergie et du climat, associations locales<\/td>\n<\/tr>\n<tr>\n<td>\ud83d\udca1<\/td>\n<td><strong>Astuces et conseils<\/strong>: Pour r\u00e9duire son empreinte carbone<\/td>\n<\/tr>\n<\/tbody>\n<\/table>\n<\/figure>\n","protected":false},"excerpt":{"rendered":"","protected":false},"author":8,"featured_media":6125,"comment_status":"open","ping_status":"close","sticky":false,"template":"","format":"standard","meta":{"_seopress_robots_primary_cat":"","_seopress_titles_title":"","_seopress_titles_desc":"","_seopress_robots_index":"","footnotes":""},"categories":[1545],"tags":[],"class_list":["post-6124","post","type-post","status-publish","format-standard","has-post-thumbnail","hentry","category-neuchcup-fr","generate-columns","tablet-grid-50","mobile-grid-100","grid-parent","grid-33"],"_links":{"self":[{"href":"https:\/\/swisstinychalet.ch\/neuch\/wp-json\/wp\/v2\/posts\/6124","targetHints":{"allow":["GET"]}}],"collection":[{"href":"https:\/\/swisstinychalet.ch\/neuch\/wp-json\/wp\/v2\/posts"}],"about":[{"href":"https:\/\/swisstinychalet.ch\/neuch\/wp-json\/wp\/v2\/types\/post"}],"author":[{"embeddable":true,"href":"https:\/\/swisstinychalet.ch\/neuch\/wp-json\/wp\/v2\/users\/8"}],"replies":[{"embeddable":true,"href":"https:\/\/swisstinychalet.ch\/neuch\/wp-json\/wp\/v2\/comments?post=6124"}],"version-history":[{"count":0,"href":"https:\/\/swisstinychalet.ch\/neuch\/wp-json\/wp\/v2\/posts\/6124\/revisions"}],"wp:featuredmedia":[{"embeddable":true,"href":"https:\/\/swisstinychalet.ch\/neuch\/wp-json\/wp\/v2\/media\/6125"}],"wp:attachment":[{"href":"https:\/\/swisstinychalet.ch\/neuch\/wp-json\/wp\/v2\/media?parent=6124"}],"wp:term":[{"taxonomy":"category","embeddable":true,"href":"https:\/\/swisstinychalet.ch\/neuch\/wp-json\/wp\/v2\/categories?post=6124"},{"taxonomy":"post_tag","embeddable":true,"href":"https:\/\/swisstinychalet.ch\/neuch\/wp-json\/wp\/v2\/tags?post=6124"}],"curies":[{"name":"wp","href":"https:\/\/api.w.org\/{rel}","templated":true}]}}