{"id":6128,"date":"2024-12-07T12:35:20","date_gmt":"2024-12-07T07:05:20","guid":{"rendered":"https:\/\/swisstinychalet.ch\/neuch\/ateliers-zero-dechet-un-mois-de-sensibilisation-et-dengagement-a-epernay"},"modified":"2024-12-07T12:35:20","modified_gmt":"2024-12-07T07:05:20","slug":"ateliers-zero-dechet-un-mois-de-sensibilisation-et-dengagement-a-epernay","status":"publish","type":"post","link":"https:\/\/swisstinychalet.ch\/neuch\/ateliers-zero-dechet-un-mois-de-sensibilisation-et-dengagement-a-epernay","title":{"rendered":"Ateliers Z\u00e9ro D\u00e9chet : Un Mois de Sensibilisation et d&#8217;Engagement \u00e0 \u00c9pernay"},"content":{"rendered":"\n\n<p>\t\t\tDans le cadre du programme <strong>Cap Z\u00e9ro D\u00e9chet 2030<\/strong>, l&#8217;agglom\u00e9ration d&#8217;<strong>\u00c9pernay<\/strong> organise tout au long du mois de novembre une s\u00e9rie d&#8217;<strong>ateliers gratuits<\/strong> visant \u00e0 r\u00e9duire les d\u00e9chets et \u00e0 promouvoir des pratiques \u00e9cologiques. Parmi les ateliers, on trouve des sessions sur la fabrication de <strong>produits m\u00e9nagers<\/strong> \u00e9cologiques, le compostage, le jardinage au naturel, et des rencontres au <strong>Repair Caf\u00e9<\/strong> pour encourager la r\u00e9paration plut\u00f4t que le remplacement. Ces \u00e9v\u00e9nements sont ouverts \u00e0 tous, mais une inscription pr\u00e9alable est recommand\u00e9e pour garantir une place.<\/p>\n\n\n<figure class=\"wp-block-embed is-type-video is-provider-youtube wp-block-embed-youtube wp-embed-aspect-16-9 wp-has-aspect-ratio\">\n<div class=\"wp-block-embed__wrapper\">\n<iframe title=\"Atelier &quot;Z\u00e9ro Gaspi - Z\u00e9ro D\u00e9chet&quot;\" width=\"1200\" height=\"675\" src=\"https:\/\/www.youtube-nocookie.com\/embed\/TCRPKwH7w-o?feature=oembed\" frameborder=\"0\" allow=\"accelerometer; autoplay; clipboard-write; encrypted-media; gyroscope; picture-in-picture; web-share\" referrerpolicy=\"strict-origin-when-cross-origin\" allowfullscreen><\/iframe>\n<\/div>\n<\/figure>\n\n\n\n<p><strong>\u00c9pernay<\/strong> entre dans une dynamique de transformation \u00e9cologique avec son programme <strong>Cap Z\u00e9ro D\u00e9chet 2030<\/strong>. \u00c0 travers plusieurs ateliers gratuits programm\u00e9s durant le mois de novembre, les habitants sont invit\u00e9s \u00e0 explorer des pratiques durables et \u00e0 changer leur rapport aux d\u00e9chets. Cette initiative est bien plus qu&#8217;une simple s\u00e9rie d&#8217;\u00e9v\u00e9nements : elle incarne un mouvement vers une conscience collective autour de l&#8217;environnement et de la gestion des ressources.<\/p>\n\n\n<h2 class=\"wp-block-heading\">Une vari\u00e9t\u00e9 d&#8217;ateliers pour tous<\/h2>\n\n\n<p>Les ateliers pr\u00e9vus \u00e0 <strong>\u00c9pernay<\/strong> couvrent une multitude de th\u00e9matiques, allant de la fabrication de produits m\u00e9nagers \u00e9cologiques aux m\u00e9thodes de jardinage respectueuses de l\u2019environnement. Par exemple, le <strong>Repair Caf\u00e9<\/strong> encourage la r\u00e9paration plut\u00f4t que le remplacement, permettant ainsi de r\u00e9duire les d\u00e9chets. Le 7 novembre, de 9 h \u00e0 12 h, ce rendez-vous sera \u00e0 la <strong>rue de la Guadeloupe<\/strong> et donnera l&#8217;occasion de se familiariser avec des comp\u00e9tences pratiques tout en faisant un geste pour la plan\u00e8te.<\/p>\n\n\n<h2 class=\"wp-block-heading\">Des rendez-vous incontournables<\/h2>\n\n\n<p>Chaque atelier est accessible \u00e0 tous et s&#8217;inscrit dans un calendrier bien d\u00e9fini. Pour ceux qui souhaitent s\u2019initier \u00e0 la r\u00e9alisation de leurs propres produits d\u2019entretien, le 18 novembre sera l&#8217;occasion id\u00e9ale. Similarit\u00e9 dans l&#8217;approche, le compostage et le jardinage au naturel, \u00e9galement pr\u00e9vus dans les prochaines semaines, promettent de ravir les jardiniers amateurs.<\/p>\n\n\n<h2 class=\"wp-block-heading\">Comment participer ?<\/h2>\n\n\n<p>Bien que l&#8217;acc\u00e8s soit <strong>gratuit<\/strong>, une inscription pr\u00e9alable est requise pour certains ateliers. Les int\u00e9ress\u00e9s peuvent contacter le <strong>03 26 56 47 15<\/strong> ou envoyer un mail \u00e0 <strong>infodechets@epernay-agglo.fr<\/strong> pour garantir leur place. Il est \u00e0 noter que les ateliers li\u00e9s au <strong>Repair Caf\u00e9<\/strong> et aux r\u00e9parations de v\u00e9los restent accessibles sans inscription.<\/p>\n\n\n<h2 class=\"wp-block-heading\">Un \u00e9lan vers un avenir durable<\/h2>\n\n\n<p>Participer \u00e0 ces ateliers est une opportunit\u00e9 d&#8217;\u00e9veiller les consciences sur l&#8217;importance de r\u00e9duire, r\u00e9utiliser et recycler. En s&#8217;engageant dans cette initiative \u00e0 <strong>\u00c9pernay<\/strong>, chaque participant devient acteur de sa communaut\u00e9. Pour en savoir plus sur le z\u00e9ro d\u00e9chet et les b\u00e9n\u00e9fices d&#8217;un mode de vie respectueux de l&#8217;environnement, visitez des ressources comme <a href=\"https:\/\/swisstinychalet.ch\/neuch\/les-avantages-dadopter-un-mode-de-vie-zero-dechet\"><strong>Les avantages d&#8217;adopter un mode de vie z\u00e9ro d\u00e9chet<\/strong><\/a> et <a href=\"https:\/\/swisstinychalet.ch\/neuch\/lart-de-la-table-zero-dechet-conseils-pour-une-decoration-durable\"><strong>L\u2019art de la table z\u00e9ro d\u00e9chet<\/strong><\/a> pour une inspiration suppl\u00e9mentaire. Autant d&#8217;initiatives pour un futur o\u00f9 la conscience \u00e9cologique devient une norme partag\u00e9e.<\/p>\n\n\n\n<h2 class=\"wp-block-heading\">Les Ateliers Z\u00e9ro D\u00e9chet \u00e0 \u00c9pernay : Un Engagement \u00c9cologique \ud83c\udf0d<\/h2>\n\n\n<figure class=\"wp-block-table\">\n<table>\n<tbody>\n<tr>\n<td>\ud83d\uddd3\ufe0f<\/td>\n<td><strong>Date<\/strong><\/td>\n<td><strong>Atelier<\/strong><\/td>\n<td><strong>Heure<\/strong><\/td>\n<td><strong>Lieu<\/strong><\/td>\n<\/tr>\n<tr>\n<td>28 ao\u00fbt<\/td>\n<td>Atelier sur les h\u00f4tels \u00e0 insectes<\/td>\n<td>9 h &#8211; 12 h<\/td>\n<td>Salle des f\u00eates, Mesnil-sur-Oger<\/td>\n<\/tr>\n<tr>\n<td>4 septembre<\/td>\n<td>Visite du Syvalom<\/td>\n<td>10 h et 14 h<\/td>\n<td>La Veuve<\/td>\n<\/tr>\n<tr>\n<td>7 septembre<\/td>\n<td>Repair Caf\u00e9<\/td>\n<td>9 h &#8211; 12 h<\/td>\n<td>20, rue de la Guadeloupe, \u00c9pernay<\/td>\n<\/tr>\n<tr>\n<td>18 septembre<\/td>\n<td>Produits d&#8217;entretien<\/td>\n<td>10 h 30 &#8211; 11 h 30<\/td>\n<td>Mardeuil<\/td>\n<\/tr>\n<tr>\n<td>18 septembre<\/td>\n<td>Compostage<\/td>\n<td>14 h &#8211; 16 h 30<\/td>\n<td>Avize<\/td>\n<\/tr>\n<tr>\n<td>20 septembre<\/td>\n<td>Jardinage au naturel<\/td>\n<td>18 h &#8211; 20 h 30<\/td>\n<td>Berg\u00e8res-l\u00e8s-Vertus<\/td>\n<\/tr>\n<tr>\n<td>25 septembre<\/td>\n<td>R\u00e9paration de v\u00e9los<\/td>\n<td>14 h &#8211; 17 h<\/td>\n<td>Magenta<\/td>\n<\/tr>\n<\/tbody>\n<\/table>\n<\/figure>\n","protected":false},"excerpt":{"rendered":"","protected":false},"author":10,"featured_media":6129,"comment_status":"open","ping_status":"close","sticky":false,"template":"","format":"standard","meta":{"_seopress_robots_primary_cat":"","_seopress_titles_title":"","_seopress_titles_desc":"","_seopress_robots_index":"","footnotes":""},"categories":[1545],"tags":[],"class_list":["post-6128","post","type-post","status-publish","format-standard","has-post-thumbnail","hentry","category-neuchcup-fr","generate-columns","tablet-grid-50","mobile-grid-100","grid-parent","grid-33"],"_links":{"self":[{"href":"https:\/\/swisstinychalet.ch\/neuch\/wp-json\/wp\/v2\/posts\/6128","targetHints":{"allow":["GET"]}}],"collection":[{"href":"https:\/\/swisstinychalet.ch\/neuch\/wp-json\/wp\/v2\/posts"}],"about":[{"href":"https:\/\/swisstinychalet.ch\/neuch\/wp-json\/wp\/v2\/types\/post"}],"author":[{"embeddable":true,"href":"https:\/\/swisstinychalet.ch\/neuch\/wp-json\/wp\/v2\/users\/10"}],"replies":[{"embeddable":true,"href":"https:\/\/swisstinychalet.ch\/neuch\/wp-json\/wp\/v2\/comments?post=6128"}],"version-history":[{"count":0,"href":"https:\/\/swisstinychalet.ch\/neuch\/wp-json\/wp\/v2\/posts\/6128\/revisions"}],"wp:featuredmedia":[{"embeddable":true,"href":"https:\/\/swisstinychalet.ch\/neuch\/wp-json\/wp\/v2\/media\/6129"}],"wp:attachment":[{"href":"https:\/\/swisstinychalet.ch\/neuch\/wp-json\/wp\/v2\/media?parent=6128"}],"wp:term":[{"taxonomy":"category","embeddable":true,"href":"https:\/\/swisstinychalet.ch\/neuch\/wp-json\/wp\/v2\/categories?post=6128"},{"taxonomy":"post_tag","embeddable":true,"href":"https:\/\/swisstinychalet.ch\/neuch\/wp-json\/wp\/v2\/tags?post=6128"}],"curies":[{"name":"wp","href":"https:\/\/api.w.org\/{rel}","templated":true}]}}