{"id":6139,"date":"2024-12-08T15:45:17","date_gmt":"2024-12-08T10:15:17","guid":{"rendered":"https:\/\/swisstinychalet.ch\/neuch\/les-benefices-de-lecoresponsabilite-dans-lart-de-la-table"},"modified":"2024-12-08T15:45:17","modified_gmt":"2024-12-08T10:15:17","slug":"les-benefices-de-lecoresponsabilite-dans-lart-de-la-table","status":"publish","type":"post","link":"https:\/\/swisstinychalet.ch\/neuch\/les-benefices-de-lecoresponsabilite-dans-lart-de-la-table","title":{"rendered":"Les b\u00e9n\u00e9fices de l&#8217;\u00e9coresponsabilit\u00e9 dans l&#8217;art de la table"},"content":{"rendered":"\n\n<p>L&#8217;\u00e9coresponsabilit\u00e9 dans l&#8217;<strong>art de la table<\/strong> offre une multitude de b\u00e9n\u00e9fices tant pour l&#8217;environnement que pour les consommateurs. En adoptant des mat\u00e9riaux <strong>naturels<\/strong> et <strong>recycl\u00e9s<\/strong>, les fabricants contribuent \u00e0 r\u00e9duire l&#8217;impact \u00e9cologique tout en favorisant des produits durables. L&#8217;utilisation de vaisselle \u00e9coresponsable permet de soutenir les <strong>artisans locaux<\/strong> et de garantir une forte <strong>tra\u00e7abilit\u00e9<\/strong> des produits, assurant ainsi une consommation plus <strong>r\u00e9fl\u00e9chie<\/strong>. Par ailleurs, le choix de l&#8217;<strong>upcycling<\/strong> transforme des objets en v\u00e9ritables \u0153uvres d&#8217;art, tout en r\u00e9duisant les d\u00e9chets. Enfin, cette d\u00e9marche contribue \u00e0 instaurer un lien harmonieux entre l&#8217;<strong>\u00e9cologie<\/strong> et notre fa\u00e7on de vivre au quotidien, rendant chaque repas non seulement <strong>d\u00e9licieux<\/strong> mais \u00e9galement respectueux de notre plan\u00e8te.<\/p>\n\n\n<figure class=\"wp-block-embed is-type-video is-provider-youtube wp-block-embed-youtube wp-embed-aspect-16-9 wp-has-aspect-ratio\">\n<div class=\"wp-block-embed__wrapper\">\n<iframe title=\"L\u2019\u00e9cologie veut il vraiment dire d\u00e9veloppement durable? La r\u00e9ponse est non \ud83d\ude43\" width=\"1200\" height=\"675\" src=\"https:\/\/www.youtube-nocookie.com\/embed\/ovMCZQ2dLq0?feature=oembed\" frameborder=\"0\" allow=\"accelerometer; autoplay; clipboard-write; encrypted-media; gyroscope; picture-in-picture; web-share\" referrerpolicy=\"strict-origin-when-cross-origin\" allowfullscreen><\/iframe>\n<\/div>\n<\/figure>\n\n\n\n<h2 class=\"wp-block-heading\">Une cuisine respectueuse de l&#8217;environnement<\/h2>\n\n\n<p>Adopter une approche <strong>\u00e9coresponsable<\/strong> dans l&#8217;art de la table ne se limite pas simplement \u00e0 choisir des mat\u00e9riaux appropri\u00e9s. Cela signifie \u00e9galement prendre en compte l&#8217;impact de nos choix sur notre <strong>plan\u00e8te<\/strong>. La tendance actuelle montre une qu\u00eate de pratiques durables qui valorisent le <strong>local<\/strong> tout en r\u00e9duisant l&#8217;empreinte \u00e9cologique. Ce mouvement vers une <strong>gastronomie \u00e9thique<\/strong> fait \u00e9cho aupr\u00e8s des consommateurs qui recherchent des alternatives plus en phase avec leurs valeurs.<\/p>\n\n\n<h2 class=\"wp-block-heading\">Mat\u00e9riaux durables et designs innovants<\/h2>\n\n\n<p>Les mat\u00e9riaux utilis\u00e9s dans la vaisselle, les nappes et les accessoires de table sont en train de conna\u00eetre une r\u00e9volution. De nombreux cr\u00e9ateurs se tournent vers des solutions respectueuses de l&#8217;environnement, allant du <strong>coton biologique<\/strong> pour les textiles aux mat\u00e9riaux recycl\u00e9s pour les assiettes. Le <strong>design<\/strong> \u00e9coresponsable, en mettant l&#8217;accent sur la fonctionnalit\u00e9, se marie harmonieusement avec l&#8217;esth\u00e9tique, permettant aux consommateurs de faire des choix \u00e0 la fois \u00e9thiques et \u00e9l\u00e9gants.<\/p>\n\n\n<h2 class=\"wp-block-heading\">Achat local et soutien \u00e0 l&#8217;\u00e9conomie nationale<\/h2>\n\n\n<p>En privil\u00e9giant des produits fran\u00e7ais et artisanaux, on soutient non seulement la <strong>production locale<\/strong>, mais on adopte \u00e9galement un comportement \u00e9coresponsable. Choisir des objets fabriqu\u00e9s en France r\u00e9duit les distances de transport, contribuant \u00e0 diminuer les \u00e9missions carbones. Cet acte d&#8217;achat r\u00e9fl\u00e9chi est une forme d&#8217;engagement personnel envers un avenir durable.<\/p>\n\n\n<h2 class=\"wp-block-heading\">Upcycling et cr\u00e9ativit\u00e9 dans l&#8217;art de la table<\/h2>\n\n\n<p>L&#8217;id\u00e9e de <strong>l&#8217;upcycling<\/strong>, qui consiste \u00e0 transformer des mat\u00e9riaux inutilis\u00e9s en objets de valeur, s\u2019invite \u00e9galement dans l\u2019univers de la table. Certaines marques ont fait de cette pratique leur cheval de bataille. En cr\u00e9ant des articles uniques \u00e0 partir de d\u00e9chets, elles montrent que l&#8217;innovant et l&#8217;esth\u00e9tique vont de pair, tout en favorisant une consommation plus responsable.<\/p>\n\n\n<h2 class=\"wp-block-heading\">\u00c9v\u00e9nements \u00e9coresponsables et r\u00e9duction des d\u00e9chets<\/h2>\n\n\n<p>Pour ceux qui organisent des \u00e9v\u00e9nements, mettre en \u0153uvre des pratiques \u00e9coresponsables permet de laisser une empreinte positive sur l&#8217;environnement. La location de vaisselle r\u00e9utilisable est une option de plus en plus populaire qui contribue \u00e0 une approche z\u00e9ro d\u00e9chet. Au-del\u00e0 d&#8217;une simple tendance, cela repr\u00e9sente une prise de conscience collective qui valorise la <strong>durabilit\u00e9<\/strong> en toutes circonstances.<\/p>\n\n\n<p>En r\u00e9sum\u00e9, adopter une approche \u00e9coresponsable dans l&#8217;univers de l&#8217;art de la table offre non seulement des b\u00e9n\u00e9fices environnementaux, mais transforme aussi notre mani\u00e8re de consommer et de c\u00e9l\u00e9brer. Les consommateurs sont de plus en plus motiv\u00e9s \u00e0 faire des choix \u00e9clair\u00e9s et respectueux de la plan\u00e8te, ce qui cr\u00e9e un v\u00e9ritable mouvement vers une gastronomie durable.<\/p>\n\n\n\n<h2 class=\"wp-block-heading\">La Fusion de l&#8217;\u00c9cologie et de l&#8217;Art de la Table<\/h2>\n\n\n<figure class=\"wp-block-table\">\n<table>\n<tbody>\n<tr>\n<td>\ud83c\udf3f<\/td>\n<td><strong>\u00c9cologie et arts de la table :<\/strong> une alliance florissante<\/td>\n<\/tr>\n<tr>\n<td>\u267b\ufe0f<\/td>\n<td><strong>Mat\u00e9riaux durables :<\/strong> l&#8217;importance de l&#8217;\u00e9co-conception dans les arts de la table<\/td>\n<\/tr>\n<tr>\n<td>\ud83d\udc9a<\/td>\n<td><strong>Upcycling :<\/strong> donner une nouvelle vie \u00e0 la vaisselle et aux accessoires de table<\/td>\n<\/tr>\n<tr>\n<td>\ud83c\udf7d\ufe0f<\/td>\n<td><strong>Soutien aux artisans :<\/strong> l&#8217;impact positif de l&#8217;achat local sur l&#8217;environnement<\/td>\n<\/tr>\n<tr>\n<td>\ud83c\udf31<\/td>\n<td><strong>Mobilier \u00e9coresponsable :<\/strong> comment le design r\u00e9duit les d\u00e9chets<\/td>\n<\/tr>\n<tr>\n<td>\ud83e\udd57<\/td>\n<td><strong>Menus bio :<\/strong> une gastronomie \u00e9thique et respectueuse de l&#8217;environnement<\/td>\n<\/tr>\n<tr>\n<td>\ud83d\udce6<\/td>\n<td><strong>Emballages recycl\u00e9s :<\/strong> une alternative \u00e9coresponsable pour vos \u00e9v\u00e9nements<\/td>\n<\/tr>\n<tr>\n<td>\ud83d\udd04<\/td>\n<td><strong>Location de vaisselle :<\/strong> transformer vos repas en \u00e9v\u00e9nements durables<\/td>\n<\/tr>\n<\/tbody>\n<\/table>\n<\/figure>\n","protected":false},"excerpt":{"rendered":"","protected":false},"author":11,"featured_media":6140,"comment_status":"open","ping_status":"close","sticky":false,"template":"","format":"standard","meta":{"_seopress_robots_primary_cat":"","_seopress_titles_title":"","_seopress_titles_desc":"","_seopress_robots_index":"","footnotes":""},"categories":[1545],"tags":[],"class_list":["post-6139","post","type-post","status-publish","format-standard","has-post-thumbnail","hentry","category-neuchcup-fr","generate-columns","tablet-grid-50","mobile-grid-100","grid-parent","grid-33"],"_links":{"self":[{"href":"https:\/\/swisstinychalet.ch\/neuch\/wp-json\/wp\/v2\/posts\/6139","targetHints":{"allow":["GET"]}}],"collection":[{"href":"https:\/\/swisstinychalet.ch\/neuch\/wp-json\/wp\/v2\/posts"}],"about":[{"href":"https:\/\/swisstinychalet.ch\/neuch\/wp-json\/wp\/v2\/types\/post"}],"author":[{"embeddable":true,"href":"https:\/\/swisstinychalet.ch\/neuch\/wp-json\/wp\/v2\/users\/11"}],"replies":[{"embeddable":true,"href":"https:\/\/swisstinychalet.ch\/neuch\/wp-json\/wp\/v2\/comments?post=6139"}],"version-history":[{"count":0,"href":"https:\/\/swisstinychalet.ch\/neuch\/wp-json\/wp\/v2\/posts\/6139\/revisions"}],"wp:featuredmedia":[{"embeddable":true,"href":"https:\/\/swisstinychalet.ch\/neuch\/wp-json\/wp\/v2\/media\/6140"}],"wp:attachment":[{"href":"https:\/\/swisstinychalet.ch\/neuch\/wp-json\/wp\/v2\/media?parent=6139"}],"wp:term":[{"taxonomy":"category","embeddable":true,"href":"https:\/\/swisstinychalet.ch\/neuch\/wp-json\/wp\/v2\/categories?post=6139"},{"taxonomy":"post_tag","embeddable":true,"href":"https:\/\/swisstinychalet.ch\/neuch\/wp-json\/wp\/v2\/tags?post=6139"}],"curies":[{"name":"wp","href":"https:\/\/api.w.org\/{rel}","templated":true}]}}