{"id":6189,"date":"2024-12-11T16:32:02","date_gmt":"2024-12-11T11:02:02","guid":{"rendered":"https:\/\/swisstinychalet.ch\/neuch\/optez-pour-des-objets-durables-un-choix-eco-responsable"},"modified":"2024-12-11T16:32:02","modified_gmt":"2024-12-11T11:02:02","slug":"optez-pour-des-objets-durables-un-choix-eco-responsable","status":"publish","type":"post","link":"https:\/\/swisstinychalet.ch\/neuch\/optez-pour-des-objets-durables-un-choix-eco-responsable","title":{"rendered":"Optez pour des objets durables : un choix \u00e9co-responsable"},"content":{"rendered":"\n\n<p>Choisir des objets durables est un acte essentiel pour pr\u00e9server notre environnement. En privil\u00e9giant des produits fabriqu\u00e9s \u00e0 partir de mati\u00e8res <strong>recycl\u00e9es<\/strong>, <strong>biod\u00e9gradables<\/strong> ou <strong>durables<\/strong>, nous contriburons \u00e0 r\u00e9duire notre empreinte \u00e9cologique et \u00e0 minimiser les d\u00e9chets. Les objets durables engendrent \u00e9galement moins de pollution et favorisent un mode de vie plus <strong>responsable et respectueux<\/strong> de la plan\u00e8te. C&#8217;est une approche b\u00e9n\u00e9fique non seulement pour l&#8217;environnement, mais aussi pour notre sant\u00e9. Adopter cette d\u00e9marche, c&#8217;est s&#8217;engager \u00e0 prot\u00e9ger notre plan\u00e8te pour les g\u00e9n\u00e9rations futures.<\/p>\n\n\n<figure class=\"wp-block-embed is-type-video is-provider-youtube wp-block-embed-youtube wp-embed-aspect-16-9 wp-has-aspect-ratio\">\n<div class=\"wp-block-embed__wrapper\">\n<iframe title=\"#CamifEDITION : Notre marque de design \u00e9co-responsable\" width=\"1200\" height=\"675\" src=\"https:\/\/www.youtube-nocookie.com\/embed\/ogkb0vqBGRw?feature=oembed\" frameborder=\"0\" allow=\"accelerometer; autoplay; clipboard-write; encrypted-media; gyroscope; picture-in-picture; web-share\" referrerpolicy=\"strict-origin-when-cross-origin\" allowfullscreen><\/iframe>\n<\/div>\n<\/figure>\n\n\n\n<p>Choisir des produits durables est un geste qui peut transformer notre relation avec l&#8217;environnement. Loin de se limiter \u00e0 une mode passag\u00e8re, cette approche se veut une v\u00e9ritable philosophie de vie. En privil\u00e9giant des objets con\u00e7us pour durer, chacun de nous peut contribuer \u00e0 la pr\u00e9servation de notre plan\u00e8te. Pour mieux comprendre ce choix, explorons les diverses alternatives qui s&#8217;offrent \u00e0 nous et les avantages qu&#8217;elles apportent.<\/p>\n\n\n<h2 class=\"wp-block-heading\">Construire un avenir plus dur<\/h2>\n\n\n<p>Enfin, la transition vers des produits durables se traduit par une prise de conscience collective. Que ce soit en famille, entre amis ou \u00e0 travers des initiatives communautaires, chaque action contribue \u00e0 fa\u00e7onner un avenir plus respectueux de notre plan\u00e8te. En partageant ces valeurs et en les v\u00e9hiculant au quotidien, nous devenons acteurs d\u2019un changement n\u00e9cessaire.<\/p>\n\n\n<p>Adopter des objets durables et \u00e9co-responsables est un pas vers un investissement dans notre environnement. En agissant au quotidien, chaque individu peut faire une diff\u00e9rence notable. Plus que des choix mat\u00e9riels, il s&#8217;agit d&#8217;une attitude envers la consommation. Pour aller plus loin dans cette r\u00e9flexion et d\u00e9couvrir d&#8217;autres engagements \u00e9coresponsables, vous pouvez consulter des ressources suppl\u00e9mentaires comme <a href=\"https:\/\/swisstinychalet.ch\/neuch\/evenements-ecoresponsables-des-exemples-inspirants\">ce lien<\/a> ou <a href=\"https:\/\/swisstinychalet.ch\/neuch\/comprendre-le-zero-dechet-principes-et-pratiques\">ici<\/a>. Ensemble, mettons tout en oeuvre pour un avenir durable.<\/p>\n\n\n<h2 class=\"wp-block-heading\">\u00c9volution vers des pratiques durables<\/h2>\n\n\n<p>Les objets jetables, que ce soit en plastique ou en papier, prennent une place importante dans nos vies, mais leur impact \u00e9cologique est consid\u00e9rable. Remplacer ces produits par des solutions durables repr\u00e9sente un pas vers une consommation plus \u00e9clair\u00e9e. Sachez qu\u2019il existe des <strong>alternatives r\u00e9utilisables<\/strong> qui non seulement r\u00e9duisent les d\u00e9chets, mais sont \u00e9galement plus \u00e9conomiques \u00e0 long terme.<\/p>\n\n\n\n<h2 class=\"wp-block-heading\">Alternatives \u00c9cologiques aux Produits Jetables<\/h2>\n\n\n<figure class=\"wp-block-table\">\n<table>\n<tbody>\n<tr>\n<td>\ud83e\uddfb<\/td>\n<td><strong>Remplacer les mouchoirs en papier<\/strong> par des mouchoirs en tissu.<\/td>\n<\/tr>\n<tr>\n<td>\ud83c\udf3f<\/td>\n<td><strong>Opter pour des lingettes r\u00e9utilisables<\/strong> au lieu des lingettes jetables.<\/td>\n<\/tr>\n<tr>\n<td>\ud83d\udca7<\/td>\n<td><strong>Utiliser un oriculi<\/strong> pour l&#8217;hygi\u00e8ne des oreilles au lieu de coton-tiges.<\/td>\n<\/tr>\n<tr>\n<td>\ud83d\udc76<\/td>\n<td><strong>Pr\u00e9f\u00e9rer les langes lavables<\/strong> aux couches jetables pour b\u00e9b\u00e9.<\/td>\n<\/tr>\n<tr>\n<td>\ud83e\ude78<\/td>\n<td><strong>Adopter la coupe menstruelle<\/strong> au lieu des tampons et serviettes hygi\u00e9niques jetables.<\/td>\n<\/tr>\n<tr>\n<td>\ud83c\udf7d\ufe0f<\/td>\n<td><strong>Utiliser des assiettes et couverts lavables<\/strong> lors des repas.<\/td>\n<\/tr>\n<tr>\n<td>\ud83e\udd64<\/td>\n<td><strong>Transporter des boissons dans des contenants r\u00e9utilisables<\/strong> comme gourdes et bouteilles.<\/td>\n<\/tr>\n<tr>\n<td>\ud83d\udecd\ufe0f<\/td>\n<td><strong>Opter pour des sacs en tissu<\/strong> lors des courses.<\/td>\n<\/tr>\n<tr>\n<td>\ud83d\udce6<\/td>\n<td><strong>Utiliser des bocaux et bo\u00eetes<\/strong> pour le stockage des aliments.<\/td>\n<\/tr>\n<tr>\n<td>\ud83c\udf81<\/td>\n<td><strong>Emballer les cadeaux avec des tissus r\u00e9utilisables<\/strong>, comme le furoshiki.<\/td>\n<\/tr>\n<\/tbody>\n<\/table>\n<\/figure>\n","protected":false},"excerpt":{"rendered":"","protected":false},"author":9,"featured_media":6190,"comment_status":"open","ping_status":"close","sticky":false,"template":"","format":"standard","meta":{"_seopress_robots_primary_cat":"","_seopress_titles_title":"","_seopress_titles_desc":"","_seopress_robots_index":"","footnotes":""},"categories":[1545],"tags":[],"class_list":["post-6189","post","type-post","status-publish","format-standard","has-post-thumbnail","hentry","category-neuchcup-fr","generate-columns","tablet-grid-50","mobile-grid-100","grid-parent","grid-33"],"_links":{"self":[{"href":"https:\/\/swisstinychalet.ch\/neuch\/wp-json\/wp\/v2\/posts\/6189","targetHints":{"allow":["GET"]}}],"collection":[{"href":"https:\/\/swisstinychalet.ch\/neuch\/wp-json\/wp\/v2\/posts"}],"about":[{"href":"https:\/\/swisstinychalet.ch\/neuch\/wp-json\/wp\/v2\/types\/post"}],"author":[{"embeddable":true,"href":"https:\/\/swisstinychalet.ch\/neuch\/wp-json\/wp\/v2\/users\/9"}],"replies":[{"embeddable":true,"href":"https:\/\/swisstinychalet.ch\/neuch\/wp-json\/wp\/v2\/comments?post=6189"}],"version-history":[{"count":0,"href":"https:\/\/swisstinychalet.ch\/neuch\/wp-json\/wp\/v2\/posts\/6189\/revisions"}],"wp:featuredmedia":[{"embeddable":true,"href":"https:\/\/swisstinychalet.ch\/neuch\/wp-json\/wp\/v2\/media\/6190"}],"wp:attachment":[{"href":"https:\/\/swisstinychalet.ch\/neuch\/wp-json\/wp\/v2\/media?parent=6189"}],"wp:term":[{"taxonomy":"category","embeddable":true,"href":"https:\/\/swisstinychalet.ch\/neuch\/wp-json\/wp\/v2\/categories?post=6189"},{"taxonomy":"post_tag","embeddable":true,"href":"https:\/\/swisstinychalet.ch\/neuch\/wp-json\/wp\/v2\/tags?post=6189"}],"curies":[{"name":"wp","href":"https:\/\/api.w.org\/{rel}","templated":true}]}}