{"id":6198,"date":"2024-12-12T13:33:55","date_gmt":"2024-12-12T08:03:55","guid":{"rendered":"https:\/\/swisstinychalet.ch\/neuch\/les-ingredients-locaux-cles-dune-cuisine-ecolo"},"modified":"2024-12-12T13:33:55","modified_gmt":"2024-12-12T08:03:55","slug":"les-ingredients-locaux-cles-dune-cuisine-ecolo","status":"publish","type":"post","link":"https:\/\/swisstinychalet.ch\/neuch\/les-ingredients-locaux-cles-dune-cuisine-ecolo","title":{"rendered":"Les ingr\u00e9dients locaux : cl\u00e9s d&#8217;une cuisine \u00e9colo"},"content":{"rendered":"\n\n<p><strong>Les ingr\u00e9dients locaux<\/strong> sont essentiels pour une cuisine \u00e9coresponsable. En privil\u00e9giant des produits <strong>de saison<\/strong> et provenant de <strong>producteurs locaux<\/strong>, on r\u00e9duit l&#8217;empreinte carbone li\u00e9e au transport, tout en soutenant l&#8217;\u00e9conomie r\u00e9gionale. Cette approche favorise \u00e9galement la <strong>french cuisine<\/strong> en valorisant les saveurs authentiques et les traditions culinaires du terroir. En int\u00e9grant ces ingr\u00e9dients dans nos recettes, nous nous engageons \u00e0 cr\u00e9er une alimentation <strong>durable<\/strong> et <strong>respectueuse de l&#8217;environnement<\/strong>, tout en proposant des plats savoureux et sains.<\/p>\n\n\n<figure class=\"wp-block-embed is-type-video is-provider-youtube wp-block-embed-youtube wp-embed-aspect-16-9 wp-has-aspect-ratio\">\n<div class=\"wp-block-embed__wrapper\">\nhttps:\/\/www.youtube.com\/watch?v=T9AldmKjYxc\n<\/div>\n<\/figure>\n\n\n\n<p>La cuisine \u00e9coresponsable commence par une attention particuli\u00e8re aux <strong>ingr\u00e9dients locaux<\/strong>. Ces pr\u00e9cieux produits non seulement rehaussent les saveurs de vos plats, mais participent \u00e9galement \u00e0 la pr\u00e9servation de l\u2019environnement. En utilisant des produits cultiv\u00e9s \u00e0 proximit\u00e9, vous minimisez le transport, r\u00e9duisez votre empreinte carbone et soutenez l\u2019\u00e9conomie locale. Que diriez-vous d&#8217;explorer ensemble les bienfaits des ingr\u00e9dients du coin ?<\/p>\n\n\n<h2 class=\"wp-block-heading\">Une d\u00e9marche \u00e9thique et savoureuse<\/h2>\n\n\n<p>Choisir des aliments provenant de la r\u00e9gion, c&#8217;est opter pour une <strong>gastronomie durable<\/strong>. En valorisant les fruits et l\u00e9gumes de saison, vous profitez de aliments m\u00fbris naturellement, gorg\u00e9s de saveurs et de nutriments. Ces choix permettent \u00e9galement de limiter les <strong>produits chimiques<\/strong> souvent utilis\u00e9s dans l&#8217;agriculture conventionnelle, favorisant ainsi une consommation plus saine. Il est ind\u00e9niable que des rep\u00e8res comme les <strong>march\u00e9s locaux<\/strong> et les <strong>AMAP<\/strong> (Associations pour le Maintien d&#8217;une Agriculture Paysanne) sont des alli\u00e9s pr\u00e9cieux dans cette qu\u00eate de saveurs authentiques et \u00e9coresponsables.<\/p>\n\n\n<h2 class=\"wp-block-heading\">R\u00e9utiliser et revaloriser<\/h2>\n\n\n<p>La cuisine \u00e9colo ne se limite pas simplement \u00e0 la s\u00e9lection d&#8217;ingr\u00e9dients locaux. C&#8217;est une philosophie qui englobe \u00e9galement le principe du <strong>z\u00e9ro d\u00e9chet<\/strong>. Ainsi, il est possible d&#8217;accumuler les restes de l\u00e9gumes et de les transformer en soupes d\u00e9licieuses, ou d&#8217;utiliser les \u00e9pluchures pour \u00e9laborer des bouillons riches en go\u00fbt. Ce type de pratique contribue \u00e0 la r\u00e9duction des d\u00e9chets et favorise un mode de vie plus respectueux de la plan\u00e8te.<\/p>\n\n\n<h2 class=\"wp-block-heading\">Produits m\u00e9nagers \u00e9coresponsables<\/h2>\n\n\n<p>Un autre aspect \u00e0 prendre en compte est le choix de <strong>produits m\u00e9nagers<\/strong> respectueux de l&#8217;environnement. La cr\u00e9ation de ses propres nettoyants avec des ingr\u00e9dients simples et naturels peut am\u00e9liorer non seulement votre quotidien, mais \u00e9galement celui de notre plan\u00e8te. Pour ceux qui souhaitent se lancer, plusieurs ressources en ligne peuvent vous guider dans la confection de vos <a href=\"https:\/\/swisstinychalet.ch\/neuch\/creez-vos-propres-produits-menagers-ecologiques\">produits m\u00e9nagers \u00e9cologiques<\/a>.<\/p>\n\n\n<h2 class=\"wp-block-heading\">Pratiques culinaires \u00e9coresponsables<\/h2>\n\n\n<p>Adopter des pratiques de cuisine \u00e9coresponsable est un engagement qui vaut la peine d&#8217;\u00eatre pris. Cela implique de ne pas se limiter \u00e0 la cuisine domestique, mais \u00e9galement de repenser la mani\u00e8re dont nous organisons nos repas. Pour savourer des moments conviviaux tout en respectant notre environnement, <a href=\"https:\/\/swisstinychalet.ch\/neuch\/guide-pratique-organiser-un-pique-nique-ecologique-et-zero-dechet\">organiser un pique-nique \u00e9cologique et z\u00e9ro d\u00e9chet<\/a> peut s\u2019av\u00e9rer \u00eatre une excellente id\u00e9e. Se rassembler autour de bons mets pr\u00e9par\u00e9s \u00e0 partir de produits locaux cr\u00e9e des plaisirs partag\u00e9s, dans le respect de la nature.<\/p>\n\n\n<h2 class=\"wp-block-heading\">Un choix aux multiples b\u00e9n\u00e9fices<\/h2>\n\n\n<p>Opter pour des ingr\u00e9dients locaux ne se limite pas \u00e0 une simple question d&#8217;\u00e9thique, cela repr\u00e9sente aussi un v\u00e9ritable engagement vers une <strong>alimentation saine et savoureuse<\/strong>. En vous tournant vers des circuits courts, vous assurez la qualit\u00e9 de votre nourriture tout en soutenant des producteurs passionn\u00e9s et engag\u00e9s. Pourquoi ne pas explorer cette dimension en vous rendant sur des adresses incontournables ? Comme le montrent les <a href=\"https:\/\/swisstinychalet.ch\/neuch\/cinq-adresses-incontournables-a-paris-pour-une-gastronomie-responsable\">cinq adresses incontournables \u00e0 Paris<\/a>, la gastronomie responsable est accessible \u00e0 tous, \u00e0 condition de faire les bons choix.<\/p>\n\n\n\n<h2 class=\"wp-block-heading\">Cuisine \u00c9coresponsable : Guide Pratique<\/h2>\n\n\n<figure class=\"wp-block-table\">\n<table>\n<tbody>\n<tr>\n<td>\ud83c\udf4f<\/td>\n<td><strong>Produits Locaux et de Saison :<\/strong> Optez pour des ingr\u00e9dients qui ont une empreinte carbone r\u00e9duite.<\/td>\n<\/tr>\n<tr>\n<td>\u267b\ufe0f<\/td>\n<td><strong>Z\u00e9ro D\u00e9chet :<\/strong> Cumulez vos restes de l\u00e9gumes pour r\u00e9aliser des soupes savoureuses.<\/td>\n<\/tr>\n<tr>\n<td>\ud83e\uddfc<\/td>\n<td><strong>Produits M\u00e9nagers \u00c9cologiques :<\/strong> Cr\u00e9ez vos propres nettoyants faits maison.<\/td>\n<\/tr>\n<tr>\n<td>\ud83c\udf0d<\/td>\n<td><strong>\u00c9viter le Gaspillage :<\/strong> R\u00e9utilisez vos \u00e9pluchures pour des bouillons.<\/td>\n<\/tr>\n<tr>\n<td>\ud83e\udd66<\/td>\n<td><strong>Menu Z\u00e9ro D\u00e9chet :<\/strong> Privil\u00e9giez des recettes qui limitent les d\u00e9chets alimentaires.<\/td>\n<\/tr>\n<tr>\n<td>\ud83e\udd61<\/td>\n<td><strong>Ustensiles Durables :<\/strong> Remplacez le plastique par des alternatives \u00e9cologiques.<\/td>\n<\/tr>\n<tr>\n<td>\ud83c\udf31<\/td>\n<td><strong>Compostage :<\/strong> Transformez vos d\u00e9chets organiques en ressources.<\/td>\n<\/tr>\n<tr>\n<td>\ud83e\udd57<\/td>\n<td><strong>Recettes Savoureuses :<\/strong> Explorez des plats \u00e9coresponsables et d\u00e9licieux.<\/td>\n<\/tr>\n<tr>\n<td>\ud83c\udf89<\/td>\n<td><strong>\u00c9v\u00e9nements Responsables :<\/strong> Participez \u00e0 des rassemblements qui promeuvent le z\u00e9ro d\u00e9chet.<\/td>\n<\/tr>\n<\/tbody>\n<\/table>\n<\/figure>\n","protected":false},"excerpt":{"rendered":"","protected":false},"author":11,"featured_media":6199,"comment_status":"open","ping_status":"close","sticky":false,"template":"","format":"standard","meta":{"_seopress_robots_primary_cat":"","_seopress_titles_title":"","_seopress_titles_desc":"","_seopress_robots_index":"","footnotes":""},"categories":[1545],"tags":[],"class_list":["post-6198","post","type-post","status-publish","format-standard","has-post-thumbnail","hentry","category-neuchcup-fr","generate-columns","tablet-grid-50","mobile-grid-100","grid-parent","grid-33"],"_links":{"self":[{"href":"https:\/\/swisstinychalet.ch\/neuch\/wp-json\/wp\/v2\/posts\/6198","targetHints":{"allow":["GET"]}}],"collection":[{"href":"https:\/\/swisstinychalet.ch\/neuch\/wp-json\/wp\/v2\/posts"}],"about":[{"href":"https:\/\/swisstinychalet.ch\/neuch\/wp-json\/wp\/v2\/types\/post"}],"author":[{"embeddable":true,"href":"https:\/\/swisstinychalet.ch\/neuch\/wp-json\/wp\/v2\/users\/11"}],"replies":[{"embeddable":true,"href":"https:\/\/swisstinychalet.ch\/neuch\/wp-json\/wp\/v2\/comments?post=6198"}],"version-history":[{"count":0,"href":"https:\/\/swisstinychalet.ch\/neuch\/wp-json\/wp\/v2\/posts\/6198\/revisions"}],"wp:featuredmedia":[{"embeddable":true,"href":"https:\/\/swisstinychalet.ch\/neuch\/wp-json\/wp\/v2\/media\/6199"}],"wp:attachment":[{"href":"https:\/\/swisstinychalet.ch\/neuch\/wp-json\/wp\/v2\/media?parent=6198"}],"wp:term":[{"taxonomy":"category","embeddable":true,"href":"https:\/\/swisstinychalet.ch\/neuch\/wp-json\/wp\/v2\/categories?post=6198"},{"taxonomy":"post_tag","embeddable":true,"href":"https:\/\/swisstinychalet.ch\/neuch\/wp-json\/wp\/v2\/tags?post=6198"}],"curies":[{"name":"wp","href":"https:\/\/api.w.org\/{rel}","templated":true}]}}