{"id":6215,"date":"2024-12-13T17:36:52","date_gmt":"2024-12-13T12:06:52","guid":{"rendered":"https:\/\/swisstinychalet.ch\/neuch\/calendriers-de-lavent-ecologiques-engages-et-biologiques-a-decouvrir-pour-celebrer-noel-2020"},"modified":"2024-12-13T17:36:52","modified_gmt":"2024-12-13T12:06:52","slug":"calendriers-de-lavent-ecologiques-engages-et-biologiques-a-decouvrir-pour-celebrer-noel-2020","status":"publish","type":"post","link":"https:\/\/swisstinychalet.ch\/neuch\/calendriers-de-lavent-ecologiques-engages-et-biologiques-a-decouvrir-pour-celebrer-noel-2020","title":{"rendered":"calendriers de l&#8217;Avent \u00e9cologiques, engag\u00e9s et biologiques \u00e0 d\u00e9couvrir pour c\u00e9l\u00e9brer No\u00ebl 2020"},"content":{"rendered":"\n\n<p>Cette ann\u00e9e, <strong>c\u00e9l\u00e9brez No\u00ebl<\/strong> de mani\u00e8re <strong>\u00e9cologique<\/strong> et <strong>responsable<\/strong> avec une s\u00e9lection de calendriers de l&#8217;Avent mettant en avant des valeurs durables. Parmi les options pris\u00e9es, on trouve des calendriers adapt\u00e9s aux enfants, proposant des <strong>chocolats bio<\/strong> et <strong>\u00e9quitables<\/strong>, ou encore des <strong>th\u00e9s et infusions<\/strong> bio pour des moments de d\u00e9tente. Les calendriers \u00e0 z\u00e9ro d\u00e9chet, livr\u00e9s dans des pochons en tissu, ajoutent une touche <strong>\u00e9coresponsable<\/strong> dont nous pouvons tous profiter. Avec des surprises chocolat\u00e9es et d&#8217;autres douceurs, chaque jour de d\u00e9cembre promet d&#8217;\u00eatre un voyage gustatif engag\u00e9, tout en pr\u00e9servant notre belle plan\u00e8te.<\/p>\n\n\n<figure class=\"wp-block-embed is-type-video is-provider-youtube wp-block-embed-youtube wp-embed-aspect-16-9 wp-has-aspect-ratio\">\n<div class=\"wp-block-embed__wrapper\">\n<iframe title=\"On ressort le calendrier de l&#039;Avent \ud83c\udf85\ud83c\udf84\ud83d\ude0d #mixedmedia #diy #christmas #noel #calendrierdelavent2024\" width=\"1200\" height=\"675\" src=\"https:\/\/www.youtube-nocookie.com\/embed\/YL4tvwSUyls?feature=oembed\" frameborder=\"0\" allow=\"accelerometer; autoplay; clipboard-write; encrypted-media; gyroscope; picture-in-picture; web-share\" referrerpolicy=\"strict-origin-when-cross-origin\" allowfullscreen><\/iframe>\n<\/div>\n<\/figure>\n\n\n\n<h2 class=\"wp-block-heading\">Calendriers de l&#8217;Avent \u00e9cologiques : une magie de No\u00ebl renouvel\u00e9e<\/h2>\n\n\n<p>Les f\u00eates de fin d&#8217;ann\u00e9e sont souvent synonymes de gourmandises, de belles d\u00e9corations, et d&#8217;une ambiance chaleureuse. Cette ann\u00e9e, pourquoi ne pas ajouter une touche <strong>\u00e9cologique<\/strong> \u00e0 votre c\u00e9l\u00e9bration en optant pour des calendriers de l&#8217;Avent engag\u00e9s et biologiques? En choisissant ces alternatives, vous conciliez plaisir et responsabilit\u00e9 envers notre plan\u00e8te. Voici quelques suggestions qui pourraient bien combler vos envies tout en respectant l\u2019environnement.<\/p>\n\n\n<h2 class=\"wp-block-heading\">Des cr\u00e9ations originales et responsables<\/h2>\n\n\n<p>De multiples start-ups s&#8217;investissent pour vous offrir des calendriers de l&#8217;Avent <strong>z\u00e9ro d\u00e9chet<\/strong>. Par exemple, la soci\u00e9t\u00e9 <strong>Pousse Pousse<\/strong> propose un calendrier rempli de surprises respectueuses de l&#8217;\u00e9cologie, permettant de patienter joyeusement jusqu&#8217;\u00e0 No\u00ebl. Chaque jour, un petit cadeau, une id\u00e9e cr\u00e9ative ou un sachet de graines pour votre jardin s&#8217;inscrit dans une d\u00e9marche durable.<\/p>\n\n\n<p>Un autre beau choix est le calendrier gourmand du <strong>Chocolat des Fran\u00e7ais<\/strong>, disponible sur la marketplace <strong>Les Ethiquet\u00e9s<\/strong>. Compos\u00e9 de 24 d\u00e9licieuses surprises, ce calendrier met en avant des produits issus de l&#8217;agriculture biologique et \u00e9quitable. Chaque chocolat r\u00e9v\u00e8le une histoire et un savoir-faire qui ajoutent une dimension unique \u00e0 chaque bouch\u00e9e.<\/p>\n\n\n<h2 class=\"wp-block-heading\">Des traditions revisit\u00e9es avec go\u00fbt<\/h2>\n\n\n<p>Pour les amateurs de <strong>th\u00e9s<\/strong>, le calendrier de l&#8217;Avent de <strong>Pukka Herbs<\/strong> s&#8217;av\u00e8re irr\u00e9sistible. Il offre 24 infusions bio aux saveurs pr\u00e9cieuses, cr\u00e9ant une pause bien-\u00eatre au quotidien. Chaque sachet vous invite \u00e0 savourer la magie des plantes tout en vous r\u00e9chauffant le c\u0153ur \u00e0 l\u2019approche des f\u00eates.<\/p>\n\n\n<h2 class=\"wp-block-heading\">Des options pour petits et grands<\/h2>\n\n\n<p>Les plus jeunes ne sont pas en reste avec des calendriers de l&#8217;Avent comme celui de <strong>Belledonne<\/strong>, qui leur propose des douceurs bio adapt\u00e9es \u00e0 leur palais. Ce type de calendrier reste une belle mani\u00e8re d\u2019initier les enfants \u00e0 une consommation plus consciente d\u00e8s leur plus jeune \u00e2ge.<\/p>\n\n\n<p>Cet hiver, faites le choix d&#8217;un No\u00ebl <strong>\u00e9coresponsable<\/strong> et savourez ces options alliant \u00e9merveillement et respect de l&#8217;environnement. Des surprises attendent, nous poussant \u00e0 revoir notre mani\u00e8re de c\u00e9l\u00e9brer, tout en s&#8217;engageant activement \u00e0 prot\u00e9ger notre belle plan\u00e8te. Que vous optiez pour des chocolats fins, des th\u00e9s parfum\u00e9s ou des cr\u00e9ations artisanales, chaque calendrier de l&#8217;Avent s\u2019av\u00e8re \u00eatre un pas vers une f\u00eate festive et respectueuse des valeurs de demain. Votre choix pourrait bien contribuer \u00e0 transformer ce moment traditionnel en une c\u00e9l\u00e9bration encore plus significative.<\/p>\n\n\n\n<h2 class=\"wp-block-heading\">Calendriers de l&#8217;Avent \u00c9cologiques pour un No\u00ebl Responsable<\/h2>\n\n\n<figure class=\"wp-block-table\">\n<table>\n<tbody>\n<tr>\n<td>\ud83c\udf84<\/td>\n<td><strong>Pousse Pousse<\/strong> &#8211; Calendrier de l&#8217;Avent z\u00e9ro d\u00e9chet avec 24 surprises.<\/td>\n<\/tr>\n<tr>\n<td>\ud83c\udf6b<\/td>\n<td><strong>Chocolat des Fran\u00e7ais<\/strong> &#8211; Une s\u00e9lection gourmande de 24 chocolats en version \u00e9coresponsable.<\/td>\n<\/tr>\n<tr>\n<td>\ud83d\udc76<\/td>\n<td><strong>Chocolats bio<\/strong> &#8211; Un calendrier classique avec 24 chocolats bio et \u00e9quitables pour les enfants.<\/td>\n<\/tr>\n<tr>\n<td>\ud83c\udf3f<\/td>\n<td><strong>Pukka Herbs<\/strong> &#8211; 24 jours de th\u00e9s et infusions bio aux saveurs enchanteresses.<\/td>\n<\/tr>\n<tr>\n<td>\u267b\ufe0f<\/td>\n<td><strong>Calendrier z\u00e9ro d\u00e9chet<\/strong> &#8211; 24 cadeaux emball\u00e9s dans un pochon tissu, offrant des sachets en papier.<\/td>\n<\/tr>\n<tr>\n<td>\ud83c\udf81<\/td>\n<td><strong>Saveurs et Nature<\/strong> &#8211; Un calendrier offrant une confiserie bio par jour.<\/td>\n<\/tr>\n<\/tbody>\n<\/table>\n<\/figure>\n","protected":false},"excerpt":{"rendered":"","protected":false},"author":11,"featured_media":6216,"comment_status":"open","ping_status":"close","sticky":false,"template":"","format":"standard","meta":{"_seopress_robots_primary_cat":"","_seopress_titles_title":"","_seopress_titles_desc":"","_seopress_robots_index":"","footnotes":""},"categories":[1545],"tags":[],"class_list":["post-6215","post","type-post","status-publish","format-standard","has-post-thumbnail","hentry","category-neuchcup-fr","generate-columns","tablet-grid-50","mobile-grid-100","grid-parent","grid-33"],"_links":{"self":[{"href":"https:\/\/swisstinychalet.ch\/neuch\/wp-json\/wp\/v2\/posts\/6215","targetHints":{"allow":["GET"]}}],"collection":[{"href":"https:\/\/swisstinychalet.ch\/neuch\/wp-json\/wp\/v2\/posts"}],"about":[{"href":"https:\/\/swisstinychalet.ch\/neuch\/wp-json\/wp\/v2\/types\/post"}],"author":[{"embeddable":true,"href":"https:\/\/swisstinychalet.ch\/neuch\/wp-json\/wp\/v2\/users\/11"}],"replies":[{"embeddable":true,"href":"https:\/\/swisstinychalet.ch\/neuch\/wp-json\/wp\/v2\/comments?post=6215"}],"version-history":[{"count":0,"href":"https:\/\/swisstinychalet.ch\/neuch\/wp-json\/wp\/v2\/posts\/6215\/revisions"}],"wp:featuredmedia":[{"embeddable":true,"href":"https:\/\/swisstinychalet.ch\/neuch\/wp-json\/wp\/v2\/media\/6216"}],"wp:attachment":[{"href":"https:\/\/swisstinychalet.ch\/neuch\/wp-json\/wp\/v2\/media?parent=6215"}],"wp:term":[{"taxonomy":"category","embeddable":true,"href":"https:\/\/swisstinychalet.ch\/neuch\/wp-json\/wp\/v2\/categories?post=6215"},{"taxonomy":"post_tag","embeddable":true,"href":"https:\/\/swisstinychalet.ch\/neuch\/wp-json\/wp\/v2\/tags?post=6215"}],"curies":[{"name":"wp","href":"https:\/\/api.w.org\/{rel}","templated":true}]}}