{"id":6219,"date":"2024-12-14T12:19:20","date_gmt":"2024-12-14T06:49:20","guid":{"rendered":"https:\/\/swisstinychalet.ch\/neuch\/conseils-pour-une-ceremonie-zero-dechet"},"modified":"2024-12-14T12:19:20","modified_gmt":"2024-12-14T06:49:20","slug":"conseils-pour-une-ceremonie-zero-dechet","status":"publish","type":"post","link":"https:\/\/swisstinychalet.ch\/neuch\/conseils-pour-une-ceremonie-zero-dechet","title":{"rendered":"Conseils pour une c\u00e9r\u00e9monie z\u00e9ro d\u00e9chet"},"content":{"rendered":"\n\n<p>Organiser une <strong>c\u00e9r\u00e9monie z\u00e9ro d\u00e9chet<\/strong> est un excellent moyen de c\u00e9l\u00e9brer tout en respectant l&#8217;environnement. Voici quelques <strong>conseils incontournables<\/strong> :<\/p>\n\n\n<ul class=\"wp-block-list\">\n\n<li><strong>Pr\u00e9venez votre entourage<\/strong> avec des invitations num\u00e9riques pour \u00e9viter le papier.<\/li>\n\n\n<li>Choisissez des <strong>fournisseurs \u00e9coresponsables<\/strong> qui s&#8217;engagent dans une d\u00e9marche durable.<\/li>\n\n\n<li>Optez pour de la <strong>vaisselle r\u00e9utilisable<\/strong> et \u00e9vitez les produits jetables.<\/li>\n\n\n<li>Assurez-vous de disposer d&#8217;un syst\u00e8me de <strong>tri des d\u00e9chets<\/strong> clair sur le lieu de l&#8217;\u00e9v\u00e9nement.<\/li>\n\n\n<li>Encouragez vos invit\u00e9s \u00e0 apporter des <strong>bocaux en verre<\/strong> pour emporter des restes.<\/li>\n\n\n<li><strong>Cuisinez local et de saison<\/strong> pour r\u00e9duire l&#8217;empreinte carbone.<\/li>\n\n\n<li>Privil\u00e9giez l&#8217;eau <strong>en carafe<\/strong> plut\u00f4t que des bouteilles en plastique.<\/li>\n\n<\/ul>\n\n\n<p>En int\u00e9grant ces pratiques, vous pourrez cr\u00e9er un moment m\u00e9morable tout en respectant notre plan\u00e8te.<\/p>\n\n\n<figure class=\"wp-block-embed is-type-video is-provider-youtube wp-block-embed-youtube wp-embed-aspect-16-9 wp-has-aspect-ratio\">\n<div class=\"wp-block-embed__wrapper\">\n<iframe title=\"Dossier du Jour : Objectif z\u00e9ro d\u00e9chets : comment relever le d\u00e9fi ? - La Quotidienne\" width=\"1200\" height=\"675\" src=\"https:\/\/www.youtube-nocookie.com\/embed\/tpVER_PEALo?feature=oembed\" frameborder=\"0\" allow=\"accelerometer; autoplay; clipboard-write; encrypted-media; gyroscope; picture-in-picture; web-share\" referrerpolicy=\"strict-origin-when-cross-origin\" allowfullscreen><\/iframe>\n<\/div>\n<\/figure>\n\n\n\n<p>Dans un contexte o\u00f9 la sensibilisation \u00e0 l&#8217;environnement prend de plus en plus d&#8217;ampleur, le choix d&#8217;organiser une <strong>c\u00e9r\u00e9monie z\u00e9ro d\u00e9chet<\/strong> se pr\u00e9sente comme une d\u00e9marche r\u00e9fl\u00e9chie et engag\u00e9e. Ce type d&#8217;\u00e9v\u00e9nement permet non seulement de c\u00e9l\u00e9brer un moment sp\u00e9cial, mais \u00e9galement de minimiser l&#8217;impact \u00e9cologique. Que ce soit un <strong>mariage<\/strong>, un <strong>anniversaire<\/strong> ou tout autre rassemblement, il est possible de faire preuve de cr\u00e9ativit\u00e9 tout en respectant notre plan\u00e8te.<\/p>\n\n\n<h2 class=\"wp-block-heading\">Pr\u00e9parer la c\u00e9r\u00e9monie avec soin<\/h2>\n\n\n<p>Avant de plonger dans l&#8217;organisation, il est judicieux d&#8217;\u00e9tablir un plan solide. L&#8217;identit\u00e9 de l&#8217;\u00e9v\u00e9nement doit \u00eatre d\u00e9finie, en tenant compte des valeurs que l&#8217;on souhaite mettre en avant. Une <strong>c\u00e9r\u00e9monie \u00e9co-responsable<\/strong> commence par une r\u00e9flexion sur les besoins et les attentes des participants. Cela signifie \u00e9galement favoriser les choix locaux et saisonniers, tant pour la nourriture que pour les d\u00e9corations.<\/p>\n\n\n<h2 class=\"wp-block-heading\">Les choix alimentaires r\u00e9fl\u00e9chis<\/h2>\n\n\n<p>En mati\u00e8re de restauration, la r\u00e9daction d&#8217;un menu <strong>local et de saison<\/strong> est une excellente id\u00e9e. Opter pour des ingr\u00e9dients disponibles dans votre r\u00e9gion et \u00e9viter les produits transform\u00e9s permet de r\u00e9duire le transport et, par cons\u00e9quent, les \u00e9missions de <strong>CO2<\/strong>. En plus, envisager des plats v\u00e9g\u00e9tariens contribue \u00e0 un meilleur bilan carbone. L\u2019utilisation de contenants r\u00e9utilisables pour le service est \u00e9galement une pratique \u00e0 privil\u00e9gier.<\/p>\n\n\n<h2 class=\"wp-block-heading\">La gestion des d\u00e9chets durant l\u2019\u00e9v\u00e9nement<\/h2>\n\n\n<p>Pour garantir une gestion des d\u00e9chets efficace durant la c\u00e9r\u00e9monie, il est imp\u00e9ratif d&#8217;installer des points de tri clairement identifi\u00e9s. Des <strong>bacs de recyclage<\/strong> et des indications bien visibles faciliteront la t\u00e2che aux invit\u00e9s. De plus, s&#8217;assurer que le traiteur utilise des produits compostables ou r\u00e9utilisables permet de minimiser les d\u00e9chets, tout en transmettant un message fort aux participants.<\/p>\n\n\n<h2 class=\"wp-block-heading\">Communiquer et impliquer les invit\u00e9s<\/h2>\n\n\n<p>Faire savoir \u00e0 vos proches que cette c\u00e9r\u00e9monie suivra une approche <strong>z\u00e9ro d\u00e9chet<\/strong> est essentiel. Cela passe par une communication claire et engag\u00e9e, que ce soit \u00e0 travers des faire-part \u00e9cologiques ou des annonces pendant l&#8217;\u00e9v\u00e9nement. Inviter les invit\u00e9s \u00e0 adopter des gestes simples, comme apporter leurs propres contenants pour les plats \u00e0 emporter, cr\u00e9e un sentiment de communaut\u00e9 et de partage autour de cette initiative.<\/p>\n\n\n<h2 class=\"wp-block-heading\">Opter pour la d\u00e9coration responsable<\/h2>\n\n\n<p>La d\u00e9coration est un aspect fondamental qui m\u00e9rite \u00e9galement une attention particuli\u00e8re. Utiliser des \u00e9l\u00e9ments recycl\u00e9s ou des objets provenant de l&#8217;entourage plut\u00f4t que d&#8217;acheter des d\u00e9corations jetables peut faire une grande diff\u00e9rence. Les fleurs locales ou des plantes en pot sont des options esth\u00e9tiques et durables. Chaque d\u00e9tail compte dans la cr\u00e9ation d&#8217;un environnement harmonieux tout en respectant l&#8217;\u00e9thique z\u00e9ro d\u00e9chet.<\/p>\n\n\n<h2 class=\"wp-block-heading\">Un \u00e9v\u00e9nement m\u00e9morable et engag\u00e9<\/h2>\n\n\n<p>En int\u00e9grant ces principes simples dans l&#8217;organisation de votre c\u00e9r\u00e9monie, vous aurez la possibilit\u00e9 de c\u00e9l\u00e9brer de mani\u00e8re unique tout en portant un message responsable. En favorisant l&#8217;<strong>engagement environnemental<\/strong> dans chaque aspect de l&#8217;\u00e9v\u00e9nement, cette journ\u00e9e sera non seulement m\u00e9morable pour vous et vos proches, mais \u00e9galement b\u00e9n\u00e9fique pour notre plan\u00e8te.<\/p>\n\n\n\n<h2 class=\"wp-block-heading\">Conseils pour des \u00c9v\u00e9nements \u00c9cologiques<\/h2>\n\n\n<figure class=\"wp-block-table\">\n<table>\n<tbody>\n<tr>\n<td>\ud83c\udf0d<\/td>\n<td><strong>Bien appr\u00e9hender le contexte<\/strong>. Le producteur de d\u00e9chets est responsable de la gestion.<\/td>\n<\/tr>\n<tr>\n<td>\u267b\ufe0f<\/td>\n<td><strong>Mise en place d&#8217;un syst\u00e8me de tri<\/strong>. Utiliser des bacs de recyclage clairs et efficaces.<\/td>\n<\/tr>\n<tr>\n<td>\ud83c\udf7d\ufe0f<\/td>\n<td><strong>Bannir l&#8217;usage unique<\/strong>. \u00c9viter la vaisselle jetable et opter pour des alternatives durables.<\/td>\n<\/tr>\n<tr>\n<td>\ud83e\udd64<\/td>\n<td><strong>Utiliser des gobelets personnalis\u00e9s<\/strong>. Cela r\u00e9duit l&#8217;impact environnemental et le gaspillage.<\/td>\n<\/tr>\n<tr>\n<td>\ud83d\udc9a<\/td>\n<td><strong>Cuisiner local et de saison<\/strong>. Encadrement des produits afin de minimiser le transport et le gaspillage.<\/td>\n<\/tr>\n<tr>\n<td>\ud83d\udce6<\/td>\n<td><strong>Fournir des bocaux en verre<\/strong>. Permettre aux invit\u00e9s de repartir avec des restes.<\/td>\n<\/tr>\n<tr>\n<td>\ud83c\udf77<\/td>\n<td><strong>Favoriser les boissons en carafe<\/strong>. Pr\u00e9f\u00e9rer l&#8217;eau du robinet plut\u00f4t que les bouteilles en plastique.<\/td>\n<\/tr>\n<tr>\n<td>\ud83c\udf31<\/td>\n<td><strong>Informer ses invit\u00e9s<\/strong>. Pr\u00e9ciser la d\u00e9marche z\u00e9ro d\u00e9chet pour sensibiliser le public.<\/td>\n<\/tr>\n<\/tbody>\n<\/table>\n<\/figure>\n","protected":false},"excerpt":{"rendered":"","protected":false},"author":10,"featured_media":0,"comment_status":"open","ping_status":"close","sticky":false,"template":"","format":"standard","meta":{"_seopress_robots_primary_cat":"","_seopress_titles_title":"","_seopress_titles_desc":"","_seopress_robots_index":"","footnotes":""},"categories":[1545],"tags":[],"class_list":["post-6219","post","type-post","status-publish","format-standard","hentry","category-neuchcup-fr","generate-columns","tablet-grid-50","mobile-grid-100","grid-parent","grid-33"],"_links":{"self":[{"href":"https:\/\/swisstinychalet.ch\/neuch\/wp-json\/wp\/v2\/posts\/6219","targetHints":{"allow":["GET"]}}],"collection":[{"href":"https:\/\/swisstinychalet.ch\/neuch\/wp-json\/wp\/v2\/posts"}],"about":[{"href":"https:\/\/swisstinychalet.ch\/neuch\/wp-json\/wp\/v2\/types\/post"}],"author":[{"embeddable":true,"href":"https:\/\/swisstinychalet.ch\/neuch\/wp-json\/wp\/v2\/users\/10"}],"replies":[{"embeddable":true,"href":"https:\/\/swisstinychalet.ch\/neuch\/wp-json\/wp\/v2\/comments?post=6219"}],"version-history":[{"count":0,"href":"https:\/\/swisstinychalet.ch\/neuch\/wp-json\/wp\/v2\/posts\/6219\/revisions"}],"wp:attachment":[{"href":"https:\/\/swisstinychalet.ch\/neuch\/wp-json\/wp\/v2\/media?parent=6219"}],"wp:term":[{"taxonomy":"category","embeddable":true,"href":"https:\/\/swisstinychalet.ch\/neuch\/wp-json\/wp\/v2\/categories?post=6219"},{"taxonomy":"post_tag","embeddable":true,"href":"https:\/\/swisstinychalet.ch\/neuch\/wp-json\/wp\/v2\/tags?post=6219"}],"curies":[{"name":"wp","href":"https:\/\/api.w.org\/{rel}","templated":true}]}}