{"id":6227,"date":"2024-12-15T00:22:12","date_gmt":"2024-12-14T18:52:12","guid":{"rendered":"https:\/\/swisstinychalet.ch\/neuch\/les-marches-en-guerre-contre-le-gaspillage-une-nouvelle-ere-pour-la-gestion-des-dechets"},"modified":"2024-12-15T00:22:12","modified_gmt":"2024-12-14T18:52:12","slug":"les-marches-en-guerre-contre-le-gaspillage-une-nouvelle-ere-pour-la-gestion-des-dechets","status":"publish","type":"post","link":"https:\/\/swisstinychalet.ch\/neuch\/les-marches-en-guerre-contre-le-gaspillage-une-nouvelle-ere-pour-la-gestion-des-dechets","title":{"rendered":"Les march\u00e9s en guerre contre le gaspillage : une nouvelle \u00e8re pour la gestion des d\u00e9chets"},"content":{"rendered":"\n\n<p>Les march\u00e9s de Lyon s&#8217;engagent dans une dynamique \u00e9co-responsable \u00e0 travers l&#8217;op\u00e9ration <strong>&#8220;Les March\u00e9s s\u2019attaquent aux D\u00e9chets&#8221;<\/strong>. Cet \u00e9v\u00e9nement f\u00e9d\u00e8re les acteurs locaux autour de l&#8217;enjeu crucial de la gestion des d\u00e9chets, en visant \u00e0 <strong>sensibiliser<\/strong> le public aux solutions z\u00e9ro d\u00e9chet et \u00e0 r\u00e9duire l&#8217;impact environnemental. Des animations telles que des tombolas th\u00e9matiques et des distributions de sacs \u00e0 vrac encouragent les participants \u00e0 adopter des comportements \u00e9coresponsables, tout en collaborant avec des associations comme <strong>&#8220;Z\u00e9ro D\u00e9chet Lyon&#8221;<\/strong> pour promouvoir des pratiques de consommation durables. Gr\u00e2ce \u00e0 cette initiative, les march\u00e9s s&#8217;affirment comme des relais significatifs de la transition vers une \u00e9conomie circulaire.<\/p>\n\n\n<figure class=\"wp-block-embed is-type-video is-provider-youtube wp-block-embed-youtube wp-embed-aspect-16-9 wp-has-aspect-ratio\">\n<div class=\"wp-block-embed__wrapper\">\n<iframe title=\"Les d\u00e9chets alimentaires \u00e9vitables\" width=\"1200\" height=\"900\" src=\"https:\/\/www.youtube-nocookie.com\/embed\/aVSk6VgOocQ?feature=oembed\" frameborder=\"0\" allow=\"accelerometer; autoplay; clipboard-write; encrypted-media; gyroscope; picture-in-picture; web-share\" referrerpolicy=\"strict-origin-when-cross-origin\" allowfullscreen><\/iframe>\n<\/div>\n<\/figure>\n\n\n\n<p>Alors que le ph\u00e9nom\u00e8ne du gaspillage revient au centre des d\u00e9bats, les march\u00e9s s&#8217;impliquent activement dans la lutte. \u00c0 Lyon, une initiative originale a \u00e9merg\u00e9 : &#8220;Les March\u00e9s s\u2019attaquent aux D\u00e9chets&#8221;. Cet \u00e9v\u00e9nement, soutenu par l&#8217;association <strong>M ton March\u00e9<\/strong>, vise \u00e0 transformer notre perception des d\u00e9chets au quotidien et \u00e0 orienter les choix des consommateurs vers des pratiques plus durables.<\/p>\n\n\n<h2 class=\"wp-block-heading\">Une initiative engag\u00e9e<\/h2>\n\n\n<p>Inaugur\u00e9e pour la premi\u00e8re fois dans plusieurs arrondissements de <strong>Lyon<\/strong>, cette op\u00e9ration a pour but de sensibiliser le public aux alternatives z\u00e9ro d\u00e9chet. \u00c0 travers des march\u00e9s de proximit\u00e9, la Ville de Lyon et ses partenaires souhaitent montrer que chacun a la capacit\u00e9 d&#8217;agir et que la gestion des d\u00e9chets est l&#8217;affaire de tous. Les march\u00e9s repr\u00e9sentent un lieu de rencontre id\u00e9al pour aborder des sujets cruciaux li\u00e9s \u00e0 l&#8217;\u00e9cologie, \u00e0 la durabilit\u00e9 et \u00e0 la consommation responsable.<\/p>\n\n\n<h2 class=\"wp-block-heading\">Un programme d&#8217;animations dynamisant<\/h2>\n\n\n<p>L&#8217;\u00e9v\u00e9nement comprend une s\u00e9rie d&#8217;animations divertissantes et engageantes. Des <strong>tombolas th\u00e9matiques<\/strong> seront organis\u00e9es, permettant aux participants de gagner des paniers garnis constitu\u00e9s de d\u00e9licieux produits du march\u00e9 offerts par divers commer\u00e7ants. De plus, chaque participant sera r\u00e9compens\u00e9 par des <strong>sacs \u00e0 vrac<\/strong> lors d&#8217;une enqu\u00eate qui les invite \u00e0 r\u00e9fl\u00e9chir sur leurs achats et leurs comportements de consommation.<\/p>\n\n\n<p>Une pr\u00e9sence exceptionnelle de l&#8217;<a href=\"https:\/\/zerodechetlyon.org\/\" target=\"_blank\" title=\"L\u2019association Z\u00e9ro D\u00e9chet Lyon\"><strong>association &#8220;Z\u00e9ro D\u00e9chet Lyon&#8221;<\/strong><\/a> sur le march\u00e9 de <strong>Mermoz<\/strong> apportera une dimension suppl\u00e9mentaire \u00e0 cette initiative. Leur d\u00e9marche, intitul\u00e9e <strong>&#8220;Mon commer\u00e7ant m\u2019emballe durablement&#8221;<\/strong>, vise \u00e0 encourager les commer\u00e7ants \u00e0 adopter des pratiques respectueuses de l&#8217;environnement.<\/p>\n\n\n<h2 class=\"wp-block-heading\">Les dates des march\u00e9s engag\u00e9s<\/h2>\n\n\n<p>Voici quelques-uns des march\u00e9s o\u00f9 cette initiative prendra place :<\/p>\n\n\n<ul class=\"wp-block-list\">\n\n<li><strong>Mardi 15 juin :<\/strong> March\u00e9 de <strong>la Croix-Rousse<\/strong>, Lyon 1er et March\u00e9 <strong>Jean Jaur\u00e8s<\/strong>, Lyon 7e<\/li>\n\n\n<li><strong>Mercredi 16 juin :<\/strong> March\u00e9 <strong>petite place de la Croix-Rousse<\/strong>, Lyon 4e<\/li>\n\n\n<li><strong>Jeudi 17 juin :<\/strong> March\u00e9 <strong>Saint-Antoine<\/strong>, Lyon 2e<\/li>\n\n\n<li><strong>Vendredi 18 juin :<\/strong> March\u00e9 <strong>Montgolfier<\/strong>, Lyon 6e<\/li>\n\n\n<li><strong>Samedi 19 juin :<\/strong> March\u00e9 <strong>Mermoz<\/strong>, Lyon 8e &#8211; avec la pr\u00e9sence de l\u2019association &#8220;Z\u00e9ro D\u00e9chet Lyon&#8221;<\/li>\n\n\n<li><strong>Dimanche 20 juin :<\/strong> March\u00e9 <strong>place de Paris<\/strong>, Lyon 9e et March\u00e9 <strong>de M\u00e9nival<\/strong>, Lyon 5e<\/li>\n\n<\/ul>\n\n\n<h2 class=\"wp-block-heading\">Sensibilisation \u00e0 grande \u00e9chelle<\/h2>\n\n\n<p>L&#8217;enqu\u00eate en ligne qui accompagne cet \u00e9v\u00e9nement invite les consommateurs \u00e0 exprimer leurs motivations et r\u00e9flexions sur les pratiques durables dans les march\u00e9s. Vous pouvez participer \u00e0 cette initiative en r\u00e9pondant \u00e0 l&#8217;<a href=\"https:\/\/docs.google.com\/forms\/d\/e\/1FAIpQLSfF_gOdfW5CwJT9Qsh7byaIE__HvJ4tdonmJ55XlnLCWvOK-A\/viewform\" target=\"_blank\" title=\"r\u00e9pondre en ligne \u00e0 l'enqu\u00eate\"><strong>enqu\u00eate en ligne<\/strong><\/a>, permettant ainsi d&#8217;enrichir ce projet.<\/p>\n\n\n<h2 class=\"wp-block-heading\">\u00c9ducation dans l&#8217;action<\/h2>\n\n\n<p>La sensibilisation va plus loin avec la distribution de <strong>d\u00e9pliants anti-gaspillage<\/strong> et de calendriers mettant en avant les fruits et l\u00e9gumes de saison. Ces outils de communication sont con\u00e7us pour aider les consommateurs \u00e0 mieux g\u00e9rer leur alimentation tout en r\u00e9duisant leur impact environnemental.<\/p>\n\n\n<h2 class=\"wp-block-heading\">L&#8217;importance des march\u00e9s pour la ville<\/h2>\n\n\n<p>Les march\u00e9s jouent un r\u00f4le fondamental dans la dynamisation des centres urbains et la r\u00e9duction de notre empreinte \u00e9cologique. En facilitant l&#8217;acc\u00e8s \u00e0 des produits locaux, ils soutiennent une \u00e9conomie circulaire et encouragent une consommation plus responsable. Les acteurs locaux, qu&#8217;ils soient producteurs ou consommateurs, sont invit\u00e9s \u00e0 participer \u00e0 cette dynamique pour construire ensemble un avenir plus durable.<\/p>\n\n\n<h2 class=\"wp-block-heading\">\u00c0 horizon long terme<\/h2>\n\n\n<p>Cette initiative de <strong>Lyon<\/strong> s&#8217;inscrit dans un mouvement plus large, visant \u00e0 encourager chacun \u00e0 repenser sa relation avec les d\u00e9chets. En multipliant les \u00e9v\u00e9nements autour des march\u00e9s, il est possible de faire \u00e9voluer nos comportements et d&#8217;apporter des solutions concr\u00e8tes \u00e0 la question du gaspillage alimentaire.<\/p>\n\n\n\n<h2 class=\"wp-block-heading\">Les March\u00e9s et le D\u00e9veloppement Durable<\/h2>\n\n\n<figure class=\"wp-block-table\">\n<table>\n<tbody>\n<tr>\n<td>\ud83d\udecd\ufe0f<\/td>\n<td><strong>Les March\u00e9s, un enjeu \u00e9cologique<\/strong><\/td>\n<\/tr>\n<tr>\n<td>\u267b\ufe0f<\/td>\n<td> La gestion des d\u00e9chets est devenue une priorit\u00e9 face aux enjeux sanitaires et environnementaux. <\/td>\n<\/tr>\n<tr>\n<td>\ud83c\udf0d<\/td>\n<td>Les march\u00e9s sont des leviers essentiels pour r\u00e9duire notre empreinte \u00e9cologique et r\u00e9pondre aux besoins quotidiens.<\/td>\n<\/tr>\n<tr>\n<td>\ud83c\udf89<\/td>\n<td><strong>Programme des Animations<\/strong><\/td>\n<\/tr>\n<tr>\n<td>\ud83c\udf81<\/td>\n<td>Des tombolas th\u00e9matiques pour gagner des paniers garnis.<\/td>\n<\/tr>\n<tr>\n<td>\ud83d\uded2<\/td>\n<td>Des sacs \u00e0 vrac offerts aux participants de l&#8217;enqu\u00eate.<\/td>\n<\/tr>\n<tr>\n<td>\ud83d\udc65<\/td>\n<td><strong>L\u2019association Z\u00e9ro D\u00e9chet Lyon<\/strong> sera pr\u00e9sente pour sensibiliser le public.<\/td>\n<\/tr>\n<tr>\n<td>\ud83d\udcc5<\/td>\n<td><strong>Les \u00e9v\u00e9nements \u00e0 venir<\/strong><\/td>\n<\/tr>\n<tr>\n<td>\ud83d\udccd<\/td>\n<td>March\u00e9 de la Croix-Rousse le 15 juin, March\u00e9 Mermoz le 19 juin.<\/td>\n<\/tr>\n<tr>\n<td>\ud83d\udcc4<\/td>\n<td><strong>Enqu\u00eate en ligne<\/strong> sur les motivations du d\u00e9veloppement durable.<\/td>\n<\/tr>\n<\/tbody>\n<\/table>\n<\/figure>\n","protected":false},"excerpt":{"rendered":"","protected":false},"author":9,"featured_media":6228,"comment_status":"open","ping_status":"close","sticky":false,"template":"","format":"standard","meta":{"_seopress_robots_primary_cat":"","_seopress_titles_title":"","_seopress_titles_desc":"","_seopress_robots_index":"","footnotes":""},"categories":[1545],"tags":[],"class_list":["post-6227","post","type-post","status-publish","format-standard","has-post-thumbnail","hentry","category-neuchcup-fr","generate-columns","tablet-grid-50","mobile-grid-100","grid-parent","grid-33"],"_links":{"self":[{"href":"https:\/\/swisstinychalet.ch\/neuch\/wp-json\/wp\/v2\/posts\/6227","targetHints":{"allow":["GET"]}}],"collection":[{"href":"https:\/\/swisstinychalet.ch\/neuch\/wp-json\/wp\/v2\/posts"}],"about":[{"href":"https:\/\/swisstinychalet.ch\/neuch\/wp-json\/wp\/v2\/types\/post"}],"author":[{"embeddable":true,"href":"https:\/\/swisstinychalet.ch\/neuch\/wp-json\/wp\/v2\/users\/9"}],"replies":[{"embeddable":true,"href":"https:\/\/swisstinychalet.ch\/neuch\/wp-json\/wp\/v2\/comments?post=6227"}],"version-history":[{"count":0,"href":"https:\/\/swisstinychalet.ch\/neuch\/wp-json\/wp\/v2\/posts\/6227\/revisions"}],"wp:featuredmedia":[{"embeddable":true,"href":"https:\/\/swisstinychalet.ch\/neuch\/wp-json\/wp\/v2\/media\/6228"}],"wp:attachment":[{"href":"https:\/\/swisstinychalet.ch\/neuch\/wp-json\/wp\/v2\/media?parent=6227"}],"wp:term":[{"taxonomy":"category","embeddable":true,"href":"https:\/\/swisstinychalet.ch\/neuch\/wp-json\/wp\/v2\/categories?post=6227"},{"taxonomy":"post_tag","embeddable":true,"href":"https:\/\/swisstinychalet.ch\/neuch\/wp-json\/wp\/v2\/tags?post=6227"}],"curies":[{"name":"wp","href":"https:\/\/api.w.org\/{rel}","templated":true}]}}