{"id":6234,"date":"2024-12-15T12:23:28","date_gmt":"2024-12-15T06:53:28","guid":{"rendered":"https:\/\/swisstinychalet.ch\/neuch\/recettes-saisonnieres-pour-un-impact-carbone-reduit"},"modified":"2024-12-15T12:23:28","modified_gmt":"2024-12-15T06:53:28","slug":"recettes-saisonnieres-pour-un-impact-carbone-reduit","status":"publish","type":"post","link":"https:\/\/swisstinychalet.ch\/neuch\/recettes-saisonnieres-pour-un-impact-carbone-reduit","title":{"rendered":"Recettes saisonni\u00e8res pour un impact carbone r\u00e9duit"},"content":{"rendered":"\n\n<p>Les <strong>recettes saisonni\u00e8res<\/strong> constituent une approche efficace pour r\u00e9duire l&#8217;<strong>impact carbone<\/strong> de notre alimentation. En privil\u00e9giant les <strong>fruits et l\u00e9gumes locaux<\/strong>, on limite non seulement les <strong>transports<\/strong>, mais aussi les <strong>\u00e9missions de carbone<\/strong> associ\u00e9es. Ces recettes mettent surtout en avant le <strong>v\u00e9g\u00e9tal<\/strong>, en diminuant la consommation de viande au profit des <strong>l\u00e9gumineuses<\/strong>, <strong>c\u00e9r\u00e9ales<\/strong> et autres produits de saison. Int\u00e9grer des <strong>ingr\u00e9dients durables<\/strong> dans nos plats permet non seulement de se r\u00e9galer, mais aussi de contribuer \u00e0 un mode de vie plus <strong>\u00e9coresponsable<\/strong>.<\/p>\n\n\n<figure class=\"wp-block-embed is-type-video is-provider-youtube wp-block-embed-youtube wp-embed-aspect-16-9 wp-has-aspect-ratio\">\n<div class=\"wp-block-embed__wrapper\">\n<iframe title=\"Comment r\u00e9duire son empreinte carbone ?\" width=\"1200\" height=\"675\" src=\"https:\/\/www.youtube-nocookie.com\/embed\/tCf-XMayG3Q?feature=oembed\" frameborder=\"0\" allow=\"accelerometer; autoplay; clipboard-write; encrypted-media; gyroscope; picture-in-picture; web-share\" referrerpolicy=\"strict-origin-when-cross-origin\" allowfullscreen><\/iframe>\n<\/div>\n<\/figure>\n\n\n\n<p>La transition vers une alimentation plus respectueuse de l&#8217;environnement est un enjeu qui prend de l&#8217;ampleur. En r\u00e9injectant le respect de la nature au c\u0153ur de notre assiette, il devient possible de savourer chaque bouch\u00e9e tout en prenant soin de notre empreinte carbone. Ce cheminement passe par le choix de <strong>recettes saisonni\u00e8res<\/strong> qui int\u00e8grent des ingr\u00e9dients <strong>locaux<\/strong>, favorisent les <strong>produits bio<\/strong>, et mettent \u00e0 l&#8217;honneur le <strong>v\u00e9g\u00e9tal<\/strong>. Voici des id\u00e9aux pour cuisiner tout en pr\u00e9servant la plan\u00e8te.<\/p>\n\n\n<h2 class=\"wp-block-heading\">Les bienfaits des ingr\u00e9dients locaux<\/h2>\n\n\n<p>Utiliser des ingr\u00e9dients locaux constitue une premi\u00e8re approche pour r\u00e9duire notre impact environnemental. Moins de <strong>transports<\/strong> signifie moins d&#8217;\u00e9missions de <strong>carbone<\/strong>. En choisissant des fruits et l\u00e9gumes cultiv\u00e9s \u00e0 proximit\u00e9, nous contribuons non seulement \u00e0 soutenir les <strong>agriculteurs<\/strong> de notre r\u00e9gion, mais nous avons \u00e9galement l&#8217;assurance de consommer des produits bien de saison. Par exemple, les courges en automne peuvent faire partie d\u2019un d\u00e9licieux plat mijot\u00e9, tout en offrant une saveur authentique.<\/p>\n\n\n<h2 class=\"wp-block-heading\">Recettes vari\u00e9es pour tous les go\u00fbts<\/h2>\n\n\n<p>Incorporer des <strong>recettes<\/strong> qui privil\u00e9gient le v\u00e9g\u00e9tal est une excellente mani\u00e8re de diversifier son alimentation tout en \u00e9tant respectueux du climat. Par exemple, un <strong>risotto aux champignons<\/strong> de saison ou une <strong>tarte aux poireaux<\/strong> peut apporter des saveurs riches sans n\u00e9cessiter de viandes en grande quantit\u00e9. Une tendance r\u00e9cente chez les chefs consiste \u00e0 r\u00e9duire les portions de viande, en les rempla\u00e7ant par des <strong>l\u00e9gumineuses<\/strong> et des <strong>c\u00e9r\u00e9ales<\/strong>.<\/p>\n\n\n<h2 class=\"wp-block-heading\">\u00c9viter le gaspillage alimentaire<\/h2>\n\n\n<p>L&#8217;un des principes fondamentaux dans la cuisine \u00e9coresponsable est l&#8217;id\u00e9e de r\u00e9duire le <strong>gaspillage<\/strong>. En r\u00e9utilisant des <strong>restes<\/strong> et en misant sur des recettes \u00ab anti-gaspillage \u00bb, il est possible de transformer des ingr\u00e9dients qui pourraient \u00eatre jet\u00e9s en plats savoureux. Un gratin de l\u00e9gumes fait avec des \u00e9pluchures comestibles ou une <strong>soupe<\/strong> de l\u00e9gumes peuvent transformer les restes en d\u00e9lices.<\/p>\n\n\n<h2 class=\"wp-block-heading\">Emballages et \u00e9v\u00e9nements \u00e9coresponsables<\/h2>\n\n\n<p>Dans un souci de coh\u00e9rence, il est \u00e9galement essentiel de r\u00e9fl\u00e9chir \u00e0 la fa\u00e7on de pr\u00e9senter nos plats. Opter pour des <strong>emballages \u00e9coresponsables<\/strong> lors d&#8217;\u00e9v\u00e9nements ou de repas en ext\u00e9rieur est une d\u00e9marche \u00e0 ne pas n\u00e9gliger. En effet, la location de <strong>verres r\u00e9utilisables<\/strong> am\u00e9liore l&#8217;exp\u00e9rience tout en limitant les d\u00e9chets, comme en t\u00e9moigne l\u2019initiative de <a href=\"https:\/\/swisstinychalet.ch\/neuch\/decouvrez-comment-la-location-de-verre-reutilisable-peut-transformer-vos-evenements\">Neuchcup<\/a>.<\/p>\n\n\n<h2 class=\"wp-block-heading\">Pour une table plus durable<\/h2>\n\n\n<p>Transformer sa cuisine en un espace respectueux, c&#8217;est aussi adopter des solutions durables au quotidien. En d\u00e9couvrant les <a href=\"https:\/\/swisstinychalet.ch\/neuch\/les-benefices-de-lecoresponsabilite-dans-lart-de-la-table\">b\u00e9n\u00e9fices de l&#8217;\u00e9coresponsabilit\u00e9<\/a> dans l&#8217;art de la table, chaque repas devient une c\u00e9l\u00e9bration de la nature, tout en renfor\u00e7ant notre connexion avec l&#8217;environnement.<\/p>\n\n\n<h2 class=\"wp-block-heading\">Astuces pratiques pour un engagement durable<\/h2>\n\n\n<p>Adopter une cuisine durable passe par des petites actions quotidiennes. Compter sur les <strong>produits de saison<\/strong> et s&#8217;inscrire dans des initiatives locales comme le <a href=\"https:\/\/swisstinychalet.ch\/neuch\/issy-les-moulineaux-subissons-le-defi-zero-carbone-un-challenge-a-vivre-en-famille-et-en-toute-collectivite\">D\u00e9fi Z\u00e9ro Carbone<\/a> contribue \u00e0 entra\u00eener chacun d&#8217;entre nous vers une habitabilit\u00e9 plus verte. <br>En mettant ces conseils en pratique, il est possible de savourer des plats d\u00e9licieux tout en pr\u00e9servant notre belle plan\u00e8te.<\/p>\n\n\n\n<h2 class=\"wp-block-heading\">Recettes \u00c9coresponsables Pour un Avenir Durable \ud83c\udf0d<\/h2>\n\n\n<figure class=\"wp-block-table\">\n<table>\n<tbody>\n<tr>\n<td>\ud83c\udf7d\ufe0f<\/td>\n<td><strong>Recettes Anti-Gaspillage<\/strong>: Apprendre \u00e0 cuisiner les restes pour \u00e9viter le gaspillage alimentaire.<\/td>\n<\/tr>\n<tr>\n<td>\ud83e\udd55<\/td>\n<td><strong>Produits Locaux et de Saison<\/strong>: Optez pour des fruits et l\u00e9gumes de saison, de pr\u00e9f\u00e9rence bio, pour une cuisine respectueuse.<\/td>\n<\/tr>\n<tr>\n<td>\ud83c\udf31<\/td>\n<td><strong>R\u00e9duction de l&#8217;Empreinte Carbone<\/strong>: Adopter une alimentation qui privil\u00e9gie le v\u00e9g\u00e9tal et r\u00e9duit la consommation de viande.<\/td>\n<\/tr>\n<tr>\n<td>\ud83c\udf3f<\/td>\n<td><strong>Impact Environnemental<\/strong>: Utiliser des ingr\u00e9dients locaux contribue \u00e0 diminuer les transports et les \u00e9missions de carbone.<\/td>\n<\/tr>\n<tr>\n<td>\ud83d\udcda<\/td>\n<td><strong>Livret de Recettes Bonnes Pour le Climat<\/strong>: Recettes \u00e9coresponsables not\u00e9es sur leur impact carbone.<\/td>\n<\/tr>\n<tr>\n<td>\u267b\ufe0f<\/td>\n<td><strong>Compostage<\/strong>: R\u00e9duire les d\u00e9chets en compostant les \u00e9pluchures de l\u00e9gumes et autres restes alimentaires.<\/td>\n<\/tr>\n<tr>\n<td>\ud83c\udf89<\/td>\n<td><strong>\u00c9v\u00e9nements \u00c9coresponsables<\/strong>: Int\u00e9grer des pratiques durables lors de manifestations et c\u00e9l\u00e9brations.<\/td>\n<\/tr>\n<tr>\n<td>\ud83c\udf3f<\/td>\n<td><strong>Astuces Z\u00e9ro D\u00e9chet<\/strong>: Conseils pour r\u00e9duire les d\u00e9chets dans nos cuisines et lors des \u00e9v\u00e9nements.<\/td>\n<\/tr>\n<tr>\n<td>\ud83d\udc9a<\/td>\n<td><strong>Choix Responsables<\/strong>: Adopter des pratiques \u00e9coresponsables dans l\u2019art de la table et les achats quotidiens.<\/td>\n<\/tr>\n<\/tbody>\n<\/table>\n<\/figure>\n","protected":false},"excerpt":{"rendered":"","protected":false},"author":11,"featured_media":6235,"comment_status":"open","ping_status":"close","sticky":false,"template":"","format":"standard","meta":{"_seopress_robots_primary_cat":"","_seopress_titles_title":"","_seopress_titles_desc":"","_seopress_robots_index":"","footnotes":""},"categories":[1545],"tags":[],"class_list":["post-6234","post","type-post","status-publish","format-standard","has-post-thumbnail","hentry","category-neuchcup-fr","generate-columns","tablet-grid-50","mobile-grid-100","grid-parent","grid-33"],"_links":{"self":[{"href":"https:\/\/swisstinychalet.ch\/neuch\/wp-json\/wp\/v2\/posts\/6234","targetHints":{"allow":["GET"]}}],"collection":[{"href":"https:\/\/swisstinychalet.ch\/neuch\/wp-json\/wp\/v2\/posts"}],"about":[{"href":"https:\/\/swisstinychalet.ch\/neuch\/wp-json\/wp\/v2\/types\/post"}],"author":[{"embeddable":true,"href":"https:\/\/swisstinychalet.ch\/neuch\/wp-json\/wp\/v2\/users\/11"}],"replies":[{"embeddable":true,"href":"https:\/\/swisstinychalet.ch\/neuch\/wp-json\/wp\/v2\/comments?post=6234"}],"version-history":[{"count":0,"href":"https:\/\/swisstinychalet.ch\/neuch\/wp-json\/wp\/v2\/posts\/6234\/revisions"}],"wp:featuredmedia":[{"embeddable":true,"href":"https:\/\/swisstinychalet.ch\/neuch\/wp-json\/wp\/v2\/media\/6235"}],"wp:attachment":[{"href":"https:\/\/swisstinychalet.ch\/neuch\/wp-json\/wp\/v2\/media?parent=6234"}],"wp:term":[{"taxonomy":"category","embeddable":true,"href":"https:\/\/swisstinychalet.ch\/neuch\/wp-json\/wp\/v2\/categories?post=6234"},{"taxonomy":"post_tag","embeddable":true,"href":"https:\/\/swisstinychalet.ch\/neuch\/wp-json\/wp\/v2\/tags?post=6234"}],"curies":[{"name":"wp","href":"https:\/\/api.w.org\/{rel}","templated":true}]}}