{"id":6244,"date":"2024-12-16T12:20:46","date_gmt":"2024-12-16T06:50:46","guid":{"rendered":"https:\/\/swisstinychalet.ch\/neuch\/comment-mesurer-limpact-dun-evenement-ecoresponsable"},"modified":"2024-12-16T12:20:46","modified_gmt":"2024-12-16T06:50:46","slug":"comment-mesurer-limpact-dun-evenement-ecoresponsable","status":"publish","type":"post","link":"https:\/\/swisstinychalet.ch\/neuch\/comment-mesurer-limpact-dun-evenement-ecoresponsable","title":{"rendered":"Comment mesurer l&#8217;impact d&#8217;un \u00e9v\u00e9nement \u00e9coresponsable"},"content":{"rendered":"\n\n<p>Pour <strong>mesurer l&#8217;impact d&#8217;un \u00e9v\u00e9nement \u00e9coresponsable<\/strong>, il est essentiel d&#8217;adopter une approche syst\u00e9matique. Cela commence par l&#8217;\u00e9valuation de l&#8217;<strong>empreinte carbone<\/strong>, qui consiste \u00e0 quantifier les <strong>\u00e9missions de gaz \u00e0 effet de serre<\/strong> g\u00e9n\u00e9r\u00e9es par divers aspects de l&#8217;\u00e9v\u00e9nement, tels que l&#8217;<strong>\u00e9nergie<\/strong>, les <strong>d\u00e9placements<\/strong> et les mat\u00e9riaux utilis\u00e9s. L&#8217;analyse du cycle de vie (ACV) est un outil pr\u00e9cieux qui permet d&#8217;examiner chaque \u00e9tape du projet, de la conception \u00e0 la r\u00e9alisation, en passant par l&#8217;impact sur les ressources naturelles. Un bilan d\u00e9taill\u00e9 aide \u00e0 identifier les <strong>bonnes pratiques<\/strong> et les axes d&#8217;am\u00e9lioration. En int\u00e9grant des <strong>indicateurs<\/strong> mesurables, on peut \u00e9galement \u00e9valuer les b\u00e9n\u00e9fices sociaux et environnementaux tout en sensibilisant les participants \u00e0 l&#8217;importance d&#8217;une d\u00e9marche <strong>durable<\/strong>.<\/p>\n\n\n<figure class=\"wp-block-embed is-type-video is-provider-youtube wp-block-embed-youtube wp-embed-aspect-16-9 wp-has-aspect-ratio\">\n<div class=\"wp-block-embed__wrapper\">\nhttps:\/\/www.youtube.com\/watch?v=cEHLDGJN084\n<\/div>\n<\/figure>\n\n\n\n<p>Au c\u0153ur des pr\u00e9occupations contemporaines, l&#8217;\u00e9coresponsabilit\u00e9 s&#8217;inscrit comme un axe majeur dans l&#8217;organisation d&#8217;\u00e9v\u00e9nements. Chaque initiative, qu&#8217;elle soit petite ou grande, peut contribuer \u00e0 des changements importants. Mesurer l&#8217;impact d&#8217;un \u00e9v\u00e9nement \u00e9coresponsable permet d&#8217;assurer que les efforts d\u00e9ploy\u00e9s sont \u00e0 la hauteur des attentes en mati\u00e8re d&#8217;environnement. Mais comment proc\u00e9der pour obtenir une \u00e9valuation fiable et constructive ?<\/p>\n\n\n<h2 class=\"wp-block-heading\">Comprendre l&#8217;empreinte carbone<\/h2>\n\n\n<p>L&#8217;<strong>empreinte carbone<\/strong> d&#8217;un \u00e9v\u00e9nement correspond aux \u00e9missions de gaz \u00e0 effet de serre engendr\u00e9es par diverses activit\u00e9s : transports, \u00e9nergie utilis\u00e9e, et autres ressources. Pour r\u00e9aliser un <strong>bilan carbone<\/strong>, il est n\u00e9cessaire de rassembler et d&#8217;\u00e9valuer toutes ces contributions afin de conna\u00eetre l&#8217;impact total sur l&#8217;environnement. Cela n\u00e9cessite une attention particuli\u00e8re aux d\u00e9tails et une bonne organisation.<\/p>\n\n\n<h2 class=\"wp-block-heading\">M\u00e9thodes de calcul<\/h2>\n\n\n<p>Pour quantifier l&#8217;impact environnemental de votre \u00e9v\u00e9nement, diff\u00e9rentes m\u00e9thodes sont disponibles. L&#8217;une des plus utilis\u00e9es est l&#8217;<strong>analyse du cycle de vie (ACV)<\/strong>. Cette approche vous permettra d&#8217;examiner chaque \u00e9tape, des ressources mat\u00e9rielles jusqu&#8217;\u00e0 la fin de vie des \u00e9l\u00e9ments recycl\u00e9s. Utiliser des <strong>outil de compensation carbone<\/strong> peut \u00e9galement apporter un \u00e9clairage sur les \u00e9missions g\u00e9n\u00e9r\u00e9es et comment les r\u00e9duire ou les compenser.<\/p>\n\n\n<h2 class=\"wp-block-heading\">Identifier les bonnes pratiques<\/h2>\n\n\n<p>Un bilan n&#8217;est pas seulement un chiffre ; c&#8217;est \u00e9galement une opportunit\u00e9 d&#8217;identification des <strong>bonnes pratiques<\/strong>. En examinant les diff\u00e9rents aspects organisationnels, vous \u00eates en mesure de d\u00e9couvrir des pistes d&#8217;am\u00e9lioration. Que ce soit en repensant les modalit\u00e9s de transport ou en choisissant des produits locaux et durables, chaque d\u00e9tail compte. Am\u00e9liorer ces pratiques permet d\u2019inscrire votre \u00e9v\u00e9nement dans une d\u00e9marche d&#8217;<strong>am\u00e9lioration continue<\/strong>.<\/p>\n\n\n<h2 class=\"wp-block-heading\">Outils et labels \u00e9coresponsables<\/h2>\n\n\n<p>De nombreux <strong>outils<\/strong> et <strong>labels<\/strong> existent pour soutenir les organisateurs dans la mise en place d\u2019\u00e9v\u00e9nements respectueux de l\u2019environnement. Des calculateurs en ligne, tels que ceux offerts par GoodPlanet ou Climeet, permettent d\u2019examiner les diff\u00e9rentes sources d\u2019\u00e9missions et d\u2019\u00e9tablir un rapport pr\u00e9cis. En optant pour un label \u00e9coresponsable, vous renforcez \u00e9galement la cr\u00e9dibilit\u00e9 de votre \u00e9v\u00e9nement.<\/p>\n\n\n<h2 class=\"wp-block-heading\">Mesure et communication des r\u00e9sultats<\/h2>\n\n\n<p>Une fois l&#8217;impact mesur\u00e9, il est essentiel de communiquer ces r\u00e9sultats. Partager votre bilan carbone et vos d\u00e9cisions \u00e9coresponsables cr\u00e9e une transparence qui peut renforcer la confiance aupr\u00e8s des participants et des partenaires. En affichant votre d\u00e9marche, vous encouragez d\u2019autres \u00e0 envisager des solutions similaires.<\/p>\n\n\n<p>Pour approfondir votre d\u00e9marche \u00e9coresponsable, vous pouvez consulter des ressources utiles, comme les <a href=\"https:\/\/swisstinychalet.ch\/neuch\/impact-environnemental-des-evenements-chiffres-cles\">chiffres cl\u00e9s sur l&#8217;impact environnemental des \u00e9v\u00e9nements<\/a> ou des id\u00e9es autour du <a href=\"https:\/\/swisstinychalet.ch\/neuch\/idees-de-cadeaux-ecoresponsables-notre-selection-des-20-incontournables-pour-2024\">cadeau \u00e9coresponsable<\/a>. Chaque \u00e9v\u00e9nement est une occasion d&#8217;apprendre et d&#8217;\u00e9voluer vers une plan\u00e8te plus durable.<\/p>\n\n\n\n<h2 class=\"wp-block-heading\">\u00c9valuer l&#8217;empreinte carbone d&#8217;un \u00e9v\u00e9nement : un guide pratique<\/h2>\n\n\n<figure class=\"wp-block-table\">\n<table>\n<tbody>\n<tr>\n<td>\ud83c\udf31<\/td>\n<td><strong>Bilan carbone<\/strong> : Additionner les <strong>\u00e9missions de gaz \u00e0 effet de serre<\/strong> li\u00e9es \u00e0 l&#8217;<strong>\u00e9nergie<\/strong>, aux <strong>d\u00e9placements<\/strong>, etc.<\/td>\n<\/tr>\n<tr>\n<td>\ud83d\udcca<\/td>\n<td><strong>\u00c9valuation d&#8217;un \u00e9v\u00e9nement responsable<\/strong> : Identifier les <strong>bonnes pratiques<\/strong> et les \n        <strong>axes de progr\u00e8s<\/strong>.<\/td>\n<\/tr>\n<tr>\n<td>\ud83d\udd0d<\/td>\n<td><strong>Analyse du cycle de vie<\/strong> (ACV) : Quantifier les <strong>\u00e9missions de gaz \u00e0 effet de serre<\/strong>, la <strong>consommation d&#8217;eau<\/strong>, etc.<\/td>\n<\/tr>\n<tr>\n<td>\ud83d\uddfa\ufe0f<\/td>\n<td><strong>Impact carbone<\/strong> : Varie selon le <strong>type<\/strong> d&#8217;\u00e9v\u00e9nement, son <strong>envergure<\/strong>, et les <strong>activit\u00e9s<\/strong>.<\/td>\n<\/tr>\n<tr>\n<td>\u267b\ufe0f<\/td>\n<td><strong>\u00c9v\u00e9nements \u00e9coresponsables<\/strong> : Enjeux pour l&#8217;avenir et utilisation de <strong>bilan carbone<\/strong> \u00e0 des fins d&#8217;identification.<\/td>\n<\/tr>\n<tr>\n<td>\u2708\ufe0f<\/td>\n<td><strong>Transports<\/strong>, <strong>d\u00e9co<\/strong>, <strong>restauration<\/strong> : Astuces pour concevoir un \u00e9v\u00e9nement <strong>\u00e9co-responsable<\/strong>.<\/td>\n<\/tr>\n<tr>\n<td>\ud83d\udccb<\/td>\n<td><strong>Checklist<\/strong> : Pour un \u00e9v\u00e9nement \u00e9coresponsable r\u00e9ussi, prendre en compte les <strong>initiatives<\/strong> et les <strong>ressources durables<\/strong>.<\/td>\n<\/tr>\n<\/tbody>\n<\/table>\n<\/figure>\n","protected":false},"excerpt":{"rendered":"","protected":false},"author":10,"featured_media":0,"comment_status":"open","ping_status":"close","sticky":false,"template":"","format":"standard","meta":{"_seopress_robots_primary_cat":"","_seopress_titles_title":"","_seopress_titles_desc":"","_seopress_robots_index":"","footnotes":""},"categories":[1545],"tags":[],"class_list":["post-6244","post","type-post","status-publish","format-standard","hentry","category-neuchcup-fr","generate-columns","tablet-grid-50","mobile-grid-100","grid-parent","grid-33"],"_links":{"self":[{"href":"https:\/\/swisstinychalet.ch\/neuch\/wp-json\/wp\/v2\/posts\/6244","targetHints":{"allow":["GET"]}}],"collection":[{"href":"https:\/\/swisstinychalet.ch\/neuch\/wp-json\/wp\/v2\/posts"}],"about":[{"href":"https:\/\/swisstinychalet.ch\/neuch\/wp-json\/wp\/v2\/types\/post"}],"author":[{"embeddable":true,"href":"https:\/\/swisstinychalet.ch\/neuch\/wp-json\/wp\/v2\/users\/10"}],"replies":[{"embeddable":true,"href":"https:\/\/swisstinychalet.ch\/neuch\/wp-json\/wp\/v2\/comments?post=6244"}],"version-history":[{"count":0,"href":"https:\/\/swisstinychalet.ch\/neuch\/wp-json\/wp\/v2\/posts\/6244\/revisions"}],"wp:attachment":[{"href":"https:\/\/swisstinychalet.ch\/neuch\/wp-json\/wp\/v2\/media?parent=6244"}],"wp:term":[{"taxonomy":"category","embeddable":true,"href":"https:\/\/swisstinychalet.ch\/neuch\/wp-json\/wp\/v2\/categories?post=6244"},{"taxonomy":"post_tag","embeddable":true,"href":"https:\/\/swisstinychalet.ch\/neuch\/wp-json\/wp\/v2\/tags?post=6244"}],"curies":[{"name":"wp","href":"https:\/\/api.w.org\/{rel}","templated":true}]}}