{"id":6251,"date":"2024-12-17T16:53:00","date_gmt":"2024-12-17T11:23:00","guid":{"rendered":"https:\/\/swisstinychalet.ch\/neuch\/podcast-episode-4-de-notre-serie-zero-dechet-creation-de-cosmetiques-faits-maison"},"modified":"2024-12-17T16:53:00","modified_gmt":"2024-12-17T11:23:00","slug":"podcast-episode-4-de-notre-serie-zero-dechet-creation-de-cosmetiques-faits-maison","status":"publish","type":"post","link":"https:\/\/swisstinychalet.ch\/neuch\/podcast-episode-4-de-notre-serie-zero-dechet-creation-de-cosmetiques-faits-maison","title":{"rendered":"Podcast] Episode 4 de notre s\u00e9rie Z\u00e9ro D\u00e9chet : Cr\u00e9ation de cosm\u00e9tiques faits maison"},"content":{"rendered":"\n\n<p>Dans le <strong>quatri\u00e8me \u00e9pisode<\/strong> de notre s\u00e9rie consacr\u00e9e au <strong>Z\u00e9ro D\u00e9chet<\/strong>, nous explorons l&#8217;univers des <strong>cosm\u00e9tiques faits maison<\/strong>. Ce podcast pr\u00e9sente des <strong>conseils<\/strong> et des <strong>astuces<\/strong> pour ceux qui souhaitent fabriquer leurs propres produits cosm\u00e9tiques, permettant ainsi de <strong>r\u00e9duire les d\u00e9chets<\/strong> et d&#8217;\u00e9viter les <strong>emballages superflus<\/strong>. Les auditeurs d\u00e9couvriront les <strong>recettes<\/strong> et les <strong>motivations<\/strong> qui sous-tendent cette pratique durable et \u00e9coresponsable.<\/p>\n\n\n<figure class=\"wp-block-embed is-type-video is-provider-youtube wp-block-embed-youtube wp-embed-aspect-16-9 wp-has-aspect-ratio\">\n<div class=\"wp-block-embed__wrapper\">\n<iframe title=\"D\u00e9fi Z\u00e9ro d\u00e9chet 1: C&#039;est quoi, comment \u00e7a marche? | YOUTUBEURS &amp; DOCUMENTAIRES NETFLIX FAVORITES\" width=\"1200\" height=\"675\" src=\"https:\/\/www.youtube-nocookie.com\/embed\/G5vDUo4hdWU?feature=oembed\" frameborder=\"0\" allow=\"accelerometer; autoplay; clipboard-write; encrypted-media; gyroscope; picture-in-picture; web-share\" referrerpolicy=\"strict-origin-when-cross-origin\" allowfullscreen><\/iframe>\n<\/div>\n<\/figure>\n\n\n\n<h2 class=\"wp-block-heading\">Podcast \u00e9pisode 4 de notre s\u00e9rie z\u00e9ro d\u00e9chet : cr\u00e9ation de cosm\u00e9tiques faits maison<\/h2>\n\n\n<p>Le <strong>d\u00e9veloppement durable<\/strong> attire de plus en plus d&#8217;adeptes, et la cr\u00e9ation de <strong>cosm\u00e9tiques maison<\/strong> s&#8217;inscrit pleinement dans cette d\u00e9marche. Avec le quatri\u00e8me \u00e9pisode de notre podcast, nous abordons les avantages de fabriquer soi-m\u00eame ses produits de beaut\u00e9. Pourquoi opter pour cette pratique ? Quels sont les bienfaits tant pour soi que pour la plan\u00e8te ?<\/p>\n\n\n<h2 class=\"wp-block-heading\">Les bienfaits des cosm\u00e9tiques faits maison<\/h2>\n\n\n<p>Fabriquer vos propres cosm\u00e9tiques permet de <strong>contr\u00f4ler les ingr\u00e9dients<\/strong> que vous utilisez. En \u00e9vitant les produits chimiques souvent pr\u00e9sents dans les marques commerciales, vous pouvez concocter des recettes plus naturelles et respectueuses de votre peau. De plus, cette option limite les <strong>emballages superflus<\/strong>, contribuant ainsi \u00e0 diminuer votre empreinte \u00e9cologique.<\/p>\n\n\n<h2 class=\"wp-block-heading\">Recettes et astuces partag\u00e9es<\/h2>\n\n\n<p>Dans cet \u00e9pisode, des experts partagent leurs recettes favorites ainsi que des astuces simples pour d\u00e9buter dans la cr\u00e9ation de cosm\u00e9tiques maison. Par exemple, apprendre \u00e0 r\u00e9aliser une <strong>cr\u00e8me hydratante<\/strong> avec des ingr\u00e9dients de cuisine peut sembler accessible et engageant. \u00c9viter l\u2019achat de produits en grandes surfaces r\u00e9duit non seulement les <strong>d\u00e9chets<\/strong> mais offre aussi la possibilit\u00e9 d\u2019innover selon vos pr\u00e9f\u00e9rences personnelles.<\/p>\n\n\n<h2 class=\"wp-block-heading\">Engagement communautaire<\/h2>\n\n\n<p>Participer \u00e0 cette initiative est \u00e0 la port\u00e9e de tous. L\u2019<strong>exposition photo<\/strong> &#8220;Prendre la vie c\u00f4t\u00e9 Z\u00e9ro d\u00e9chet&#8221; \u00e0 <strong>Roubaix<\/strong> c\u00e9l\u00e8bre les acteurs locaux engag\u00e9s. Rejoindre d&#8217;autres passionn\u00e9s au sein du d\u00e9fi <strong>Familles Z\u00e9ro D\u00e9chet<\/strong> offre \u00e9galement une belle occasion d&#8217;\u00e9changer sur les exp\u00e9riences et de se motiver mutuellement. En effet, plus de 800 foyers de <strong>Roubaix<\/strong> se sont d\u00e9j\u00e0 lanc\u00e9s dans cette aventure \u00e9cologique.<\/p>\n\n\n<h2 class=\"wp-block-heading\">Pr\u00eat \u00e0 vous lancer ?<\/h2>\n\n\n<p>Le passage au z\u00e9ro d\u00e9chet est un processus personnel, mais il peut \u00eatre enrichissant \u00e0 partager. Que vous soyez novice ou d\u00e9j\u00e0 engag\u00e9, les conseils que vous trouverez ici enrichiront votre quotidien. Pour ceux qui souhaitent approfondir ce sujet, vous pouvez explorer des ressources suppl\u00e9mentaires sur <a href=\"https:\/\/swisstinychalet.ch\/neuch\/astuce-des-recettes-de-cosmetiques-maison-et-zero-dechet\">ici<\/a> ou sur le site consacr\u00e9 aux <a href=\"https:\/\/swisstinychalet.ch\/neuch\/comprendre-le-zero-dechet-principes-et-pratiques\">principes et pratiques du z\u00e9ro d\u00e9chet<\/a>.<\/p>\n\n\n<h2 class=\"wp-block-heading\">C\u00e9l\u00e9bration et partage<\/h2>\n\n\n<p>Nous sommes impatients de partager le prochain \u00e9pisode, qui mettra en lumi\u00e8re les initiatives de l\u2019<strong>\u00c9cole Ronsard<\/strong> dans le cadre de son engagement envers le programme Z\u00e9ro D\u00e9chet. L\u2019aventure continue, et chaque petite action compte dans la qu\u00eate d\u2019une <strong>soci\u00e9t\u00e9 plus durable<\/strong>.<\/p>\n\n\n\n<h2 class=\"wp-block-heading\">\ud83c\udf0d Exposition Photo : Z\u00e9ro D\u00e9chet \u00e0 Roubaix<\/h2>\n\n\n<figure class=\"wp-block-table\">\n<table>\n<tbody>\n<tr>\n<td>\ud83d\udcc5 Date :<\/td>\n<td>4 ao\u00fbt 2024<\/td>\n<\/tr>\n<tr>\n<td>\ud83d\udcf8 \u00c9v\u00e9nement :<\/td>\n<td>Exposition photo &#8220;Prenons la vie c\u00f4t\u00e9 Z\u00e9ro d\u00e9chet&#8221;<\/td>\n<\/tr>\n<tr>\n<td>\ud83c\udf8a Objectif :<\/td>\n<td>C\u00e9l\u00e9bration des 10 ans de la politique Z\u00e9ro d\u00e9chet<\/td>\n<\/tr>\n<tr>\n<td>\ud83c\udfa7 Podcast :<\/td>\n<td>\u00c9pisode 4 sur les <strong>cosm\u00e9tiques faits maison<\/strong><\/td>\n<\/tr>\n<tr>\n<td>\ud83d\udca1 Th\u00e8me du Podcast :<\/td>\n<td>Conseils pour fabriquer des cosm\u00e9tiques durables et \u00e9viter les emballages<\/td>\n<\/tr>\n<tr>\n<td>\ud83d\udc69\u200d\ud83c\udfa4 Photographe :<\/td>\n<td><em>Delphine Chenu<\/em>, passionn\u00e9e de portrait<\/td>\n<\/tr>\n<tr>\n<td>\ud83d\udc68\u200d\ud83d\udc69\u200d\ud83d\udc67\u200d\ud83d\udc66 Participation :<\/td>\n<td>Inscription au D\u00e9fi Familles Z\u00e9ro D\u00e9chet<\/td>\n<\/tr>\n<tr>\n<td>\ud83c\udfc5 Foyers participatifs :<\/td>\n<td>800 foyers roubaisiens impliqu\u00e9s<\/td>\n<\/tr>\n<tr>\n<td>\ud83d\udcda Prochain \u00e9pisode :<\/td>\n<td>Initiatives de l\u2019\u00c9cole Ronsard sur le programme Z\u00e9ro D\u00e9chet<\/td>\n<\/tr>\n<\/tbody>\n<\/table>\n<\/figure>\n","protected":false},"excerpt":{"rendered":"","protected":false},"author":8,"featured_media":0,"comment_status":"open","ping_status":"close","sticky":false,"template":"","format":"standard","meta":{"_seopress_robots_primary_cat":"","_seopress_titles_title":"","_seopress_titles_desc":"","_seopress_robots_index":"","footnotes":""},"categories":[1545],"tags":[],"class_list":["post-6251","post","type-post","status-publish","format-standard","hentry","category-neuchcup-fr","generate-columns","tablet-grid-50","mobile-grid-100","grid-parent","grid-33"],"_links":{"self":[{"href":"https:\/\/swisstinychalet.ch\/neuch\/wp-json\/wp\/v2\/posts\/6251","targetHints":{"allow":["GET"]}}],"collection":[{"href":"https:\/\/swisstinychalet.ch\/neuch\/wp-json\/wp\/v2\/posts"}],"about":[{"href":"https:\/\/swisstinychalet.ch\/neuch\/wp-json\/wp\/v2\/types\/post"}],"author":[{"embeddable":true,"href":"https:\/\/swisstinychalet.ch\/neuch\/wp-json\/wp\/v2\/users\/8"}],"replies":[{"embeddable":true,"href":"https:\/\/swisstinychalet.ch\/neuch\/wp-json\/wp\/v2\/comments?post=6251"}],"version-history":[{"count":0,"href":"https:\/\/swisstinychalet.ch\/neuch\/wp-json\/wp\/v2\/posts\/6251\/revisions"}],"wp:attachment":[{"href":"https:\/\/swisstinychalet.ch\/neuch\/wp-json\/wp\/v2\/media?parent=6251"}],"wp:term":[{"taxonomy":"category","embeddable":true,"href":"https:\/\/swisstinychalet.ch\/neuch\/wp-json\/wp\/v2\/categories?post=6251"},{"taxonomy":"post_tag","embeddable":true,"href":"https:\/\/swisstinychalet.ch\/neuch\/wp-json\/wp\/v2\/tags?post=6251"}],"curies":[{"name":"wp","href":"https:\/\/api.w.org\/{rel}","templated":true}]}}