{"id":6269,"date":"2024-12-19T13:06:38","date_gmt":"2024-12-19T07:36:38","guid":{"rendered":"https:\/\/swisstinychalet.ch\/neuch\/le-role-des-entreprises-dans-la-reduction-des-dechets-2"},"modified":"2024-12-19T13:06:38","modified_gmt":"2024-12-19T07:36:38","slug":"le-role-des-entreprises-dans-la-reduction-des-dechets-2","status":"publish","type":"post","link":"https:\/\/swisstinychalet.ch\/neuch\/le-role-des-entreprises-dans-la-reduction-des-dechets-2","title":{"rendered":"Le r\u00f4le des entreprises dans la r\u00e9duction des d\u00e9chets"},"content":{"rendered":"\n\n<p>Les entreprises jouent un r\u00f4le crucial dans la <strong>r\u00e9duction des d\u00e9chets<\/strong> en mettant en \u0153uvre des pratiques durables qui minimisent leur <strong>empreinte environnementale<\/strong>. En optant pour la <strong>r\u00e9duction \u00e0 la source<\/strong>, ces organisations peuvent diminuer la quantit\u00e9 de d\u00e9chets qu&#8217;elles g\u00e9n\u00e8rent. Des strat\u00e9gies telles que le <strong>tri s\u00e9lectif<\/strong>, le recyclage et le compostage, associ\u00e9es \u00e0 une formation et une sensibilisation des employ\u00e9s, sont essentielles pour \u00e9tablir un circuit de gestion des d\u00e9chets efficace. De plus, les entreprises peuvent b\u00e9n\u00e9ficier de <strong>r\u00e9ductions de co\u00fbts<\/strong> sur l&#8217;\u00e9limination et le stockage des d\u00e9chets, tout en renfor\u00e7ant leur r\u00e9putation et en f\u00e9d\u00e9rant leurs \u00e9quipes autour d&#8217;un objectif commun de <strong>soutenabilit\u00e9<\/strong>.<\/p>\n\n\n<figure class=\"wp-block-embed is-type-video is-provider-youtube wp-block-embed-youtube wp-embed-aspect-16-9 wp-has-aspect-ratio\">\n<div class=\"wp-block-embed__wrapper\">\n<iframe title=\"Le r\u00f4le des entreprises dans la gestion des d\u00e9chets d&#039;emballages\" width=\"1200\" height=\"675\" src=\"https:\/\/www.youtube-nocookie.com\/embed\/IM-12yViOe8?feature=oembed\" frameborder=\"0\" allow=\"accelerometer; autoplay; clipboard-write; encrypted-media; gyroscope; picture-in-picture; web-share\" referrerpolicy=\"strict-origin-when-cross-origin\" allowfullscreen><\/iframe>\n<\/div>\n<\/figure>\n\n\n\n<p>Face \u00e0 l&#8217;urgence \u00e9cologique, les entreprises prennent de plus en plus conscience de leur impact sur l&#8217;environnement. La gestion des <strong>d\u00e9buts de d\u00e9chets<\/strong> \u00e9merge comme une responsable importante pour la p\u00e9rennit\u00e9 des activit\u00e9s \u00e9conomiques, mais \u00e9galement pour la protection de notre plan\u00e8te. Quelles sont les strat\u00e9gies que peuvent adopter les entreprises pour r\u00e9duire efficacement cette production de d\u00e9chets ?<\/p>\n\n\n<h2 class=\"wp-block-heading\">Les enjeux de la gestion des d\u00e9chets en entreprise<\/h2>\n\n\n<p>Une gestion efficiente des d\u00e9chets est primordiale pour toute entreprise souhaitant am\u00e9liorer son image de marque et d\u00e9velopper des pratiques <strong>\u00e9coresponsables<\/strong>. Plusieurs enjeux se dessinent, tels que la <strong>r\u00e9duction des co\u00fbts<\/strong> li\u00e9s \u00e0 l&#8217;\u00e9limination, au transport et au stockage des d\u00e9chets. En optimisant leur processus, les entreprises non seulement contribuent \u00e0 la durabilit\u00e9, mais elles r\u00e9alisent \u00e9galement des \u00e9conomies qui peuvent \u00eatre r\u00e9investies dans des initiatives vertes.<\/p>\n\n\n<h2 class=\"wp-block-heading\">R\u00e9duire \u00e0 la source pour moins polluer<\/h2>\n\n\n<p>La <strong>r\u00e9duction \u00e0 la source<\/strong> repr\u00e9sente la cl\u00e9 d&#8217;une gestion proactive des d\u00e9chets. En diminuant la quantit\u00e9 de d\u00e9chets g\u00e9n\u00e9r\u00e9e, les entreprises peuvent all\u00e9ger leur empreinte carbone. Cela peut passer par des choix simples comme l&#8217;achat de fournitures en vrac ou la s\u00e9lection de mat\u00e9riaux durables pour leurs produits. En int\u00e9grant cette d\u00e9marche au c\u0153ur de leur strat\u00e9gie, les entreprises se positionnent comme des leaders dans le domaine de l&#8217;environnement.<\/p>\n\n\n<h2 class=\"wp-block-heading\">Mettre en place le tri et le recyclage<\/h2>\n\n\n<p>Pour aller plus loin dans leur d\u00e9marche, les organisations doivent instaurer un syst\u00e8me de <strong>tri s\u00e9lectif<\/strong>. Cette action facilite la valorisation des mati\u00e8res premi\u00e8res et favorise le recyclage. Les employ\u00e9s jouent un r\u00f4le essentiel dans ce processus, et leur sensibilisation est primordiale. Des formations et des outils p\u00e9dagogiques peuvent \u00eatre mis en place pour leur donner les cl\u00e9s d&#8217;une gestion des d\u00e9chets optimale.<\/p>\n\n\n<h2 class=\"wp-block-heading\">Les avantages du compostage<\/h2>\n\n\n<p>Adopter le <strong>compostage<\/strong> des d\u00e9chets organiques en entreprise constitue un excellent moyen de g\u00e9rer une part significative des d\u00e9chets produits. En offrant des formations sur cette pratique, les structures renforcent leur engagement envers l&#8217;\u00e9cologie tout en am\u00e9liorant leur r\u00e9putation. De plus, les d\u00e9chets compost\u00e9s peuvent servir \u00e0 nourrir les espaces verts de la soci\u00e9t\u00e9, cr\u00e9ant ainsi un cercle vertueux. Cette initiative peut b\u00e9n\u00e9ficier \u00e0 l&#8217;ensemble des salari\u00e9s et \u00e0 l&#8217;environnement.<\/p>\n\n\n<h2 class=\"wp-block-heading\">Vers un objectif z\u00e9ro d\u00e9chet<\/h2>\n\n\n<p>Un mouvement ambitieux s&#8217;installe dans le milieu entrepreneurial avec l\u2019objectif d&#8217;atteindre le <strong>z\u00e9ro d\u00e9chet<\/strong>. Pour y parvenir, les entreprises doivent suivre certaines \u00e9tapes, telles que l&#8217;\u00e9valuation de leur production de d\u00e9chets et l&#8217;\u00e9tablissement d&#8217;une politique de gestion adapt\u00e9e. Cet engagement fonctionne comme un processus collectif, renfor\u00e7ant la coh\u00e9sion des \u00e9quipes autour d&#8217;un but commun, et favorise l&#8217;innovation en mati\u00e8re de durabilit\u00e9.<\/p>\n\n\n<h2 class=\"wp-block-heading\">Conclusion \u00e0 envisager<\/h2>\n\n\n<p>Les entreprises ont un r\u00f4le fondamental \u00e0 jouer dans la r\u00e9duction des d\u00e9chets, mais leur implication ne doit pas \u00eatre vue uniquement comme une obligation r\u00e9glementaire. L\u2019adoption de solutions efficaces contribue v\u00e9ritablement \u00e0 la cr\u00e9ation d\u2019un environnement plus sain et \u00e0 l\u2019essor d\u2019une \u00e9conomie circulaire. Chaque pas en avant, aussi petit soit-il, peut mener \u00e0 des r\u00e9sultats significatifs et \u00e0 un avenir respectueux de notre plan\u00e8te.<\/p>\n\n\n\n<h2 class=\"wp-block-heading\">Gestion durable des d\u00e9chets en entreprise \u267b\ufe0f<\/h2>\n\n\n<figure class=\"wp-block-table\">\n<table>\n<tbody>\n<tr>\n<td>\ud83c\udf0d<\/td>\n<td><strong>R\u00e9duction \u00e0 la source<\/strong> : Diminuer la production de d\u00e9chets d\u00e8s leur origine pour r\u00e9duire l&#8217;empreinte environnementale.<\/td>\n<\/tr>\n<tr>\n<td>\ud83d\udcb0<\/td>\n<td><strong>R\u00e9duction des co\u00fbts<\/strong> : Une gestion optimis\u00e9e des d\u00e9chets peut diminuer les frais li\u00e9s \u00e0 l&#8217;\u00e9limination, le transport et le stockage.<\/td>\n<\/tr>\n<tr>\n<td>\ud83d\udcca<\/td>\n<td><strong>\u00c9valuation et diagnostic<\/strong> : Auditer les d\u00e9chets pour comprendre leur nature et mettre en place une politique efficace.<\/td>\n<\/tr>\n<tr>\n<td>\ud83d\udc65<\/td>\n<td><strong>Sensibilisation des employ\u00e9s<\/strong> : Eduquer les \u00e9quipes sur l&#8217;importance du tri et des bonnes pratiques.<\/td>\n<\/tr>\n<tr>\n<td>\ud83d\uddd1\ufe0f<\/td>\n<td><strong>Triage des d\u00e9chets<\/strong> : Classer les d\u00e9chets en cat\u00e9gories (papier, verre, plastique) pour faciliter leur gestion.<\/td>\n<\/tr>\n<tr>\n<td>\ud83c\udf31<\/td>\n<td><strong>Compostage<\/strong> : Transformer les d\u00e9chets organiques en compost pour r\u00e9duire leur volume et enrichir le sol.<\/td>\n<\/tr>\n<tr>\n<td>\ud83d\udd04<\/td>\n<td><strong>Recyclage<\/strong> : Encourager le recyclage pour donner une seconde vie aux d\u00e9chets et r\u00e9duire la consommation de ressources.<\/td>\n<\/tr>\n<tr>\n<td>\u2702\ufe0f<\/td>\n<td><strong>R\u00e9utilisation<\/strong> : Favoriser le r\u00e9emploi des mat\u00e9riaux avant de penser \u00e0 l&#8217;\u00e9limination.<\/td>\n<\/tr>\n<tr>\n<td>\ud83d\udce6<\/td>\n<td><strong>Privil\u00e9gier le r\u00e9utilisable<\/strong> : Remplacer les produits jetables par des alternatives durables.<\/td>\n<\/tr>\n<tr>\n<td>\ud83d\udcdd<\/td>\n<td><strong>Formation continue<\/strong> : Assurer une mise \u00e0 jour r\u00e9guli\u00e8re des bonnes pratiques pour maintenir l&#8217;engagement des \u00e9quipes.<\/td>\n<\/tr>\n<\/tbody>\n<\/table>\n<\/figure>\n","protected":false},"excerpt":{"rendered":"","protected":false},"author":8,"featured_media":0,"comment_status":"open","ping_status":"close","sticky":false,"template":"","format":"standard","meta":{"_seopress_robots_primary_cat":"","_seopress_titles_title":"","_seopress_titles_desc":"","_seopress_robots_index":"","footnotes":""},"categories":[1545],"tags":[],"class_list":["post-6269","post","type-post","status-publish","format-standard","hentry","category-neuchcup-fr","generate-columns","tablet-grid-50","mobile-grid-100","grid-parent","grid-33"],"_links":{"self":[{"href":"https:\/\/swisstinychalet.ch\/neuch\/wp-json\/wp\/v2\/posts\/6269","targetHints":{"allow":["GET"]}}],"collection":[{"href":"https:\/\/swisstinychalet.ch\/neuch\/wp-json\/wp\/v2\/posts"}],"about":[{"href":"https:\/\/swisstinychalet.ch\/neuch\/wp-json\/wp\/v2\/types\/post"}],"author":[{"embeddable":true,"href":"https:\/\/swisstinychalet.ch\/neuch\/wp-json\/wp\/v2\/users\/8"}],"replies":[{"embeddable":true,"href":"https:\/\/swisstinychalet.ch\/neuch\/wp-json\/wp\/v2\/comments?post=6269"}],"version-history":[{"count":0,"href":"https:\/\/swisstinychalet.ch\/neuch\/wp-json\/wp\/v2\/posts\/6269\/revisions"}],"wp:attachment":[{"href":"https:\/\/swisstinychalet.ch\/neuch\/wp-json\/wp\/v2\/media?parent=6269"}],"wp:term":[{"taxonomy":"category","embeddable":true,"href":"https:\/\/swisstinychalet.ch\/neuch\/wp-json\/wp\/v2\/categories?post=6269"},{"taxonomy":"post_tag","embeddable":true,"href":"https:\/\/swisstinychalet.ch\/neuch\/wp-json\/wp\/v2\/tags?post=6269"}],"curies":[{"name":"wp","href":"https:\/\/api.w.org\/{rel}","templated":true}]}}