{"id":6281,"date":"2024-12-20T12:11:10","date_gmt":"2024-12-20T06:41:10","guid":{"rendered":"https:\/\/swisstinychalet.ch\/neuch\/initiatives-locales-pour-promouvoir-le-zero-dechet"},"modified":"2024-12-20T12:11:10","modified_gmt":"2024-12-20T06:41:10","slug":"initiatives-locales-pour-promouvoir-le-zero-dechet","status":"publish","type":"post","link":"https:\/\/swisstinychalet.ch\/neuch\/initiatives-locales-pour-promouvoir-le-zero-dechet","title":{"rendered":"Initiatives locales pour promouvoir le z\u00e9ro d\u00e9chet"},"content":{"rendered":"\n\n<p>De nombreuses <strong>initiatives locales<\/strong> \u00e9mergent pour encourager la d\u00e9marche <strong>z\u00e9ro d\u00e9chet<\/strong> au sein des communaut\u00e9s. Ces projets mettent l&#8217;accent sur la <strong>r\u00e9duction des d\u00e9chets<\/strong>, la lutte contre l&#8217;<strong>usage unique<\/strong> et la promotion du <strong>r\u00e9emploi<\/strong>. Ainsi, des acteurs tels que des <strong>commer\u00e7ants<\/strong> et des associations collaborent pour d\u00e9velopper des r\u00e9seaux de soutien, proposer des solutions pour le traitement des <strong>biod\u00e9chets<\/strong> et sensibiliser le public \u00e0 un mode de vie plus durable. Des appels \u00e0 projets et des campagnes de sensibilisation, telles que les <strong>op\u00e9rations z\u00e9ro d\u00e9chet<\/strong>, facilitent l&#8217;engagement des citoyens et des \u00e9lus dans cette transition \u00e9cologique.<\/p>\n\n\n<figure class=\"wp-block-embed is-type-video is-provider-youtube wp-block-embed-youtube wp-embed-aspect-16-9 wp-has-aspect-ratio\">\n<div class=\"wp-block-embed__wrapper\">\n<iframe title=\"Initiatives Locales - Apiketa\" width=\"1200\" height=\"675\" src=\"https:\/\/www.youtube-nocookie.com\/embed\/ob8sC52i3d8?feature=oembed\" frameborder=\"0\" allow=\"accelerometer; autoplay; clipboard-write; encrypted-media; gyroscope; picture-in-picture; web-share\" referrerpolicy=\"strict-origin-when-cross-origin\" allowfullscreen><\/iframe>\n<\/div>\n<\/figure>\n\n\n\n<p>Le concept de <strong>z\u00e9ro d\u00e9chet<\/strong> r\u00e9sonne de plus en plus dans nos soci\u00e9t\u00e9s modernes. Les villes et les communaut\u00e9s s&#8217;engagent \u00e0 transformer leur rapport aux d\u00e9chets, \u00e0 travers des actions et des programmes r\u00e9fl\u00e9chis. C&#8217;est ici que naissent des id\u00e9es innovantes pour encourager les comportements responsables envers l&#8217;environnement.<\/p>\n\n\n<h2 class=\"wp-block-heading\">Engagement des \u00e9lus et des collectivit\u00e9s<\/h2>\n\n\n<p>Les d\u00e9cisions prises par les <strong>\u00e9lus<\/strong> peuvent avoir un impact significatif sur la promotion des alternatives durables. De nombreuses municipalit\u00e9s s&#8217;associent \u00e0 des associations comme <strong>Zero Waste France<\/strong> pour cr\u00e9er des <strong>commerces z\u00e9ro d\u00e9chet<\/strong> au sein de leur territoire. En mettant \u00e0 disposition des outils et des formations, ces collectivit\u00e9s favorisent l&#8217;\u00e9mergence d&#8217;une culture de la r\u00e9utilisation et du <strong>r\u00e9emploi<\/strong>.<\/p>\n\n\n<h2 class=\"wp-block-heading\">Des projets concrets \u00e0 l\u2019\u00e9chelle locale<\/h2>\n\n\n<p>Le soutien aux initiatives locales se traduit par des appels \u00e0 projets tels que l&#8217;<strong>Objectif Z\u00e9ro D\u00e9chet Z\u00e9ro Gaspillage<\/strong>, lanc\u00e9 par l&#8217;<strong>Eurom\u00e9tropole de Strasbourg<\/strong>. Ce cadre incite les associations et les structures coop\u00e9ratives \u00e0 se mobiliser pour r\u00e9duire les d\u00e9chets au sein de leur communaut\u00e9. Gr\u00e2ce \u00e0 ce type d\u2019initiatives, des solutions sont mises en place pour r\u00e9duire les emballages jetables et mieux g\u00e9rer les <strong>biod\u00e9chets<\/strong>.<\/p>\n\n\n<h2 class=\"wp-block-heading\">Ateliers et sensibilisation<\/h2>\n\n\n<p>Les ateliers de sensibilisation sont une m\u00e9thode efficace pour impliquer les citoyens. De nombreuses <strong>initiatives<\/strong> organisent des sessions de formation sur divers sujets, tels que le compostage et la cuisine z\u00e9ro d\u00e9chet. Ces \u00e9v\u00e9nements permettent aux participants de partager leurs exp\u00e9riences et d&#8217;apprendre des techniques pour r\u00e9duire leurs d\u00e9chets au quotidien. Par exemple, des plateformes en ligne offrent des espaces d\u2019\u00e9change pour accompagner les familles dans leur transition vers un mode de vie plus respectueux de l&#8217;environnement.<\/p>\n\n\n<h2 class=\"wp-block-heading\">Vers une \u00e9conomie circulaire<\/h2>\n\n\n<p>La vision du <strong>z\u00e9ro d\u00e9chet<\/strong> s&#8217;inscrit souvent dans un cadre plus large de <strong>l&#8217;\u00e9conomie circulaire<\/strong>. Ce mod\u00e8le \u00e9conomique repose sur le <strong>r\u00e9emploi<\/strong>, la <strong>r\u00e9utilisation<\/strong> et la r\u00e9paration, afin de favoriser un cycle de vie prolong\u00e9 pour les produits. Ainsi, des projets collaboratifs se concr\u00e9tisent, permettant aux individus et aux commer\u00e7ants d&#8217;impl\u00e9menter des solutions pratiques et durables.<\/p>\n\n\n<h2 class=\"wp-block-heading\">Ressources et inspirations pour un mode de vie z\u00e9ro d\u00e9chet<\/h2>\n\n\n<p>Les personnes d\u00e9sireuses d&#8217;adopter un style de vie plus \u00e9coresponsable peuvent s\u2019appuyer sur une vari\u00e9t\u00e9 de ressources. De nombreux guides et articles en ligne offrent des conseils pratiques. Par exemple, des recommandations pour <a href=\"https:\/\/swisstinychalet.ch\/neuch\/faire-ses-courses-en-mode-zero-dechet\"><strong>faire ses courses en mode z\u00e9ro d\u00e9chet<\/strong><\/a> ou encore des astuces pour <a href=\"https:\/\/swisstinychalet.ch\/neuch\/projets-diy-pour-un-jardin-zero-dechet\"><strong>cr\u00e9er un jardin z\u00e9ro d\u00e9chet<\/strong><\/a> sont largement partag\u00e9es. La mode \u00e9coresponsable est \u00e9galement de plus en plus valoris\u00e9e, offrant aux consommateurs la possibilit\u00e9 de <a href=\"https:\/\/swisstinychalet.ch\/neuch\/zero-dechet-et-vetements-choisir-la-mode-responsable\"><strong>choisir des v\u00eatements durables<\/strong><\/a>.<\/p>\n\n\n<p>En int\u00e9grant des pratiques \u00e9coresponsables au quotidien, chaque individu peut contribuer \u00e0 v\u00eatir un avenir plus durable. Qu&#8217;il s&#8217;agisse de r\u00e9duire ses d\u00e9chets en cuisine ou de participer \u00e0 des collectes, chaque geste compte dans cette belle aventure vers le <strong>z\u00e9ro d\u00e9chet<\/strong>.<\/p>\n\n\n\n<h2 class=\"wp-block-heading\">Engagement pour un avenir sans d\u00e9chets<\/h2>\n\n\n<figure class=\"wp-block-table\">\n<table>\n<tbody>\n<tr>\n<td>\ud83c\udf31<\/td>\n<td><strong>Engager vos \u00e9lu\u00b7es<\/strong> : Favoriser les alternatives <strong>z\u00e9ro d\u00e9chet<\/strong>, lutter contre l&#8217;usage unique, promouvoir le <strong>r\u00e9emploi<\/strong> et soutenir les initiatives locales.<\/td>\n<\/tr>\n<tr>\n<td>\ud83d\udecd\ufe0f<\/td>\n<td><strong>Commerces Z\u00e9ro D\u00e9chet<\/strong> : Outils cr\u00e9\u00e9s par Zero Waste France et groupes locaux pour \u00e9tendre le r\u00e9seau des commer\u00e7ants engag\u00e9s.<\/td>\n<\/tr>\n<tr>\n<td>\ud83c\udfdb\ufe0f<\/td>\n<td><strong>Promouvoir le z\u00e9ro d\u00e9chet<\/strong> : Agir sur le plastique, organiser le traitement des biod\u00e9chets, et encourager la tarification incitative.<\/td>\n<\/tr>\n<tr>\n<td>\ud83d\udcc8<\/td>\n<td><strong>Appel \u00e0 projets Objectif Z\u00e9ro D\u00e9chet<\/strong> : Soutien aux associations par l&#8217;Eurom\u00e9tropole de Strasbourg depuis 2018 pour des projets li\u00e9s au z\u00e9ro d\u00e9chet.<\/td>\n<\/tr>\n<tr>\n<td>\ud83c\udf0d<\/td>\n<td><strong>Zero Waste France<\/strong> : Association visant \u00e0 sensibiliser et informer le grand public sur la r\u00e9duction des d\u00e9chets.<\/td>\n<\/tr>\n<tr>\n<td>\ud83d\udcb5<\/td>\n<td><strong>Fonds Z\u00e9ro d\u00e9chet<\/strong> : En 2022, soutien de 26 projets par Est Ensemble dans l&#8217;\u00e9conomie sociale et solidaire.<\/td>\n<\/tr>\n<tr>\n<td>\ud83d\udd04<\/td>\n<td><strong>Z\u00e9ro d\u00e9chet et \u00e9conomie circulaire<\/strong> : Lutter contre le gaspillage, promouvoir le r\u00e9emploi et int\u00e9grer l&#8217;\u00e9conomie circulaire dans les modes de vie.<\/td>\n<\/tr>\n<tr>\n<td>\ud83c\udf43<\/td>\n<td><strong>Op\u00e9ration \u00ab Z\u00e9ro D\u00e9chet dans la Nature \u00bb<\/strong> : Kits fournis par la R\u00e9gion Grand Est pour collecter les d\u00e9chets en plein air.<\/td>\n<\/tr>\n<tr>\n<td>\u270f\ufe0f<\/td>\n<td><strong>Ateliers z\u00e9ro d\u00e9chet<\/strong> : \u00c9v\u00e9nements et \u00e9changes pour promouvoir un lifestyle durable.<\/td>\n<\/tr>\n<tr>\n<td>\ud83e\udd57<\/td>\n<td><strong>Cuisine z\u00e9ro d\u00e9chet<\/strong> : Id\u00e9es pour cuisiner sans gaspillage et utiliser les restes efficacement.<\/td>\n<\/tr>\n<\/tbody>\n<\/table>\n<\/figure>\n","protected":false},"excerpt":{"rendered":"","protected":false},"author":12,"featured_media":6282,"comment_status":"open","ping_status":"close","sticky":false,"template":"","format":"standard","meta":{"_seopress_robots_primary_cat":"","_seopress_titles_title":"","_seopress_titles_desc":"","_seopress_robots_index":"","footnotes":""},"categories":[1545],"tags":[],"class_list":["post-6281","post","type-post","status-publish","format-standard","has-post-thumbnail","hentry","category-neuchcup-fr","generate-columns","tablet-grid-50","mobile-grid-100","grid-parent","grid-33"],"_links":{"self":[{"href":"https:\/\/swisstinychalet.ch\/neuch\/wp-json\/wp\/v2\/posts\/6281","targetHints":{"allow":["GET"]}}],"collection":[{"href":"https:\/\/swisstinychalet.ch\/neuch\/wp-json\/wp\/v2\/posts"}],"about":[{"href":"https:\/\/swisstinychalet.ch\/neuch\/wp-json\/wp\/v2\/types\/post"}],"author":[{"embeddable":true,"href":"https:\/\/swisstinychalet.ch\/neuch\/wp-json\/wp\/v2\/users\/12"}],"replies":[{"embeddable":true,"href":"https:\/\/swisstinychalet.ch\/neuch\/wp-json\/wp\/v2\/comments?post=6281"}],"version-history":[{"count":0,"href":"https:\/\/swisstinychalet.ch\/neuch\/wp-json\/wp\/v2\/posts\/6281\/revisions"}],"wp:featuredmedia":[{"embeddable":true,"href":"https:\/\/swisstinychalet.ch\/neuch\/wp-json\/wp\/v2\/media\/6282"}],"wp:attachment":[{"href":"https:\/\/swisstinychalet.ch\/neuch\/wp-json\/wp\/v2\/media?parent=6281"}],"wp:term":[{"taxonomy":"category","embeddable":true,"href":"https:\/\/swisstinychalet.ch\/neuch\/wp-json\/wp\/v2\/categories?post=6281"},{"taxonomy":"post_tag","embeddable":true,"href":"https:\/\/swisstinychalet.ch\/neuch\/wp-json\/wp\/v2\/tags?post=6281"}],"curies":[{"name":"wp","href":"https:\/\/api.w.org\/{rel}","templated":true}]}}