{"id":6287,"date":"2024-12-20T12:29:22","date_gmt":"2024-12-20T06:59:22","guid":{"rendered":"https:\/\/swisstinychalet.ch\/neuch\/zero-dechet-comment-impliquer-toute-la-famille"},"modified":"2024-12-20T12:29:22","modified_gmt":"2024-12-20T06:59:22","slug":"zero-dechet-comment-impliquer-toute-la-famille","status":"publish","type":"post","link":"https:\/\/swisstinychalet.ch\/neuch\/zero-dechet-comment-impliquer-toute-la-famille","title":{"rendered":"Z\u00e9ro d\u00e9chet : comment impliquer toute la famille ?"},"content":{"rendered":"\n\n<p>Impliquer toute la famille dans une approche <strong>z\u00e9ro d\u00e9chet<\/strong> est essentiel pour r\u00e9ussir cette d\u00e9marche \u00e9cologique. Il est important de cr\u00e9er un <strong>plan d&#8217;action<\/strong> qui rassemble chaque membre autour d&#8217;objectifs communs. Commencez par \u00e9duquer les enfants d\u00e8s leur jeune \u00e2ge en leur enseignant des gestes simples et adapt\u00e9s \u00e0 leurs capacit\u00e9s. Encouragez des activit\u00e9s ludiques qui int\u00e8grent des pratiques responsables, comme des ateliers de recyclage ou de fabrication de produits faits maison. En impliquant chacun dans des projets concrets, vous renforcez l&#8217;engagement familial envers un mode de vie <strong>durable<\/strong> et diminuer les <strong>d\u00e9chets<\/strong> \u00e0 l&#8217;\u00e9chelle du foyer.<\/p>\n\n\n<figure class=\"wp-block-embed is-type-video is-provider-youtube wp-block-embed-youtube wp-embed-aspect-16-9 wp-has-aspect-ratio\">\n<div class=\"wp-block-embed__wrapper\">\n<iframe title=\"COBAS Famille  Presque ze\u0301ro de\u0301chet\" width=\"1200\" height=\"675\" src=\"https:\/\/www.youtube-nocookie.com\/embed\/sXhV3ySgTlA?feature=oembed\" frameborder=\"0\" allow=\"accelerometer; autoplay; clipboard-write; encrypted-media; gyroscope; picture-in-picture; web-share\" referrerpolicy=\"strict-origin-when-cross-origin\" allowfullscreen><\/iframe>\n<\/div>\n<\/figure>\n\n\n\n<p>Le d\u00e9chet est devenu un enjeu majeur de notre \u00e9poque et il est essentiel de repenser nos habitudes au sein du foyer. Passer au <strong>z\u00e9ro d\u00e9chet<\/strong> repr\u00e9sente non seulement une prise de conscience environnementale, mais \u00e9galement une opportunit\u00e9 de renforcer les liens familiaux \u00e0 travers des actions communes. Impliquer chaque membre de la famille est la cl\u00e9 pour adopter un mode de vie durable. Voici quelques pistes pour y parvenir !<\/p>\n\n\n<h2 class=\"wp-block-heading\">\u00c9tablir une dynamique collective<\/h2>\n\n\n<p>La premi\u00e8re \u00e9tape pour inciter toute la famille \u00e0 participer \u00e0 un mode de vie <strong>z\u00e9ro d\u00e9chet<\/strong> est de cr\u00e9er une dynamique collective. Discuter ensemble des enjeux \u00e9cologiques peut susciter l\u2019int\u00e9r\u00eat des enfants et des adultes. Pourquoi ne pas organiser des soir\u00e9es th\u00e9matiques autour de la durabilit\u00e9 ou partager des documentaires percutants sur le sujet ? Ces moments de partage peuvent \u00e9veiller des consciences.<\/p>\n\n\n<h2 class=\"wp-block-heading\">Impliquer les enfants dans les choix quotidiens<\/h2>\n\n\n<p>Les enfants sont souvent curieux et d\u00e9sireux de s&#8217;impliquer. Les impliquer dans les choix li\u00e9s \u00e0 la consommation est une excellente mani\u00e8re de les sensibiliser. Par exemple, lors des courses, discutez des alternatives <strong>r\u00e9utilisables<\/strong> plut\u00f4t que d\u2019opter pour des produits \u00e0 usage unique. Cela leur permettra de comprendre les cons\u00e9quences de leurs choix tout en d\u00e9veloppant des habitudes durables pr\u00e9coces.<\/p>\n\n\n<h2 class=\"wp-block-heading\">Des d\u00e9fis familiaux et des projets communs<\/h2>\n\n\n<p>Organiser des d\u00e9fis familiaux autour de la r\u00e9duction des d\u00e9chets est une mani\u00e8re ludique d&#8217;engager tous les membres du foyer. Par exemple, vous pourriez vous lancer dans un d\u00e9fi de <strong>collecte de d\u00e9chets<\/strong> o\u00f9 chacun se fixe un objectif \u00e0 atteindre chaque semaine. Cr\u00e9er un tableau de suivi visible peut \u00e9galement renforcer l\u2019engagement et stimuler la motivation de toute la famille.<\/p>\n\n\n<h2 class=\"wp-block-heading\">Apprendre en s&#8217;amusant<\/h2>\n\n\n<p>Pour convaincre les plus jeunes, allier apprentissage et amusement est une strat\u00e9gie gagnante. Proposez des activit\u00e9s ludiques qui sensibilisent \u00e0 l&#8217;\u00e9cologie, comme des ateliers de cr\u00e9ation avec des mat\u00e9riaux recycl\u00e9s. Par ailleurs, participer \u00e0 des \u00e9v\u00e9nements locaux d\u00e9di\u00e9s \u00e0 la durabilit\u00e9 comme le <a href=\"https:\/\/swisstinychalet.ch\/neuch\/festival-agir-a-lyon-un-forum-dedie-aux-amaps-sur-la-place-voltaire\">Festival Agir \u00e0 Lyon<\/a> peut \u00e9galement \u00eatre une belle occasion de rassembler la famille autour de projets \u00e9coresponsables.<\/p>\n\n\n<h2 class=\"wp-block-heading\">Des gestes quotidiens simples<\/h2>\n\n\n<p>Transformer des gestes simples en habitudes peut grandement contribuer \u00e0 l\u2019objectif <strong>z\u00e9ro d\u00e9chet<\/strong>. Par exemple, remplacer les <strong>couches jetables<\/strong> par des mod\u00e8les lavables ou recueillir des restes alimentaires pour cr\u00e9er un compost sont des actions que toute la famille peut adopter facilement. L&#8217;important est d&#8217;agir ensemble et de c\u00e9l\u00e9brer chaque d\u00e9marche, m\u00eame la plus petite.<\/p>\n\n\n<h2 class=\"wp-block-heading\">Un suivi des progr\u00e8s<\/h2>\n\n\n<p>Mesurer les progr\u00e8s accompli est essentiel pour maintenir l&#8217;enthousiasme. Cr\u00e9er un calendrier o\u00f9 chaque membre peut noter ses r\u00e9ussites ou ses d\u00e9fis permet d&#8217;avoir une vision claire des efforts fournis en mati\u00e8re de r\u00e9duction des d\u00e9chets. Cette pratique encourage \u00e9galement la r\u00e9flexion sur les actions \u00e0 am\u00e9liorer ou \u00e0 adapter au fil du temps.<\/p>\n\n\n<h2 class=\"wp-block-heading\">Conclusion ouverte<\/h2>\n\n\n<p>In fine, impliquer toute la famille dans un projet de <strong>z\u00e9ro d\u00e9chet<\/strong> n\u00e9cessite une approche ludique, \u00e9ducative et collective. En cr\u00e9ant une atmosph\u00e8re d\u2019\u00e9change et de partage, chacun peut contribuer \u00e0 la cr\u00e9ation d\u2019un environnement durable et respectueux qui profitera \u00e0 tous.<\/p>\n\n\n<p><a href=\"https:\/\/swisstinychalet.ch\/neuch\/celebrons-la-journee-internationale-du-zero-dechet-astuces-pour-mobiliser-vos-equipes\">C\u00e9l\u00e9brons ensemble la journ\u00e9e internationale du z\u00e9ro d\u00e9chet<\/a> !<\/p>\n\n\n<p>Pour approfondir le sujet, d\u00e9couvrez comment <a href=\"https:\/\/swisstinychalet.ch\/neuch\/celebration-de-la-journee-internationale-du-zero-dechet-un-pas-vers-un-avenir-durable-avec-les-nations-unies\">les entreprises peuvent adopter une d\u00e9marche z\u00e9ro d\u00e9chet<\/a> ou comment <a href=\"https:\/\/swisstinychalet.ch\/neuch\/comment-organiser-un-evenement-zero-dechet\">organiser des \u00e9v\u00e9nements engag\u00e9s<\/a> sur le sujet.<\/p>\n\n\n\n<h2 class=\"wp-block-heading\">Adopter un mode de vie z\u00e9ro d\u00e9chet en famille \ud83c\udf0d<\/h2>\n\n\n<figure class=\"wp-block-table\">\n<table>\n<tbody>\n<tr>\n<td>\u267b\ufe0f<\/td>\n<td><strong>Organiser un d\u00e9fi<\/strong> pour impliquer toute la famille dans une d\u00e9marche z\u00e9ro d\u00e9chet.<\/td>\n<\/tr>\n<tr>\n<td>\ud83d\udcb0<\/td>\n<td><strong>Faire des \u00e9conomies<\/strong> en modifiant vos habitudes pour r\u00e9duire les d\u00e9chets.<\/td>\n<\/tr>\n<tr>\n<td>\ud83d\udc76<\/td>\n<td><strong>\u00c9duquer les enfants<\/strong> \u00e9tape par \u00e9tape au z\u00e9ro d\u00e9chet pour des habitudes durables.<\/td>\n<\/tr>\n<tr>\n<td>\ud83d\udccb<\/td>\n<td><strong>Cr\u00e9er un plan d&#8217;action<\/strong> pour convaincre toute la famille de s&#8217;engager dans le z\u00e9ro d\u00e9chet.<\/td>\n<\/tr>\n<tr>\n<td>\ud83c\udf81<\/td>\n<td>Proposer des <strong>exp\u00e9riences<\/strong> comme cadeaux au lieu de biens mat\u00e9riels.<\/td>\n<\/tr>\n<tr>\n<td>\ud83d\uded2<\/td>\n<td>Apprendre \u00e0 <strong>faire ses courses<\/strong> en mode z\u00e9ro d\u00e9chet.<\/td>\n<\/tr>\n<tr>\n<td>\ud83c\udf7d\ufe0f<\/td>\n<td>R\u00e9duire les d\u00e9chets lors des <strong>repas en famille<\/strong>.<\/td>\n<\/tr>\n<tr>\n<td>\ud83c\udf89<\/td>\n<td>Organiser des <strong>\u00e9v\u00e9nements z\u00e9ro d\u00e9chet<\/strong> pour sensibiliser les proches.<\/td>\n<\/tr>\n<tr>\n<td>\ud83c\udf31<\/td>\n<td>Participer \u00e0 des <strong>initiatives locales<\/strong> pour promouvoir le z\u00e9ro d\u00e9chet.<\/td>\n<\/tr>\n<tr>\n<td>\ud83c\udf73<\/td>\n<td><strong>Recettes z\u00e9ro d\u00e9chet<\/strong> pour cuisiner tout en respectant l&#8217;environnement.<\/td>\n<\/tr>\n<\/tbody>\n<\/table>\n<\/figure>\n","protected":false},"excerpt":{"rendered":"","protected":false},"author":9,"featured_media":6288,"comment_status":"open","ping_status":"close","sticky":false,"template":"","format":"standard","meta":{"_seopress_robots_primary_cat":"","_seopress_titles_title":"","_seopress_titles_desc":"","_seopress_robots_index":"","footnotes":""},"categories":[1545],"tags":[],"class_list":["post-6287","post","type-post","status-publish","format-standard","has-post-thumbnail","hentry","category-neuchcup-fr","generate-columns","tablet-grid-50","mobile-grid-100","grid-parent","grid-33"],"_links":{"self":[{"href":"https:\/\/swisstinychalet.ch\/neuch\/wp-json\/wp\/v2\/posts\/6287","targetHints":{"allow":["GET"]}}],"collection":[{"href":"https:\/\/swisstinychalet.ch\/neuch\/wp-json\/wp\/v2\/posts"}],"about":[{"href":"https:\/\/swisstinychalet.ch\/neuch\/wp-json\/wp\/v2\/types\/post"}],"author":[{"embeddable":true,"href":"https:\/\/swisstinychalet.ch\/neuch\/wp-json\/wp\/v2\/users\/9"}],"replies":[{"embeddable":true,"href":"https:\/\/swisstinychalet.ch\/neuch\/wp-json\/wp\/v2\/comments?post=6287"}],"version-history":[{"count":0,"href":"https:\/\/swisstinychalet.ch\/neuch\/wp-json\/wp\/v2\/posts\/6287\/revisions"}],"wp:featuredmedia":[{"embeddable":true,"href":"https:\/\/swisstinychalet.ch\/neuch\/wp-json\/wp\/v2\/media\/6288"}],"wp:attachment":[{"href":"https:\/\/swisstinychalet.ch\/neuch\/wp-json\/wp\/v2\/media?parent=6287"}],"wp:term":[{"taxonomy":"category","embeddable":true,"href":"https:\/\/swisstinychalet.ch\/neuch\/wp-json\/wp\/v2\/categories?post=6287"},{"taxonomy":"post_tag","embeddable":true,"href":"https:\/\/swisstinychalet.ch\/neuch\/wp-json\/wp\/v2\/tags?post=6287"}],"curies":[{"name":"wp","href":"https:\/\/api.w.org\/{rel}","templated":true}]}}