{"id":6301,"date":"2024-12-21T12:36:58","date_gmt":"2024-12-21T07:06:58","guid":{"rendered":"https:\/\/swisstinychalet.ch\/neuch\/explorer-les-marches-bio-et-locaux-pour-des-achats-ecoresponsables"},"modified":"2024-12-21T12:36:58","modified_gmt":"2024-12-21T07:06:58","slug":"explorer-les-marches-bio-et-locaux-pour-des-achats-ecoresponsables","status":"publish","type":"post","link":"https:\/\/swisstinychalet.ch\/neuch\/explorer-les-marches-bio-et-locaux-pour-des-achats-ecoresponsables","title":{"rendered":"Explorer les march\u00e9s bio et locaux pour des achats \u00e9coresponsables"},"content":{"rendered":"\n\n<p>Pour adopter des pratiques d&#8217;<strong>achats \u00e9coresponsables<\/strong>, explorer les <strong>march\u00e9s bio<\/strong> et <strong>locaux<\/strong> constitue une d\u00e9marche essentielle. Favoriser des produits issus de l&#8217;agriculture biologique permet de soutenir un mode de production responsable, tandis que l&#8217;achat local aide \u00e0 valoriser des <strong>producteurs de proximit\u00e9<\/strong>. Les plateformes comme Bio Tout Court facilitent la mise en relation entre consommateurs et producteurs certifi\u00e9s, garantissant une <strong>tra\u00e7abilit\u00e9<\/strong> des aliments. Cette approche est particuli\u00e8rement b\u00e9n\u00e9fique pour les petites et moyennes entreprises qui doivent int\u00e9grer des crit\u00e8res environnementaux dans leur strat\u00e9gie d&#8217;approvisionnement. En s&#8217;engageant vers une consommation <strong>durable<\/strong>, chacun contribue \u00e0 minimiser son empreinte carbone et \u00e0 promouvoir une \u00e9conomie circulaire.<\/p>\n\n\n<figure class=\"wp-block-embed is-type-video is-provider-youtube wp-block-embed-youtube wp-embed-aspect-16-9 wp-has-aspect-ratio\">\n<div class=\"wp-block-embed__wrapper\">\n<iframe title=\"\ud83c\udf31 MARINGES - Des producteurs de l\u00e9gumes bio ouvrent leurs portes pour partager leurs savoirs\" width=\"1200\" height=\"900\" src=\"https:\/\/www.youtube-nocookie.com\/embed\/9JSZusakgu0?feature=oembed\" frameborder=\"0\" allow=\"accelerometer; autoplay; clipboard-write; encrypted-media; gyroscope; picture-in-picture; web-share\" referrerpolicy=\"strict-origin-when-cross-origin\" allowfullscreen><\/iframe>\n<\/div>\n<\/figure>\n\n\n\n<p>Faire des choix d&#8217;achats \u00e9coresponsables ne se limite pas \u00e0 opter pour des produits affichant un label vert. En effet, se tourner vers les march\u00e9s <strong>bio<\/strong> et <strong>locaux<\/strong> constitue une d\u00e9marche enrichissante \u00e0 bien des \u00e9gards. Qui ne se serait pas senti interpell\u00e9 par l&#8217;id\u00e9e de mieux conna\u00eetre son impact sur l&#8217;environnement tout en soutenant des producteurs de proximit\u00e9 ? Ce parcours vers une consommation plus respectueuse m\u00e9rite d&#8217;\u00eatre explor\u00e9.<\/p>\n\n\n<h2 class=\"wp-block-heading\">Les bienfaits de l&#8217;alimentation bio<\/h2>\n\n\n<p>Acheter des produits <strong>bio<\/strong> va au-del\u00e0 d&#8217;une simple tendance. Cela implique une pr\u00e9f\u00e9rence pour une <strong>agriculture durable<\/strong>, qui respecte des normes strictes de production. En favorisant cette m\u00e9thode, on soutient la pr\u00e9servation de l&#8217;<strong>\u00e9cosyst\u00e8me<\/strong> tout en profitant d&#8217;aliments plus sains. Avec l&#8217;essor des <strong>circuits courts<\/strong> et de la <strong>tra\u00e7abilit\u00e9<\/strong>, il devient plus facile de savoir d&#8217;o\u00f9 viennent nos aliments. Cette transparence assure une qualit\u00e9 et une <strong>s\u00e9curit\u00e9 alimentaire<\/strong> accrues.<\/p>\n\n\n<h2 class=\"wp-block-heading\">Les circuits d&#8217;approvisionnement responsables<\/h2>\n\n\n<p>Les plateformes comme <strong>Bio Tout Court<\/strong>, qui recense les producteurs bios par d\u00e9partement, offrent une belle opportunit\u00e9 d&#8217;explorer des achats \u00e9coresponsables. En choisissant des produits issus de <strong>circuits d&#8217;approvisionnement<\/strong> responsables, les consommateurs peuvent encourager les agriculteurs locaux et r\u00e9duire l\u2019empreinte carbone li\u00e9e au transport des denr\u00e9es. De plus, acheter local favorise l&#8217;\u00e9conomie de la r\u00e9gion, un geste \u00e0 la fois \u00e9cologique et solidaire.<\/p>\n\n\n<h2 class=\"wp-block-heading\">L&#8217;importance des achats responsables pour les entreprises<\/h2>\n\n\n<p>Les <strong>PME<\/strong> et <strong>TPE<\/strong> ont une carte \u00e0 jouer dans cette transition vers des pratiques d&#8217;achat plus <strong>\u00e9thiques<\/strong>. En int\u00e9grant des crit\u00e8res environnementaux dans leurs d\u00e9cisions d&#8217;achat, elles participent \u00e0 la construction d&#8217;un avenir durable. Se faire accompagner dans cette d\u00e9marche permet de valoriser les pratiques \u00e9coresponsables et de partager les b\u00e9n\u00e9fices li\u00e9s \u00e0 ces engagements avec les clients et partenaires.<\/p>\n\n\n<h2 class=\"wp-block-heading\">Consommer local : un geste \u00e0 port\u00e9e de main<\/h2>\n\n\n<p>Le d\u00e9veloppement de la <strong>consommation locale<\/strong> en France refl\u00e8te une prise de conscience collective. En 2023, les ventes de produits locaux ont g\u00e9n\u00e9r\u00e9 un chiffre d\u2019affaires impressionnant, t\u00e9moignant de l\u2019int\u00e9r\u00eat croissant des consommateurs pour des aliments de qualit\u00e9. Participer \u00e0 des <strong>march\u00e9s<\/strong> de producteurs ou s\u2019engager dans des <strong>AMAP<\/strong> sont d&#8217;excellentes fa\u00e7ons de profiter de produits frais tout en maintenant un lien direct avec les cultivateurs de sa r\u00e9gion.<\/p>\n\n\n<p>Les b\u00e9n\u00e9fices \u00e9conomiques et environnementaux de cette d\u00e9marche sont ind\u00e9niables. De plus, promouvoir les <strong>produits locaux<\/strong> permet de maintenir l\u2019identit\u00e9 culturelle et gastronomique d\u2019une r\u00e9gion. Cet engagement favorise \u00e9galement la <strong>biodiversit\u00e9<\/strong>, ce qui est essentiel pour la sant\u00e9 de nos \u00e9cosyst\u00e8mes.<\/p>\n\n\n<h2 class=\"wp-block-heading\">Vers une consommation z\u00e9ro d\u00e9chet<\/h2>\n\n\n<p>R\u00e9duire son empreinte \u00e9cologique est une ambition qui peut \u00e9galement se traduire par une approche <strong>z\u00e9ro d\u00e9chet<\/strong>. La location de vaisselle ou de gobelets r\u00e9utilisables pour vos \u00e9v\u00e9nements peut transformer votre impact sur l&#8217;environnement. Vous pouvez \u00e9galement d\u00e9couvrir des recettes <a href=\"https:\/\/swisstinychalet.ch\/neuch\/celebrations-zero-dechet-recettes-et-tables-uniques\">z\u00e9ro d\u00e9chet<\/a> pour c\u00e9l\u00e9brer des occasions uniques tout en_limitant les d\u00e9chets g\u00e9n\u00e9r\u00e9s.<\/p>\n\n\n<p>En migrant vers des options d&#8217;achat plus responsables, chaque individu a le pouvoir de transformer son quotidien et de prot\u00e9ger la plan\u00e8te. \u00c0 l&#8217;\u00e8re o\u00f9 l&#8217;urgence \u00e9cologique est plus que jamais pr\u00e9sente, faire des choix \u00e9clair\u00e9s est indispensable pour construire un futur durable et respectueux de l&#8217;environnement.<\/p>\n\n\n<h2 class=\"wp-block-heading\">Les initiatives qui font la diff\u00e9rence<\/h2>\n\n\n<p>De nombreuses organisations mettent en avant les <strong>fournisseurs \u00e9coresponsables<\/strong> et d\u00e9veloppent des projets pour promouvoir des pratiques durables. En suivant ces initiatives, il est possible de participer \u00e0 un mouvement qui transcende les simples achats, pour devenir acteur d&#8217;une transition n\u00e9cessaire. Pour en savoir plus sur ces actions et les moyens d&#8217;adopter un mode de vie <strong>z\u00e9ro d\u00e9chet<\/strong>, consultez des ressources pratiques comme <a href=\"https:\/\/swisstinychalet.ch\/neuch\/astuces-pour-reduire-vos-dechets-au-quotidien-2\">10 astuces pour r\u00e9duire vos d\u00e9chets<\/a>. L&#8217;avenir r\u00e9side dans l&#8217;engagement de chacun, \u00e0 tous les niveaux, pour une soci\u00e9t\u00e9 plus \u00e9quilibr\u00e9e et respectueuse des ressources de la plan\u00e8te.<\/p>\n\n\n\n<h2 class=\"wp-block-heading\">Vers une Alimentation \u00c9coresponsable \ud83c\udf31<\/h2>\n\n\n<figure class=\"wp-block-table\">\n<table>\n<tbody>\n<tr>\n<td>\ud83e\udd66<\/td>\n<td><strong>Production Agricole Biologique :<\/strong> Favoriser des m\u00e9thodes de culture respectueuses de l&#8217;environnement.<\/td>\n<\/tr>\n<tr>\n<td>\ud83d\udd0d<\/td>\n<td><strong>Tra\u00e7abilit\u00e9 des Aliments :<\/strong> Assurer un suivi de la cha\u00eene d&#8217;approvisionnement pour transparence.<\/td>\n<\/tr>\n<tr>\n<td>\ud83d\ude9c<\/td>\n<td><strong>Circuits d&#8217;Approvisionnement Responsables :<\/strong> Soutenir les producteurs locaux et r\u00e9duire les distances de transport.<\/td>\n<\/tr>\n<tr>\n<td>\ud83d\uded2<\/td>\n<td><strong>Achat sur Plateformes Responsables :<\/strong> Pr\u00e9f\u00e9rer des sites qui valorisent les productions bio et locales.<\/td>\n<\/tr>\n<tr>\n<td>\ud83c\udfe2<\/td>\n<td><strong>Achats Responsables pour PME et TPE :<\/strong> Int\u00e9grer des crit\u00e8res \u00e9coresponsables dans les offres et commandes.<\/td>\n<\/tr>\n<tr>\n<td>\ud83c\uddeb\ud83c\uddf7<\/td>\n<td><strong>Soutien \u00e0 la Production Locale :<\/strong> Choisir des produits fran\u00e7ais pour dynamiser l&#8217;\u00e9conomie locale.<\/td>\n<\/tr>\n<tr>\n<td>\ud83c\udf0d<\/td>\n<td><strong>R\u00e9duction de l&#8217;Empreinte Carbone :<\/strong> Opter pour des solutions qui minimisent l&#8217;impact environnemental.<\/td>\n<\/tr>\n<tr>\n<td>\u267b\ufe0f<\/td>\n<td><strong>Mode de Vie Z\u00e9ro D\u00e9chet :<\/strong> Adopter des pratiques qui limitent les d\u00e9chets au quotidien.<\/td>\n<\/tr>\n<\/tbody>\n<\/table>\n<\/figure>\n","protected":false},"excerpt":{"rendered":"","protected":false},"author":8,"featured_media":6302,"comment_status":"open","ping_status":"close","sticky":false,"template":"","format":"standard","meta":{"_seopress_robots_primary_cat":"","_seopress_titles_title":"","_seopress_titles_desc":"","_seopress_robots_index":"","footnotes":""},"categories":[1545],"tags":[],"class_list":["post-6301","post","type-post","status-publish","format-standard","has-post-thumbnail","hentry","category-neuchcup-fr","generate-columns","tablet-grid-50","mobile-grid-100","grid-parent","grid-33"],"_links":{"self":[{"href":"https:\/\/swisstinychalet.ch\/neuch\/wp-json\/wp\/v2\/posts\/6301","targetHints":{"allow":["GET"]}}],"collection":[{"href":"https:\/\/swisstinychalet.ch\/neuch\/wp-json\/wp\/v2\/posts"}],"about":[{"href":"https:\/\/swisstinychalet.ch\/neuch\/wp-json\/wp\/v2\/types\/post"}],"author":[{"embeddable":true,"href":"https:\/\/swisstinychalet.ch\/neuch\/wp-json\/wp\/v2\/users\/8"}],"replies":[{"embeddable":true,"href":"https:\/\/swisstinychalet.ch\/neuch\/wp-json\/wp\/v2\/comments?post=6301"}],"version-history":[{"count":0,"href":"https:\/\/swisstinychalet.ch\/neuch\/wp-json\/wp\/v2\/posts\/6301\/revisions"}],"wp:featuredmedia":[{"embeddable":true,"href":"https:\/\/swisstinychalet.ch\/neuch\/wp-json\/wp\/v2\/media\/6302"}],"wp:attachment":[{"href":"https:\/\/swisstinychalet.ch\/neuch\/wp-json\/wp\/v2\/media?parent=6301"}],"wp:term":[{"taxonomy":"category","embeddable":true,"href":"https:\/\/swisstinychalet.ch\/neuch\/wp-json\/wp\/v2\/categories?post=6301"},{"taxonomy":"post_tag","embeddable":true,"href":"https:\/\/swisstinychalet.ch\/neuch\/wp-json\/wp\/v2\/tags?post=6301"}],"curies":[{"name":"wp","href":"https:\/\/api.w.org\/{rel}","templated":true}]}}