{"id":6315,"date":"2024-12-22T12:40:52","date_gmt":"2024-12-22T07:10:52","guid":{"rendered":"https:\/\/swisstinychalet.ch\/neuch\/les-dechets-organiques-en-evenementiel-que-faire"},"modified":"2024-12-22T12:40:52","modified_gmt":"2024-12-22T07:10:52","slug":"les-dechets-organiques-en-evenementiel-que-faire","status":"publish","type":"post","link":"https:\/\/swisstinychalet.ch\/neuch\/les-dechets-organiques-en-evenementiel-que-faire","title":{"rendered":"Les d\u00e9chets organiques en \u00e9v\u00e9nementiel : que faire ?"},"content":{"rendered":"\n\n<p>La gestion des <strong>biod\u00e9chets<\/strong> en \u00e9v\u00e9nementiel est primordiale pour limiter l&#8217;impact environnemental. Afin de faciliter cette <strong>collecte<\/strong>, il est essentiel d&#8217;identifier les diff\u00e9rents flux de d\u00e9chets en amont de l&#8217;\u00e9v\u00e9nement. Pour cela, l&#8217;installation de <strong>bacs de compostage<\/strong> permet de valoriser les <strong>restes alimentaires<\/strong> lorsque la restauration est incluse. En outre, collaborer avec des <strong>associations caritatives<\/strong> localement pour redistribuer les restes comestibles contribue \u00e0 r\u00e9duire le <strong>gaspillage alimentaire<\/strong>. En adoptant des pratiques z\u00e9ro d\u00e9chet, les \u00e9v\u00e9nements peuvent non seulement diminuer leur empreinte \u00e9cologique, mais \u00e9galement sensibiliser les participants \u00e0 la n\u00e9cessit\u00e9 de prot\u00e9ger notre environnement.<\/p>\n\n\n<figure class=\"wp-block-embed is-type-video is-provider-youtube wp-block-embed-youtube wp-embed-aspect-16-9 wp-has-aspect-ratio\">\n<div class=\"wp-block-embed__wrapper\">\n<iframe title=\"[1 JOUR, 1 M\u00c9TIER] : Le m\u00e9tier de Chef de Projet \u00c9v\u00e9nementiel par Nicolas Guillermou\" width=\"1200\" height=\"675\" src=\"https:\/\/www.youtube-nocookie.com\/embed\/3AuLOhwIUSo?feature=oembed\" frameborder=\"0\" allow=\"accelerometer; autoplay; clipboard-write; encrypted-media; gyroscope; picture-in-picture; web-share\" referrerpolicy=\"strict-origin-when-cross-origin\" allowfullscreen><\/iframe>\n<\/div>\n<\/figure>\n\n\n\n<p>La gestion des <strong>donn\u00e9es environnementales<\/strong> dans l&#8217;\u00e9v\u00e9nementiel est devenue un sujet central. Face \u00e0 l&#8217;augmentation des \u00e9v\u00e9nements g\u00e9n\u00e9rant des <strong>biod\u00e9chets<\/strong>, il est essentiel de s&#8217;interroger sur les pratiques \u00e0 adopter pour en limiter l&#8217;impact.<\/p>\n\n\n<h2 class=\"wp-block-heading\">Comprendre les biod\u00e9chets<\/h2>\n\n\n<p>Les <strong>d\u00e9cisions responsables<\/strong> autour des biod\u00e9chets commencent par une compr\u00e9hension des diff\u00e9rents types de d\u00e9chets produits lors des \u00e9v\u00e9nements. Les <strong>d\u00e9chets organiques<\/strong>, tels que les restes de nourriture ou les d\u00e9chets de jardinage, repr\u00e9sentent une part significative des invendus issus d&#8217;un \u00e9v\u00e9nement. Agir sur ces flux permet non seulement de r\u00e9duire l&#8217;empreinte \u00e9cologique, mais aussi de valoriser ces d\u00e9chets via le compostage.<\/p>\n\n\n<h2 class=\"wp-block-heading\">Les bonnes pratiques \u00e0 adopter<\/h2>\n\n\n<p>Pour une gestion efficace des biod\u00e9chets, le premier pas consiste \u00e0 identifier les flux de d\u00e9chets. Cela comprend la mise en place de bacs de tri pour cr\u00e9er un parcours de collecte efficace qui facilite la valorisation des <strong>d\u00e9chets organiques<\/strong> par des entreprises de compostage ou via des initiatives locales.<\/p>\n\n\n<p>\u00c0 Lyon, par exemple, <strong>la Tourn\u00e9e des Chefs<\/strong> illustre cette d\u00e9marche en collectant les d\u00e9chets organiques des restaurants pour les transformer en compost. Une initiative qui d\u00e9montre qu\u2019il est possible de cr\u00e9er un cercle vertueux dans le cadre d\u2019\u00e9v\u00e9nements gastronomiques.<\/p>\n\n\n<h2 class=\"wp-block-heading\">R\u00e9duire le gaspillage alimentaire<\/h2>\n\n\n<p>Limiter le gaspillage alimentaire est un autre d\u00e9fi majeur. Des collaborations avec des <strong>associations caritatives<\/strong> permettent de redistribuer les restes comestibles. Utiliser des applications de redistribution aide \u00e9galement \u00e0 maximiser l&#8217;efficacit\u00e9 de cette initiative.<\/p>\n\n\n<p>Les \u00e9v\u00e9nements doivent \u00e9galement privil\u00e9gier les produits r\u00e9utilisables, \u00e0 la place des jetables, pour diminuer la production de d\u00e9chets. Ce changement a un impact direct sur les quantit\u00e9s de d\u00e9chets g\u00e9n\u00e9r\u00e9es.<\/p>\n\n\n<h2 class=\"wp-block-heading\">Le compostage : une solution viable<\/h2>\n\n\n<p>Installer des <strong>bacs \u00e0 compost<\/strong> sur le site de l&#8217;\u00e9v\u00e9nement est essentiel. Lorsque des services de tri existent, il suffit d&#8217;ajouter des points de collecte sp\u00e9cifiques pour les biod\u00e9chets. Le compostage, \u00e0 travers une gestion rigoureuse, devient alors une v\u00e9ritable cl\u00e9 pour une <strong>gestion \u00e9co-responsable<\/strong>.<\/p>\n\n\n<h2 class=\"wp-block-heading\">Des outils et des ressources accessibles<\/h2>\n\n\n<p>Pour ceux souhaitant approfondir leurs connaissances sur la gestion des d\u00e9chets, plusieurs ressources en ligne se penchent sur des sujets tels que <strong>l&#8217;importance de r\u00e9duire son empreinte carbone<\/strong> ou les <strong>projets DIY pour un jardin z\u00e9ro d\u00e9chet<\/strong>. Ces liens peuvent aider \u00e0 sensibiliser et \u00e0 former les organisateurs d&#8217;\u00e9v\u00e9nements \u00e0 des pratiques plus durables :<\/p>\n\n\n<ul class=\"wp-block-list\">\n\n<li><a href=\"https:\/\/swisstinychalet.ch\/neuch\/limportance-du-zero-dechet-dans-la-lutte-contre-le-changement-climatique\">L&#8217;importance du z\u00e9ro d\u00e9chet dans la lutte contre le changement climatique<\/a><\/li>\n\n\n<li><a href=\"https:\/\/swisstinychalet.ch\/neuch\/ecologie-et-zero-dechet\">\u00c9cologie et z\u00e9ro d\u00e9chet<\/a><\/li>\n\n\n<li><a href=\"https:\/\/swisstinychalet.ch\/neuch\/ecologie-et-zero-dechet\/comment-les-entreprises-peuvent-elles-adopter-le-zero-dechet\">Comment les entreprises peuvent-elles adopter le z\u00e9ro d\u00e9chet<\/a><\/li>\n\n\n<li><a href=\"https:\/\/swisstinychalet.ch\/neuch\/projets-diy-pour-un-jardin-zero-dechet\">Projets DIY pour un jardin z\u00e9ro d\u00e9chet<\/a><\/li>\n\n\n<li><a href=\"https:\/\/swisstinychalet.ch\/neuch\/astuces-pour-reduire-vos-dechets-au-quotidien-2\">Astuces pour r\u00e9duire vos d\u00e9chets au quotidien<\/a><\/li>\n\n<\/ul>\n\n\n<p>Ces pratiques d\u00e9montrent qu&#8217;il est possible de faire de l&#8217;\u00e9v\u00e9nementiel une activit\u00e9 respectueuse de l&#8217;environnement tout en cr\u00e9ant des exp\u00e9riences uniques et m\u00e9morables. L&#8217;engagement et la coop\u00e9ration entre organisateurs, fournisseurs et participants sont indispensables pour faire avancer cette dynamique. Nul doute que chaque petit geste compte dans la transition vers une gestion plus responsable des d\u00e9chets dans le secteur \u00e9v\u00e9nementiel.<\/p>\n\n\n\n<h2 class=\"wp-block-heading\">Gestion \u00c9cologique des D\u00e9chets en \u00c9v\u00e9nementiel<\/h2>\n\n\n<figure class=\"wp-block-table\">\n<table>\n<tbody>\n<tr>\n<td>\u267b\ufe0f<\/td>\n<td><strong>Collecte des Biod\u00e9chets<\/strong> : Les initiatives comme celle de <strong>La Tourn\u00e9e des Chefs<\/strong> \u00e0 Lyon permettent de transformer les d\u00e9chets organiques des restaurants en compost.<\/td>\n<\/tr>\n<tr>\n<td>\ud83d\udcca<\/td>\n<td><strong>Identification des Flux de D\u00e9chets<\/strong> : Avant tout \u00e9v\u00e9nement, il est crucial d&#8217;identifier les diff\u00e9rents flux de d\u00e9chets pour garantir leur bonne collecte.<\/td>\n<\/tr>\n<tr>\n<td>\ud83d\uddd1\ufe0f<\/td>\n<td><strong>R\u00e9duction des D\u00e9chets<\/strong> : Optez pour des produits <strong>r\u00e9utilisables<\/strong> au lieu de jetables pour minimiser l&#8217;impact environnemental.<\/td>\n<\/tr>\n<tr>\n<td>\ud83c\udf31<\/td>\n<td><strong>Compostage<\/strong> : Installez des bacs \u00e0 compost sur le site pour les restes alimentaires, en particulier pour les \u00e9v\u00e9nements avec restauration.<\/td>\n<\/tr>\n<tr>\n<td>\ud83e\udd1d<\/td>\n<td><strong>Partenariat avec les Associations<\/strong> : Pensez \u00e0 collaborer avec des associations locales pour redistribuer les <strong>restes alimentaires<\/strong> comestibles.<\/td>\n<\/tr>\n<tr>\n<td>\ud83c\udf0d<\/td>\n<td><strong>\u00c9v\u00e9nements Z\u00e9ro D\u00e9chet<\/strong> : Engagez des prestataires pour collecter les biod\u00e9chets et les valoriser par le compostage.<\/td>\n<\/tr>\n<tr>\n<td>\ud83c\udf3f<\/td>\n<td><strong>Impact Environnemental<\/strong> : R\u00e9duire les d\u00e9chets aide \u00e0 lutter contre le <strong>changement climatique<\/strong> et \u00e0 prot\u00e9ger notre plan\u00e8te.<\/td>\n<\/tr>\n<tr>\n<td>\ud83d\udca1<\/td>\n<td><strong>Astuces Z\u00e9ro D\u00e9chets<\/strong> : Adopter des solutions comme le compostage contribue \u00e0 un mode de vie plus durable.<\/td>\n<\/tr>\n<\/tbody>\n<\/table>\n<\/figure>\n","protected":false},"excerpt":{"rendered":"","protected":false},"author":10,"featured_media":0,"comment_status":"open","ping_status":"close","sticky":false,"template":"","format":"standard","meta":{"_seopress_robots_primary_cat":"","_seopress_titles_title":"","_seopress_titles_desc":"","_seopress_robots_index":"","footnotes":""},"categories":[1545],"tags":[],"class_list":["post-6315","post","type-post","status-publish","format-standard","hentry","category-neuchcup-fr","generate-columns","tablet-grid-50","mobile-grid-100","grid-parent","grid-33"],"_links":{"self":[{"href":"https:\/\/swisstinychalet.ch\/neuch\/wp-json\/wp\/v2\/posts\/6315","targetHints":{"allow":["GET"]}}],"collection":[{"href":"https:\/\/swisstinychalet.ch\/neuch\/wp-json\/wp\/v2\/posts"}],"about":[{"href":"https:\/\/swisstinychalet.ch\/neuch\/wp-json\/wp\/v2\/types\/post"}],"author":[{"embeddable":true,"href":"https:\/\/swisstinychalet.ch\/neuch\/wp-json\/wp\/v2\/users\/10"}],"replies":[{"embeddable":true,"href":"https:\/\/swisstinychalet.ch\/neuch\/wp-json\/wp\/v2\/comments?post=6315"}],"version-history":[{"count":0,"href":"https:\/\/swisstinychalet.ch\/neuch\/wp-json\/wp\/v2\/posts\/6315\/revisions"}],"wp:attachment":[{"href":"https:\/\/swisstinychalet.ch\/neuch\/wp-json\/wp\/v2\/media?parent=6315"}],"wp:term":[{"taxonomy":"category","embeddable":true,"href":"https:\/\/swisstinychalet.ch\/neuch\/wp-json\/wp\/v2\/categories?post=6315"},{"taxonomy":"post_tag","embeddable":true,"href":"https:\/\/swisstinychalet.ch\/neuch\/wp-json\/wp\/v2\/tags?post=6315"}],"curies":[{"name":"wp","href":"https:\/\/api.w.org\/{rel}","templated":true}]}}