{"id":6318,"date":"2024-12-22T12:50:02","date_gmt":"2024-12-22T07:20:02","guid":{"rendered":"https:\/\/swisstinychalet.ch\/neuch\/equilibre-entre-esthetique-et-ecologie-dans-la-presentation-des-plats"},"modified":"2024-12-22T12:50:02","modified_gmt":"2024-12-22T07:20:02","slug":"equilibre-entre-esthetique-et-ecologie-dans-la-presentation-des-plats","status":"publish","type":"post","link":"https:\/\/swisstinychalet.ch\/neuch\/equilibre-entre-esthetique-et-ecologie-dans-la-presentation-des-plats","title":{"rendered":"\u00c9quilibre entre esth\u00e9tique et \u00e9cologie dans la pr\u00e9sentation des plats"},"content":{"rendered":"\n\n<p>Dans l&#8217;univers culinaire d&#8217;aujourd&#8217;hui, l&#8217;<strong>esth\u00e9tique<\/strong> et l&#8217;<strong>\u00e9cologie<\/strong> se rencontrent harmonieusement pour offrir une exp\u00e9rience gustative unique. La <strong>pr\u00e9sentation des plats<\/strong> joue un r\u00f4le crucial, m\u00ealant <strong>design<\/strong>, <strong>textures<\/strong> et <strong>couleurs<\/strong> tout en respectant notre environnement. L&#8217;utilisation de mat\u00e9riaux durables et d&#8217;ingr\u00e9dients locaux permet non seulement de sublimer les mets, mais aussi de r\u00e9duire l&#8217;empreinte \u00e9cologique. En choisissant des <strong>ustensiles en bois<\/strong> et en \u00e9vitant les emballages jetables, chaque plat devient une \u0153uvre d&#8217;art \u00e9coresponsable, r\u00e9v\u00e9lant ainsi que la <strong>gastronomie<\/strong> peut \u00eatre \u00e0 la fois s\u00e9duisante et respectueuse de la plan\u00e8te.<\/p>\n\n\n<figure class=\"wp-block-embed is-type-video is-provider-youtube wp-block-embed-youtube wp-embed-aspect-16-9 wp-has-aspect-ratio\">\n<div class=\"wp-block-embed__wrapper\">\n<iframe title=\"TOIT ET MOI #1  -  La solution immobili\u00e8re \u00e9cologique\" width=\"1200\" height=\"675\" src=\"https:\/\/www.youtube-nocookie.com\/embed\/7WReYYC0TDE?feature=oembed\" frameborder=\"0\" allow=\"accelerometer; autoplay; clipboard-write; encrypted-media; gyroscope; picture-in-picture; web-share\" referrerpolicy=\"strict-origin-when-cross-origin\" allowfullscreen><\/iframe>\n<\/div>\n<\/figure>\n\n\n\n<h2 class=\"wp-block-heading\">Une int\u00e9gration harmonieuse<\/h2>\n\n\n<p>La <strong>pr\u00e9sentation des plats<\/strong> compte autant que le go\u00fbt. En cuisine, l&#8217;apparence d&#8217;un plat peut transformer une simple recette en une exp\u00e9rience m\u00e9morable. Attention cependant, cet aspect ne doit pas occulter une d\u00e9marche \u00e9coresponsable. Int\u00e9grer l&#8217;<strong>\u00e9cologie<\/strong> \u00e0 l&#8217;<strong>esth\u00e9tique alimentaire<\/strong> est essentiel pour une gastronomie respectueuse de l&#8217;environnement. Ensemble, ils tissent un lien fort, permettant de ravir les sens tout en pr\u00e9servant notre plan\u00e8te.<\/p>\n\n\n<h2 class=\"wp-block-heading\">A l&#8217;origine de l&#8217;esth\u00e9tique alimentaire<\/h2>\n\n\n<p>La beaut\u00e9 d&#8217;un plat r\u00e9side dans l&#8217;harmonie des couleurs, des textures et des formes. Une disposition soign\u00e9e peut susciter l&#8217;app\u00e9tit et l&#8217;enthousiasme. N\u00e9anmoins, cette esth\u00e9tique doit se construire sur des bases respectueuses. En optant pour des ingr\u00e9dients <strong>locaux<\/strong> et <strong>de saison<\/strong>, on embellit non seulement l&#8217;assiette mais on contribue \u00e9galement \u00e0 diminuer le <strong>gaspillage alimentaire<\/strong>. Par exemple, une <strong>banane<\/strong> aux taches brunes bien pr\u00e9sent\u00e9e inspire plus confiance qu&#8217;une banane abandonn\u00e9e en rayon.<\/p>\n\n\n<h2 class=\"wp-block-heading\">Minimalisme et fonctionnalit\u00e9<\/h2>\n\n\n<p>Les standards de la cuisine continuent d&#8217;\u00e9voluer, favorisant un design simpliste qui met en valeur les produits. Un \u00e9quilibre prudent entre <strong>fonctionnalit\u00e9<\/strong> et <strong>esth\u00e9tique<\/strong> permet de cr\u00e9er des espaces propices \u00e0 la cr\u00e9ativit\u00e9. En utilisant des ustensiles en bois, non seulement on pr\u00e9serve les saveurs authentiques, mais on s&#8217;inscrit dans une pratique plus durable. Remplacer le plastique par des mat\u00e9riaux naturels peut donner un charme unique \u00e0 la cuisine tout en respectant l&#8217;environnement.<\/p>\n\n\n<h2 class=\"wp-block-heading\">L&#8217;art de dresser une table \u00e9coresponsable<\/h2>\n\n\n<p>Dresser une table \u00e9coresponsable est tout un art. En int\u00e9grant des \u00e9l\u00e9ments comme des <strong>bocaux r\u00e9utilisables<\/strong> ou des <strong>emballages biod\u00e9gradables<\/strong>, il devient possible de conjuguer une esth\u00e9tique raffin\u00e9e \u00e0 une d\u00e9marche durable. Plusieurs projets DIY, comme ceux que l&#8217;on peut d\u00e9couvrir sur <a href=\"https:\/\/swisstinychalet.ch\/neuch\/faconner-une-table-zero-dechet-avec-des-diy\">ce site<\/a>, permettent de r\u00e9utiliser des objets du quotidien pour embellir la table sans produire de d\u00e9chet.<\/p>\n\n\n<h2 class=\"wp-block-heading\">Engagement pour une gastronomie responsable<\/h2>\n\n\n<p>La transparence en gastronomie ne se limite pas aux ingr\u00e9dients. Elle s&#8217;\u00e9tend \u00e0 l&#8217;\u00e9thique de la production. S\u00e9lectionner des produits issus de l\u2019\u00e9levage respectueux et de l\u2019agriculture biologique participe \u00e0 une consommation consciente. Soyez curieux et explorez les diverses <strong>startups<\/strong> qui \u0153uvrent pour un No\u00ebl \u00e9coresponsable. Ces initiatives soutiennent une gastronomie authentique, o\u00f9 chaque plat raconte une histoire.<\/p>\n\n\n<p>L\u2019alliance entre l\u2019esth\u00e9tique et l\u2019\u00e9cologie en cuisine n&#8217;est pas simplement un choix, mais un v\u00e9ritable mode de vie. En int\u00e9grant ces principes, nous pouvons ravir les papilles tout en respectant notre environnement. La qu\u00eate de ce bonheur culinaire passe par des actions concr\u00e8tes, comme le choix conscient de nos ingr\u00e9dients et l&#8217;artisanat de nos pr\u00e9sentations. Ce voyage vers une cuisine \u00e9coresponsable attire de plus en plus d\u2019adeptes. <\/p>\n\n\n\n<h2 class=\"wp-block-heading\">La beaut\u00e9 de l&#8217;\u00c9quilibre en Gastronomie<\/h2>\n\n\n<figure class=\"wp-block-table\">\n<table>\n<tbody>\n<tr>\n<td>\ud83c\udf7d\ufe0f<\/td>\n<td><strong>L&#8217;esth\u00e9tique du go\u00fbt<\/strong> : La cuisine et l&#8217;architecture procurent un \u00e9quilibre perfectible, harmonisant <strong>formes<\/strong>, <strong>textes<\/strong> et <strong>mat\u00e9riaux<\/strong>.<\/td>\n<\/tr>\n<tr>\n<td>\ud83d\udd27<\/td>\n<td><strong>Fonctionnalit\u00e9<\/strong> et <strong>esth\u00e9tique<\/strong> : Choisir l&#8217;<strong>\u00e9lectrom\u00e9nager<\/strong> adapt\u00e9 et optimiser l&#8217;<strong>espace<\/strong> pour une cuisine efficace.<\/td>\n<\/tr>\n<tr>\n<td>\ud83d\udd0d<\/td>\n<td><strong>Transparence en gastronomie<\/strong> : Aborder l&#8217;<strong>\u00e9thique<\/strong> et l&#8217;<strong>impact<\/strong> des choix alimentaires sur le gaspillage.<\/td>\n<\/tr>\n<tr>\n<td>\ud83c\udfa8<\/td>\n<td><strong>L&#8217;art de la pr\u00e9sentation<\/strong> : La <strong>pr\u00e9sentation<\/strong> des plats joue un r\u00f4le crucial dans l&#8217;exp\u00e9rience culinaire.<\/td>\n<\/tr>\n<tr>\n<td>\ud83c\udf31<\/td>\n<td><strong>Tendances \u00e9coresponsables<\/strong> : Miser sur des produits <strong>locaux<\/strong> et <strong>bio<\/strong> pour surprendre et innover.<\/td>\n<\/tr>\n<tr>\n<td>\ud83e\uddf0<\/td>\n<td><strong>Ustensiles en bois<\/strong> : Contribuent \u00e0 la pr\u00e9servation des <strong>saveurs<\/strong> et \u00e0 l&#8217;<strong>\u00e9cologie<\/strong>.<\/td>\n<\/tr>\n<tr>\n<td>\ud83c\udf0d<\/td>\n<td><strong>Art de la table<\/strong> : Explorer les b\u00e9n\u00e9fices de l&#8217;<strong>\u00e9coresponsabilit\u00e9<\/strong> et des alternatives durables.<\/td>\n<\/tr>\n<tr>\n<td>\u267b\ufe0f<\/td>\n<td><strong>DIY z\u00e9ro d\u00e9chet<\/strong> : Cr\u00e9er des objets et accessoires en r\u00e9utilisant des mat\u00e9riaux existants.<\/td>\n<\/tr>\n<\/tbody>\n<\/table>\n<\/figure>\n","protected":false},"excerpt":{"rendered":"","protected":false},"author":11,"featured_media":6319,"comment_status":"open","ping_status":"close","sticky":false,"template":"","format":"standard","meta":{"_seopress_robots_primary_cat":"","_seopress_titles_title":"","_seopress_titles_desc":"","_seopress_robots_index":"","footnotes":""},"categories":[1545],"tags":[],"class_list":["post-6318","post","type-post","status-publish","format-standard","has-post-thumbnail","hentry","category-neuchcup-fr","generate-columns","tablet-grid-50","mobile-grid-100","grid-parent","grid-33"],"_links":{"self":[{"href":"https:\/\/swisstinychalet.ch\/neuch\/wp-json\/wp\/v2\/posts\/6318","targetHints":{"allow":["GET"]}}],"collection":[{"href":"https:\/\/swisstinychalet.ch\/neuch\/wp-json\/wp\/v2\/posts"}],"about":[{"href":"https:\/\/swisstinychalet.ch\/neuch\/wp-json\/wp\/v2\/types\/post"}],"author":[{"embeddable":true,"href":"https:\/\/swisstinychalet.ch\/neuch\/wp-json\/wp\/v2\/users\/11"}],"replies":[{"embeddable":true,"href":"https:\/\/swisstinychalet.ch\/neuch\/wp-json\/wp\/v2\/comments?post=6318"}],"version-history":[{"count":0,"href":"https:\/\/swisstinychalet.ch\/neuch\/wp-json\/wp\/v2\/posts\/6318\/revisions"}],"wp:featuredmedia":[{"embeddable":true,"href":"https:\/\/swisstinychalet.ch\/neuch\/wp-json\/wp\/v2\/media\/6319"}],"wp:attachment":[{"href":"https:\/\/swisstinychalet.ch\/neuch\/wp-json\/wp\/v2\/media?parent=6318"}],"wp:term":[{"taxonomy":"category","embeddable":true,"href":"https:\/\/swisstinychalet.ch\/neuch\/wp-json\/wp\/v2\/categories?post=6318"},{"taxonomy":"post_tag","embeddable":true,"href":"https:\/\/swisstinychalet.ch\/neuch\/wp-json\/wp\/v2\/tags?post=6318"}],"curies":[{"name":"wp","href":"https:\/\/api.w.org\/{rel}","templated":true}]}}