{"id":6325,"date":"2024-12-23T12:11:31","date_gmt":"2024-12-23T06:41:31","guid":{"rendered":"https:\/\/swisstinychalet.ch\/neuch\/ecologie-et-zero-dechet-limpact-des-textiles"},"modified":"2024-12-23T12:11:31","modified_gmt":"2024-12-23T06:41:31","slug":"ecologie-et-zero-dechet-limpact-des-textiles","status":"publish","type":"post","link":"https:\/\/swisstinychalet.ch\/neuch\/ecologie-et-zero-dechet-limpact-des-textiles","title":{"rendered":"\u00c9cologie et z\u00e9ro d\u00e9chet : l&#8217;impact des textiles"},"content":{"rendered":"\n\n<p>La production de textiles a un impact environnemental majeur, avec une <strong>consommation excessive d&#8217;eau<\/strong> et d&#8217;\u00e9nergie, ainsi qu&#8217;un taux de <strong>pollution \u00e9lev\u00e9<\/strong> li\u00e9 aux teintures. L&#8217;industrie de la mode, notamment \u00e0 cause de la <strong>fast fashion<\/strong>, est responsable de pr\u00e8s de 3% des <strong>\u00e9missions mondiales<\/strong> de gaz \u00e0 effet de serre et contribue au <strong>d\u00e9veloppement des d\u00e9charges<\/strong> \u00e0 travers le monde, notamment en Afrique et en Am\u00e9rique latine. Moins de 40% des v\u00eatements mis en march\u00e9 sont recycl\u00e9s, ce qui exacerbent les difficult\u00e9s li\u00e9es aux <strong>d&#8217;\u00e9chets textiles<\/strong>. Adopter une approche de <strong>couture z\u00e9ro d\u00e9chet<\/strong> et l&#8217;upcycling sont des alternatives prometteuses pour r\u00e9duire cet impact, tout en favorisant une <strong>mode \u00e9thique<\/strong> et durable.<\/p>\n\n\n<figure class=\"wp-block-embed is-type-video is-provider-youtube wp-block-embed-youtube wp-embed-aspect-16-9 wp-has-aspect-ratio\">\n<div class=\"wp-block-embed__wrapper\">\n<iframe title=\"Webinaire Eco D\u00e9veloppement Durable :Textiles et cuirs industriels\" width=\"1200\" height=\"675\" src=\"https:\/\/www.youtube-nocookie.com\/embed\/S0dZvNglYbk?feature=oembed\" frameborder=\"0\" allow=\"accelerometer; autoplay; clipboard-write; encrypted-media; gyroscope; picture-in-picture; web-share\" referrerpolicy=\"strict-origin-when-cross-origin\" allowfullscreen><\/iframe>\n<\/div>\n<\/figure>\n\n\n\n<p>La mode \u00e9coresponsable prend une ampleur consid\u00e9rable face aux enjeux environnementaux pressants. L&#8217;industrie textile, souvent per\u00e7ue comme un secteur dynamique, cache en r\u00e9alit\u00e9 des facettes n\u00e9fastes pour notre plan\u00e8te. Les cons\u00e9quences de la <strong>fast fashion<\/strong> sur l&#8217;environnement soul\u00e8vent des pr\u00e9occupations grandissantes. Aspirer \u00e0 une consommation plus raisonn\u00e9e devient essentiel pour diminuer les effets n\u00e9fastes li\u00e9s \u00e0 la production et aux d\u00e9chets textiles.<\/p>\n\n\n<h2 class=\"wp-block-heading\">Les d\u00e9fis de l&#8217;industrie textile<\/h2>\n\n\n<p>Chaque \u00e9tape de la fabrication de nos v\u00eatements entra\u00eene des cons\u00e9quences sur le milieu naturel. La <strong>consommation d&#8217;eau<\/strong> et d&#8217;<strong>\u00e9nergie<\/strong> lors du processus de production est souvent alarmante. La <strong>teinture<\/strong> de tissus, par exemple, contribue \u00e0 environ 20 % de la pollution des eaux \u00e0 l\u2019\u00e9chelle mondiale, d\u00e9rangeant ainsi les \u00e9cosyst\u00e8mes aquatiques. Des d\u00e9chets non recycl\u00e9s sont parfois exp\u00e9di\u00e9s vers des r\u00e9gions telles que l&#8217;<strong>Afric<\/strong> et l&#8217;<strong>Am\u00e9rique latine<\/strong>, o\u00f9 ils s&#8217;accumulent dans des d\u00e9charges qui continuent de cro\u00eetre.<\/p>\n\n\n<h2 class=\"wp-block-heading\">Vers une mode \u00e9thique<\/h2>\n\n\n<p>Face \u00e0 ces constats, la tendance du <strong>z\u00e9ro d\u00e9chet<\/strong> s&#8217;affirme comme une r\u00e9ponse appropri\u00e9e au gaspillage textile. La <strong>couture z\u00e9ro d\u00e9chet<\/strong> s\u2019efforce de minimiser les r\u00e9sidus g\u00e9n\u00e9r\u00e9s tout au long du processus cr\u00e9atif. Adapter ses m\u00e9thodes de fabrication \u00e0 un mod\u00e8le <strong>durable<\/strong> et soucieux de l&#8217;environnement est une d\u00e9marche n\u00e9cessaire pour chaque artisan et designer. L&#8217;<strong>upcycling<\/strong> propose \u00e9galement des alternatives int\u00e9ressantes, transformant d&#8217;anciens v\u00eatements en nouvelles pi\u00e8ces uniques et originales.<\/p>\n\n\n<h2 class=\"wp-block-heading\">R\u00e9duire son impact \u00e9cologique<\/h2>\n\n\n<p>En tenant compte des chiffres, l\u2019industrie textile est en cause pour environ 3 % des <strong>\u00e9missions mondiales<\/strong> de gaz \u00e0 effet de serre. \u00c0 ce rythme, on estime qu&#8217;elle pourrait \u00eatre responsable de 26 % de ces \u00e9missions d&#8217;ici 2050. Face \u00e0 ce constat, il est n\u00e9cessaire de se tourner vers des pratiques plus respectueuses de l&#8217;environnement. Le choix de mat\u00e9riaux \u00e9coresponsables devient une priorit\u00e9 dans le processus de cr\u00e9ation. Des ressources telles que les <a href=\"https:\/\/swisstinychalet.ch\/neuch\/les-produits-ecoresponsables-a-privilegier\"><strong>produits \u00e9coresponsables<\/strong><\/a> doivent s\u2019imposer.<\/p>\n\n\n<h2 class=\"wp-block-heading\">Que faire des v\u00eatements usag\u00e9s ?<\/h2>\n\n\n<p>La question de la destination des v\u00eatements que l&#8217;on jette est \u00e9galement probl\u00e9matique. Sur les 517 000 tonnes de textiles mises sur le march\u00e9 en France en 2020, seule une faible part a \u00e9t\u00e9 collect\u00e9e pour le recyclage. Beaucoup d&#8217;entre eux finissent par encombrer des d\u00e9charges. Pour rem\u00e9dier \u00e0 cela, la <a href=\"https:\/\/swisstinychalet.ch\/neuch\/zero-dechet-et-vetements-choisir-la-mode-responsable\"><strong>mode responsable<\/strong><\/a> se dessine comme une alternative prometteuse, offrant des solutions permettant de prolonger la vie des v\u00eatements, d\u2019encourager le recyclage ou de favoriser la r\u00e9utilisation.<\/p>\n\n\n<h2 class=\"wp-block-heading\">Conclusion \u00e0 envisager<\/h2>\n\n\n<p>Promouvoir des solutions durables dans le domaine du textile est d\u00e9sormais un imp\u00e9ratif. S\u2019engager dans des pratiques de consommation plus \u00e9thiques et respectueuses de l&#8217;environnement doit devenir un r\u00e9flexe collectif. L\u2019impact de nos choix quotidiens sur l&#8217;\u00e9cologie ne doit pas \u00eatre sous-estim\u00e9, et ensemble, il est possible d&#8217;inverser la tendance.<\/p>\n\n\n\n<h2 class=\"wp-block-heading\">Les enjeux de l&#8217;industrie textile sur l&#8217;environnement \ud83c\udf0d<\/h2>\n\n\n<figure class=\"wp-block-table\">\n<table>\n<tbody>\n<tr>\n<td>\ud83e\uddf5<\/td>\n<td><strong>Consommation d&#8217;eau et d&#8217;\u00e9nergie<\/strong> : La fabrication de v\u00eatements utilise des quantit\u00e9s massives d&#8217;eau et d&#8217;\u00e9nergie, amplifiant l&#8217;impact \u00e9cologique.<\/td>\n<\/tr>\n<tr>\n<td>\ud83d\udcc9<\/td>\n<td><strong>Emissions de gaz \u00e0 effet de serre<\/strong> : Le secteur textile repr\u00e9sente environ 3% des \u00e9missions mondiales. Si rien ne change, cette part pourrait atteindre 26% d&#8217;ici 2050.<\/td>\n<\/tr>\n<tr>\n<td>\ud83d\udeae<\/td>\n<td><strong>D\u00e9chets textiles<\/strong> : Une grande partie des textiles mis sur le march\u00e9 ne sont pas recycl\u00e9s et se retrouve dans des d\u00e9charges, souvent en Afrique et en Am\u00e9rique latine.<\/td>\n<\/tr>\n<tr>\n<td>\ud83d\udca7<\/td>\n<td><strong>Pollution de l&#8217;eau<\/strong> : Selon l&#8217;ADEME, 20% de la pollution des eaux d\u00e9coule des teintures textiles, nuisant aux \u00e9cosyst\u00e8mes aquatiques.<\/td>\n<\/tr>\n<tr>\n<td>\u267b\ufe0f<\/td>\n<td><strong>Upcycling et couture z\u00e9ro d\u00e9chet<\/strong> : Ces pratiques visent \u00e0 r\u00e9duire les d\u00e9chets g\u00e9n\u00e9r\u00e9s lors de la production de v\u00eatements tout en offrant des solutions cr\u00e9atives.<\/td>\n<\/tr>\n<tr>\n<td>\ud83d\udc5c<\/td>\n<td><strong>Mode \u00e9thique vs fast fashion<\/strong> : Les marques engag\u00e9es dans une d\u00e9marche \u00e9coresponsable s&#8217;opposent \u00e0 la fast fashion, qui engendre des impacts socio-environnementaux d\u00e9vastateurs.<\/td>\n<\/tr>\n<tr>\n<td>\ud83c\udf31<\/td>\n<td><strong>Mat\u00e9riaux \u00e9cologiques<\/strong> : Choisir des mati\u00e8res durables et responsables est essentiel pour minimiser l&#8217;impact de l&#8217;industrie textile sur l&#8217;environnement.<\/td>\n<\/tr>\n<\/tbody>\n<\/table>\n<\/figure>\n","protected":false},"excerpt":{"rendered":"","protected":false},"author":12,"featured_media":6326,"comment_status":"open","ping_status":"close","sticky":false,"template":"","format":"standard","meta":{"_seopress_robots_primary_cat":"","_seopress_titles_title":"","_seopress_titles_desc":"","_seopress_robots_index":"","footnotes":""},"categories":[1545],"tags":[],"class_list":["post-6325","post","type-post","status-publish","format-standard","has-post-thumbnail","hentry","category-neuchcup-fr","generate-columns","tablet-grid-50","mobile-grid-100","grid-parent","grid-33"],"_links":{"self":[{"href":"https:\/\/swisstinychalet.ch\/neuch\/wp-json\/wp\/v2\/posts\/6325","targetHints":{"allow":["GET"]}}],"collection":[{"href":"https:\/\/swisstinychalet.ch\/neuch\/wp-json\/wp\/v2\/posts"}],"about":[{"href":"https:\/\/swisstinychalet.ch\/neuch\/wp-json\/wp\/v2\/types\/post"}],"author":[{"embeddable":true,"href":"https:\/\/swisstinychalet.ch\/neuch\/wp-json\/wp\/v2\/users\/12"}],"replies":[{"embeddable":true,"href":"https:\/\/swisstinychalet.ch\/neuch\/wp-json\/wp\/v2\/comments?post=6325"}],"version-history":[{"count":0,"href":"https:\/\/swisstinychalet.ch\/neuch\/wp-json\/wp\/v2\/posts\/6325\/revisions"}],"wp:featuredmedia":[{"embeddable":true,"href":"https:\/\/swisstinychalet.ch\/neuch\/wp-json\/wp\/v2\/media\/6326"}],"wp:attachment":[{"href":"https:\/\/swisstinychalet.ch\/neuch\/wp-json\/wp\/v2\/media?parent=6325"}],"wp:term":[{"taxonomy":"category","embeddable":true,"href":"https:\/\/swisstinychalet.ch\/neuch\/wp-json\/wp\/v2\/categories?post=6325"},{"taxonomy":"post_tag","embeddable":true,"href":"https:\/\/swisstinychalet.ch\/neuch\/wp-json\/wp\/v2\/tags?post=6325"}],"curies":[{"name":"wp","href":"https:\/\/api.w.org\/{rel}","templated":true}]}}