{"id":6328,"date":"2024-12-23T12:41:53","date_gmt":"2024-12-23T07:11:53","guid":{"rendered":"https:\/\/swisstinychalet.ch\/neuch\/engager-la-communaute-dans-levenement-ecoresponsable"},"modified":"2024-12-23T12:41:53","modified_gmt":"2024-12-23T07:11:53","slug":"engager-la-communaute-dans-levenement-ecoresponsable","status":"publish","type":"post","link":"https:\/\/swisstinychalet.ch\/neuch\/engager-la-communaute-dans-levenement-ecoresponsable","title":{"rendered":"Engager la communaut\u00e9 dans l&#8217;\u00e9v\u00e9nement \u00e9coresponsable"},"content":{"rendered":"\n\n<p>Engager la <strong>communaut\u00e9<\/strong> dans l&#8217;organisation d&#8217;un \u00e9v\u00e9nement \u00e9coresponsable est essentiel pour maximiser son impact positif. En impliquant les <strong>habitants<\/strong>, les entreprises locales et d&#8217;autres <strong>parties prenantes<\/strong>, on peut cr\u00e9er un sentiment de <strong>responsabilit\u00e9 collective<\/strong> et de <strong>solidarit\u00e9<\/strong>. Cela permet non seulement de sensibiliser sur les enjeux environnementaux, mais aussi de promouvoir des pratiques durables au sein du territoire. Des initiatives telles que la <strong>collaboration avec des fournisseurs locaux<\/strong> ou l&#8217;organisation d&#8217;activit\u00e9s de sensibilisation peuvent renforcer cet engagement et contribuer \u00e0 la <strong>durabilit\u00e9<\/strong> de tout \u00e9v\u00e9nement.<\/p>\n\n\n<figure class=\"wp-block-embed is-type-video is-provider-youtube wp-block-embed-youtube wp-embed-aspect-16-9 wp-has-aspect-ratio\">\n<div class=\"wp-block-embed__wrapper\">\n<iframe title=\"Les \u00e9v\u00e9nements \u00e9co-responsables en questions\" width=\"1200\" height=\"675\" src=\"https:\/\/www.youtube-nocookie.com\/embed\/NdgNuwzS8f8?feature=oembed\" frameborder=\"0\" allow=\"accelerometer; autoplay; clipboard-write; encrypted-media; gyroscope; picture-in-picture; web-share\" referrerpolicy=\"strict-origin-when-cross-origin\" allowfullscreen><\/iframe>\n<\/div>\n<\/figure>\n\n\n\n<p>Cr\u00e9er un \u00e9v\u00e9nement \u00e9coresponsable ne se limite pas \u00e0 r\u00e9duire les d\u00e9chets ou \u00e0 choisir des fournisseurs durables. Cela n\u00e9cessite une vraie <strong>implication de la communaut\u00e9<\/strong>. En int\u00e9grant les habitants, les entreprises et les autres parties prenantes, on peut non seulement diminuer l&#8217;impact environnemental, mais aussi favoriser un esprit d&#8217;engagement communal. L&#8217;id\u00e9e est de transformer des \u00e9v\u00e9nements en v\u00e9ritables moments de partage et de collaboration.<\/p>\n\n\n<h2 class=\"wp-block-heading\">Impliquer les parties prenantes<\/h2>\n\n\n<p>Les collectivit\u00e9s, par leur proximit\u00e9 avec les habitants, sont en position id\u00e9ale pour mobiliser les diff\u00e9rents acteurs d&#8217;un \u00e9v\u00e9nement. Cela peut passer par plusieurs actions telles que l&#8217;organisation de r\u00e9unions d&#8217;information, la distribution de questionnaires pour recueillir les avis, ou encore l&#8217;encouragement au b\u00e9n\u00e9volat. En agissant ainsi, il devient possible de rassembler diff\u00e9rentes voix autour d&#8217;un m\u00eame objectif : celui de cr\u00e9er un \u00e9v\u00e9nement durable et significatif.<\/p>\n\n\n<h2 class=\"wp-block-heading\">Des initiatives participatives<\/h2>\n\n\n<p>Organiser un \u00e9v\u00e9nement \u00e9coresponsable implique souvent des initiatives int\u00e9grant les talents locaux. Par exemple, travailler avec des artistes pour une d\u00e9coration \u00e0 partir de mat\u00e9riaux recycl\u00e9s ou solliciter des chefs locaux pour offrir une restauration \u00e0 partir de produits de saison et locaux. Ces choix renforcent non seulement l\u2019identit\u00e9 locale mais cr\u00e9ent \u00e9galement une dynamique de <strong>circuit court<\/strong>, r\u00e9duisant ainsi l&#8217;empreinte carbone li\u00e9e au transport.<\/p>\n\n\n<h2 class=\"wp-block-heading\">Des strat\u00e9gies pour une participation active<\/h2>\n\n\n<p>Pour capter l&#8217;enthousiasme des participants, plusieurs approches peuvent \u00eatre envisag\u00e9es. Organiser des ateliers autour des pratiques \u00e9coresponsables peut \u00e9veiller les consciences et donner \u00e0 chacun les outils n\u00e9cessaires pour agir concr\u00e8tement. De cette fa\u00e7on, les invit\u00e9s deviennent des acteurs \u00e0 part enti\u00e8re de l&#8217;\u00e9v\u00e9nement plut\u00f4t que de simples spectateurs.<\/p>\n\n\n<h2 class=\"wp-block-heading\">\u00c9valuer et communiquer l&#8217;impact<\/h2>\n\n\n<p>Une fois l&#8217;\u00e9v\u00e9nement achev\u00e9, il est fondamental de mesurer son <strong>impact \u00e9cologique<\/strong>. Cela peut se faire \u00e0 travers des indicateurs pr\u00e9cis. \u00c9valuer l&#8217;empreinte carbone, le volume de d\u00e9chets produits ou le nombre de participants sensibilis\u00e9s sont autant de donn\u00e9es \u00e0 communiquer. Une fois ces r\u00e9sultats collect\u00e9s, les partager avec la communaut\u00e9 stimule le sentiment d\u2019appartenance et incite \u00e0 renouveler l\u2019exp\u00e9rience lors d\u2019\u00e9ventuelles manifestations futures. Des informations utiles se trouvent \u00e9galement dans ce <a href=\"https:\/\/swisstinychalet.ch\/neuch\/comment-mesurer-limpact-dun-evenement-ecoresponsable\">guide<\/a>.<\/p>\n\n\n<h2 class=\"wp-block-heading\">Garantir l&#8217;accessibilit\u00e9 et l&#8217;inclusivit\u00e9<\/h2>\n\n\n<p>Rendre un \u00e9v\u00e9nement accessible \u00e0 tous est \u00e9galement primordial. Des solutions de transport durable, des espaces adapt\u00e9s pour les personnes \u00e0 mobilit\u00e9 r\u00e9duite ou des activit\u00e9s pour enfants participent \u00e0 cr\u00e9er une ambiance inclusive. En s\u2019assurant que chaque membre de la communaut\u00e9 puisse profiter de l\u2019\u00e9v\u00e9nement, on renforce le lien social tout en pr\u00f4nant une <strong>philosophie \u00e9coresponsable<\/strong>.<\/p>\n\n\n<p>Engager la communaut\u00e9 est une \u00e9tape essentielle pour r\u00e9ussir des \u00e9v\u00e9nements \u00e9coresponsables. C&#8217;est en r\u00e9unissant les forces vives locales que l&#8217;on parvient \u00e0 r\u00e9aliser des projets qui ont du sens et un impact positif. Les b\u00e9n\u00e9fices d&#8217;une telle approche vont au-del\u00e0 des simples chiffres ; ils touchent au c\u0153ur de la solidarit\u00e9 et de l\u2019<strong>responsabilit\u00e9 collective<\/strong>.<\/p>\n\n\n\n<h2 class=\"wp-block-heading\">Organiser des \u00c9v\u00e9nements \u00c9coresponsables \ud83c\udf0d<\/h2>\n\n\n<figure class=\"wp-block-table\">\n<table>\n<tbody>\n<tr>\n<td>\ud83c\udf31<\/td>\n<td><strong>Estimer l&#8217;empreinte carbone<\/strong> de votre \u00e9v\u00e9nement<\/td>\n<\/tr>\n<tr>\n<td>\ud83d\udd27<\/td>\n<td><strong>Choisir des prestataires<\/strong> adapt\u00e9s et responsables<\/td>\n<\/tr>\n<tr>\n<td>\u267b\ufe0f<\/td>\n<td><strong>Att\u00e9nuer l&#8217;impact \u00e9cologique<\/strong> des manifestations<\/td>\n<\/tr>\n<tr>\n<td>\ud83d\ude8d<\/td>\n<td><strong>Promouvoir des modes de transport<\/strong> durables<\/td>\n<\/tr>\n<tr>\n<td>\ud83c\udf89<\/td>\n<td><strong>Cr\u00e9er une d\u00e9coration<\/strong> respectueuse de l&#8217;environnement<\/td>\n<\/tr>\n<tr>\n<td>\ud83c\udf7d\ufe0f<\/td>\n<td><strong>Pr\u00e9f\u00e9rer une alimentation<\/strong> \u00e9coresponsable<\/td>\n<\/tr>\n<tr>\n<td>\ud83c\udf9f\ufe0f<\/td>\n<td><strong>Rendre l&#8217;\u00e9v\u00e9nement accessible<\/strong> \u00e0 tous<\/td>\n<\/tr>\n<tr>\n<td>\ud83d\udcca<\/td>\n<td><strong>Mesurer l&#8217;impact<\/strong> de l&#8217;\u00e9v\u00e9nement sur l&#8217;environnement<\/td>\n<\/tr>\n<tr>\n<td>\ud83c\udf33<\/td>\n<td><strong>Impliquer la communaut\u00e9<\/strong> dans l&#8217;organisation<\/td>\n<\/tr>\n<tr>\n<td>\u2714\ufe0f<\/td>\n<td><strong>Utiliser des mat\u00e9riaux \u00e9cologiques<\/strong> tout au long de l&#8217;\u00e9v\u00e9nement<\/td>\n<\/tr>\n<\/tbody>\n<\/table>\n<\/figure>\n","protected":false},"excerpt":{"rendered":"","protected":false},"author":10,"featured_media":0,"comment_status":"open","ping_status":"close","sticky":false,"template":"","format":"standard","meta":{"_seopress_robots_primary_cat":"","_seopress_titles_title":"","_seopress_titles_desc":"","_seopress_robots_index":"","footnotes":""},"categories":[1545],"tags":[],"class_list":["post-6328","post","type-post","status-publish","format-standard","hentry","category-neuchcup-fr","generate-columns","tablet-grid-50","mobile-grid-100","grid-parent","grid-33"],"_links":{"self":[{"href":"https:\/\/swisstinychalet.ch\/neuch\/wp-json\/wp\/v2\/posts\/6328","targetHints":{"allow":["GET"]}}],"collection":[{"href":"https:\/\/swisstinychalet.ch\/neuch\/wp-json\/wp\/v2\/posts"}],"about":[{"href":"https:\/\/swisstinychalet.ch\/neuch\/wp-json\/wp\/v2\/types\/post"}],"author":[{"embeddable":true,"href":"https:\/\/swisstinychalet.ch\/neuch\/wp-json\/wp\/v2\/users\/10"}],"replies":[{"embeddable":true,"href":"https:\/\/swisstinychalet.ch\/neuch\/wp-json\/wp\/v2\/comments?post=6328"}],"version-history":[{"count":0,"href":"https:\/\/swisstinychalet.ch\/neuch\/wp-json\/wp\/v2\/posts\/6328\/revisions"}],"wp:attachment":[{"href":"https:\/\/swisstinychalet.ch\/neuch\/wp-json\/wp\/v2\/media?parent=6328"}],"wp:term":[{"taxonomy":"category","embeddable":true,"href":"https:\/\/swisstinychalet.ch\/neuch\/wp-json\/wp\/v2\/categories?post=6328"},{"taxonomy":"post_tag","embeddable":true,"href":"https:\/\/swisstinychalet.ch\/neuch\/wp-json\/wp\/v2\/tags?post=6328"}],"curies":[{"name":"wp","href":"https:\/\/api.w.org\/{rel}","templated":true}]}}