{"id":6359,"date":"2024-12-26T02:16:31","date_gmt":"2024-12-25T20:46:31","guid":{"rendered":"https:\/\/swisstinychalet.ch\/neuch\/entreprises-engagees-pour-un-avenir-durable-qui-transforment-le-monde"},"modified":"2024-12-26T02:16:31","modified_gmt":"2024-12-25T20:46:31","slug":"entreprises-engagees-pour-un-avenir-durable-qui-transforment-le-monde","status":"publish","type":"post","link":"https:\/\/swisstinychalet.ch\/neuch\/entreprises-engagees-pour-un-avenir-durable-qui-transforment-le-monde","title":{"rendered":"entreprises engag\u00e9es pour un avenir durable qui transforment le monde"},"content":{"rendered":"\n\n<p>De nombreuses <strong>entreprises engag\u00e9es<\/strong> \u0153uvrent actuellement pour un <strong>avenir durable<\/strong>, red\u00e9finissant ainsi leur r\u00f4le dans la soci\u00e9t\u00e9 et l&#8217;environnement. Ces entreprises int\u00e8grent des <strong>pratiques \u00e9cologiques<\/strong> dans leur fonctionnement, allant de l&#8217;utilisation de <strong>mat\u00e9riaux recycl\u00e9s<\/strong> \u00e0 la mise en place de programmes de <strong>reboisement<\/strong>. Elles s&#8217;efforcent de r\u00e9duire leur <strong>empreinte carbone<\/strong> tout en promouvant la <strong>responsabilit\u00e9 sociale<\/strong> et l&#8217;<strong>\u00e9quit\u00e9<\/strong> au sein de leurs cha\u00eenes d&#8217;approvisionnement. Ce mouvement fait partie d&#8217;une transformation plus vaste qui vise \u00e0 sensibiliser le public et \u00e0 encourager des choix de consommation respectueux de l&#8217;environnement. En innovant et en adoptant des strat\u00e9gies durables, ces entreprises inspirent des changements positifs et contribuent \u00e0 un futur plus vert pour les g\u00e9n\u00e9rations \u00e0 venir.<\/p>\n\n\n<figure class=\"wp-block-embed is-type-video is-provider-youtube wp-block-embed-youtube wp-embed-aspect-16-9 wp-has-aspect-ratio\">\n<div class=\"wp-block-embed__wrapper\">\n<iframe title=\"Sommet de la Transformation Durable 2022 - ENTREPRISES : COMMENT ACC\u00c9L\u00c9RER LA TRANSFORMATION ?\" width=\"1200\" height=\"675\" src=\"https:\/\/www.youtube-nocookie.com\/embed\/NQPXXMg673A?feature=oembed\" frameborder=\"0\" allow=\"accelerometer; autoplay; clipboard-write; encrypted-media; gyroscope; picture-in-picture; web-share\" referrerpolicy=\"strict-origin-when-cross-origin\" allowfullscreen><\/iframe>\n<\/div>\n<\/figure>\n\n\n\n<p>Face aux enjeux environnementaux pressants, de nombreuses entreprises prennent des initiatives innovantes pour r\u00e9duire leur empreinte \u00e9cologique. Qu&#8217;il s&#8217;agisse de l&#8217;industrie de la mode, de la production alimentaire ou des cosm\u00e9tiques, certaines marques s\u2019engagent vraiment \u00e0 respecter la plan\u00e8te tout en offrant des produits de qualit\u00e9. D\u00e9couvrez comment ces acteurs changent les r\u00e8gles du jeu gr\u00e2ce \u00e0 leur vision \u00e9coresponsable.<\/p>\n\n\n<h2 class=\"wp-block-heading\">Des actions concr\u00e8tes dans la mode<\/h2>\n\n\n<p>Les entreprises de mode \u00e9coresponsables s\u2019imposent comme des leaders en mati\u00e8re de durabilit\u00e9. <strong>ORAKI<\/strong>, fond\u00e9e en 2017, mise sur l&#8217;utilisation de mati\u00e8res recycl\u00e9es et sur des technologies novatrices pour concevoir des v\u00eatements \u00e0 la fois esth\u00e9tiques et respectueux de l\u2019environnement. Leur partenariat avec <strong>One Tree Planted<\/strong> pour planter des arbres t\u00e9moigne de leur volont\u00e9 de contribuer positivement \u00e0 notre plan\u00e8te.<\/p>\n\n\n<p>Une autre marque, <strong>Essentiels Co<\/strong>, a vu le jour pour offrir des v\u00eatements minimalistes et \u00e9thiques, enti\u00e8rement con\u00e7us au Qu\u00e9bec. Chaque collection, produite en petites quantit\u00e9s, vise \u00e0 r\u00e9duire le gaspillage textile et \u00e0 promouvoir un mode de consommation plus conscient.<\/p>\n\n\n<h2 class=\"wp-block-heading\">L\u2019exemple des cosm\u00e9tiques \u00e9coresponsables<\/h2>\n\n\n<p>Dans l\u2019univers des cosm\u00e9tiques, <strong>Yves Rocher<\/strong> se d\u00e9marque par son engagement \u00e0 r\u00e9duire l&#8217;utilisation du plastique vierge. Gr\u00e2ce \u00e0 leur gamme <i>Bain de Nature<\/i>, l\u2019entreprise fran\u00e7aise transforme des d\u00e9chets oc\u00e9aniques en contenant pour ses produits. Une d\u00e9marche qui illustre une vision proactive et respectueuse de l\u2019environnement.<\/p>\n\n\n<p>Une autre initiative inspirante provient de <strong>Biotherm<\/strong>, qui a r\u00e9cemment lanc\u00e9 une gamme de cr\u00e8mes veg\u00e9taliennes et naturelles. Chaque produit vendu contribue financi\u00e8rement \u00e0 des actions de reforestation des oc\u00e9ans du Canada, renfor\u00e7ant ainsi leur engagement envers la plan\u00e8te.<\/p>\n\n\n<h2 class=\"wp-block-heading\">Innovations dans l\u2019alimentation durable<\/h2>\n\n\n<p>Bien que souvent sous-estim\u00e9, le secteur alimentaire joue un r\u00f4le majeur dans la durabilit\u00e9. <strong>MadeGood<\/strong> s\u2019efforce de produire des collations biologiques et sans allerg\u00e8nes tout en int\u00e9grant une approche \u00e9cologique \u00e0 chaque \u00e9tape de sa cha\u00eene d\u2019approvisionnement. Ils recyclent 90% de leurs d\u00e9chets, d\u00e9montrant que la durabilit\u00e9 est au c\u0153ur de leur mission.<\/p>\n\n\n<p>D\u2019un autre c\u00f4t\u00e9, <strong>Caf\u00e9 Pista<\/strong> se concentre sur le commerce \u00e9quitable et la torr\u00e9faction de caf\u00e9 avec un respect total des processus de production, garantissant un impact environnemental r\u00e9duit tout en soutenant les producteurs locaux.<\/p>\n\n\n<h2 class=\"wp-block-heading\">Textiles recycl\u00e9s et initiatives locales<\/h2>\n\n\n<p>La transformation des d\u00e9chets en ressources est une r\u00e9alit\u00e9 pour des marques comme <strong>GROOM<\/strong>, qui propose des produits de soins pour hommes. En collaborant avec <strong>Pachama<\/strong>, ils parviennent \u00e0 compenser leurs \u00e9missions de carbone, tout en int\u00e9grant un calculateur d&#8217;\u00e9missions pour rendre leur logistique plus verte.<\/p>\n\n\n<p>Fort de son engagement envers l\u2019\u00e9conomie locale, <strong>Bertrand la Ligne<\/strong> recycle des tissus pour cr\u00e9er des pi\u00e8ces de mode uniques. Ce processus non seulement r\u00e9duit les d\u00e9chets textiles, mais favorise \u00e9galement l\u2019achat local en s\u2019approvisionnant dans des friperies de la r\u00e9gion.<\/p>\n\n\n<h2 class=\"wp-block-heading\">Une approche globale pour un avenir meilleur<\/h2>\n\n\n<p>Ces exemples ne repr\u00e9sentent qu\u2019un aper\u00e7u des nombreuses initiatives que certaines entreprises adoptent pour r\u00e9duire leur impact environnemental et promouvoir un avenir durable. En int\u00e9grant des pratiques novatrices, ces marques ne se contentent pas de produire; elles inspirent aussi d&#8217;autres entreprises \u00e0 faire de m\u00eame. Leur engagement vers un avenir durable est un puissant moteur de changement dans notre soci\u00e9t\u00e9.<\/p>\n\n\n\n<h2 class=\"wp-block-heading\">Exemples d&#8217;initiatives \u00e9coresponsables \ud83c\udf0d<\/h2>\n\n\n<figure class=\"wp-block-table\">\n<table>\n<tbody>\n<tr>\n<td>\ud83c\udf31<\/td>\n<td><strong>ORAKI<\/strong> &#8211; V\u00eatements \u00e9cologiques utilisant des mati\u00e8res recycl\u00e9es et collaborant avec One Tree Planted.<\/td>\n<\/tr>\n<tr>\n<td>\ud83c\udf43<\/td>\n<td><strong>Yves Rocher<\/strong> &#8211; \u00c9limination du plastique vierge avec des produits faits \u00e0 partir de d\u00e9chets oc\u00e9aniques.<\/td>\n<\/tr>\n<tr>\n<td>\ud83e\uddfd<\/td>\n<td><strong>Bateau Bateau<\/strong> &#8211; Essuie-tout r\u00e9utilisables confectionn\u00e9s \u00e0 partir de 100% coton.<\/td>\n<\/tr>\n<tr>\n<td>\ud83c\udf75<\/td>\n<td><strong>DAVIDs TEA<\/strong> &#8211; Sachets imprim\u00e9s 100% compostables pour leurs th\u00e9s.<\/td>\n<\/tr>\n<tr>\n<td>\ud83d\udc5f<\/td>\n<td><strong>On<\/strong> &#8211; Chaussures recyclables avec programme Cyclon pour les runners.<\/td>\n<\/tr>\n<tr>\n<td>\ud83e\udde6<\/td>\n<td><strong>Smartwool<\/strong> &#8211; R\u00e9cup\u00e9ration de chaussettes pour \u00e9viter des d\u00e9chets suppl\u00e9mentaires.<\/td>\n<\/tr>\n<tr>\n<td>\ud83c\udf0a<\/td>\n<td><strong>Biotherm<\/strong> &#8211; Cr\u00e8me avec un projet de reboisement oc\u00e9anique pour chaque vente.<\/td>\n<\/tr>\n<tr>\n<td>\ud83d\udd6f\ufe0f<\/td>\n<td><strong>Moonday<\/strong> &#8211; Chandelles naturelles et collaboration avec TreeEra pour planter des arbres.<\/td>\n<\/tr>\n<tr>\n<td>\ud83d\udc87\u200d\u2642\ufe0f<\/td>\n<td><strong>GROOM<\/strong> &#8211; Produits de soins pour homme \u00e9cologiques, compensant leurs \u00e9missions de carbone.<\/td>\n<\/tr>\n<tr>\n<td>\ud83d\udd4a\ufe0f<\/td>\n<td><strong>SOJA&amp;CO<\/strong> &#8211; Chandelles et savons \u00e0 base de produits naturels, plantant un arbre par commande.<\/td>\n<\/tr>\n<tr>\n<td>\u2615<\/td>\n<td><strong>Caf\u00e9 Pista<\/strong> &#8211; Caf\u00e9 mobile engag\u00e9 dans le commerce durable.<\/td>\n<\/tr>\n<tr>\n<td>\ud83c\udf3f<\/td>\n<td><strong>Naturium<\/strong> &#8211; Produits de soin avec des emballages \u00e9cologiques et design minimaliste.<\/td>\n<\/tr>\n<tr>\n<td>\ud83c\udf77<\/td>\n<td><strong>Vins d&#8217;Afrique du Sud<\/strong> &#8211; Initiatives pour la durabilit\u00e9 et l&#8217;\u00e9quit\u00e9 dans l&#8217;industrie vinicole.<\/td>\n<\/tr>\n<tr>\n<td>\ud83c\udf6a<\/td>\n<td><strong>MadeGood<\/strong> &#8211; Collations biologiques, engagement z\u00e9ro d\u00e9chet et certification B Corporation.<\/td>\n<\/tr>\n<tr>\n<td>\ud83d\udcbc<\/td>\n<td><strong>K\u00e9rastase<\/strong> &#8211; Emballages \u00e9cologiques, r\u00e9duisant l&#8217;utilisation de plastique.<\/td>\n<\/tr>\n<tr>\n<td>\ud83d\udc57<\/td>\n<td><strong>Essentiels Co<\/strong> &#8211; Mode durable et production en petites quantit\u00e9s pour \u00e9viter le gaspillage.<\/td>\n<\/tr>\n<tr>\n<td>\ud83e\uddf5<\/td>\n<td><strong>Bertrand la ligne<\/strong> &#8211; Mode slow fashion avec des cr\u00e9ations uniques \u00e0 partir de tissus r\u00e9cup\u00e9r\u00e9s.<\/td>\n<\/tr>\n<tr>\n<td>\ud83e\uddf4<\/td>\n<td><strong>ATTITUDE<\/strong> &#8211; Produits de soin et nettoyage avec des emballages \u00e9co-innovants.<\/td>\n<\/tr>\n<tr>\n<td>\ud83d\udc55<\/td>\n<td><strong>Message Factory<\/strong> &#8211; V\u00eatements \u00e9thiques fabriqu\u00e9s au Qu\u00e9bec, engageant l&#8217;\u00e9conomie locale.<\/td>\n<\/tr>\n<tr>\n<td>\ud83c\udfed<\/td>\n<td><strong>Simons<\/strong> &#8211; Initiative Vision pour r\u00e9inventer la mode durable et r\u00e9duire l&#8217;impact environnemental.<\/td>\n<\/tr>\n<\/tbody>\n<\/table>\n<\/figure>\n","protected":false},"excerpt":{"rendered":"","protected":false},"author":12,"featured_media":6360,"comment_status":"open","ping_status":"close","sticky":false,"template":"","format":"standard","meta":{"_seopress_robots_primary_cat":"","_seopress_titles_title":"","_seopress_titles_desc":"","_seopress_robots_index":"","footnotes":""},"categories":[1545],"tags":[],"class_list":["post-6359","post","type-post","status-publish","format-standard","has-post-thumbnail","hentry","category-neuchcup-fr","generate-columns","tablet-grid-50","mobile-grid-100","grid-parent","grid-33"],"_links":{"self":[{"href":"https:\/\/swisstinychalet.ch\/neuch\/wp-json\/wp\/v2\/posts\/6359","targetHints":{"allow":["GET"]}}],"collection":[{"href":"https:\/\/swisstinychalet.ch\/neuch\/wp-json\/wp\/v2\/posts"}],"about":[{"href":"https:\/\/swisstinychalet.ch\/neuch\/wp-json\/wp\/v2\/types\/post"}],"author":[{"embeddable":true,"href":"https:\/\/swisstinychalet.ch\/neuch\/wp-json\/wp\/v2\/users\/12"}],"replies":[{"embeddable":true,"href":"https:\/\/swisstinychalet.ch\/neuch\/wp-json\/wp\/v2\/comments?post=6359"}],"version-history":[{"count":0,"href":"https:\/\/swisstinychalet.ch\/neuch\/wp-json\/wp\/v2\/posts\/6359\/revisions"}],"wp:featuredmedia":[{"embeddable":true,"href":"https:\/\/swisstinychalet.ch\/neuch\/wp-json\/wp\/v2\/media\/6360"}],"wp:attachment":[{"href":"https:\/\/swisstinychalet.ch\/neuch\/wp-json\/wp\/v2\/media?parent=6359"}],"wp:term":[{"taxonomy":"category","embeddable":true,"href":"https:\/\/swisstinychalet.ch\/neuch\/wp-json\/wp\/v2\/categories?post=6359"},{"taxonomy":"post_tag","embeddable":true,"href":"https:\/\/swisstinychalet.ch\/neuch\/wp-json\/wp\/v2\/tags?post=6359"}],"curies":[{"name":"wp","href":"https:\/\/api.w.org\/{rel}","templated":true}]}}