{"id":6366,"date":"2024-12-26T13:43:08","date_gmt":"2024-12-26T08:13:08","guid":{"rendered":"https:\/\/swisstinychalet.ch\/neuch\/impact-du-plastique-sur-lenvironnement-que-faire"},"modified":"2024-12-26T13:43:08","modified_gmt":"2024-12-26T08:13:08","slug":"impact-du-plastique-sur-lenvironnement-que-faire","status":"publish","type":"post","link":"https:\/\/swisstinychalet.ch\/neuch\/impact-du-plastique-sur-lenvironnement-que-faire","title":{"rendered":"Impact du plastique sur l&#8217;environnement : que faire ?"},"content":{"rendered":"\n\n<p>La <strong>pollution plastique<\/strong> repr\u00e9sente un v\u00e9ritable fl\u00e9au mondial, mena\u00e7ant les <strong>\u00e9cosyst\u00e8mes<\/strong> et la <strong>biodiversit\u00e9<\/strong>. Chaque ann\u00e9e, des millions de tonnes de plastique se retrouvent dans nos oc\u00e9ans, formant des zones de <strong>d\u00e9bris<\/strong> qui mettent en danger la faune marine. Pour lutter contre ce fl\u00e9au, il est crucial de <strong>diminuer la production<\/strong> de plastiques \u00e0 usage unique et d&#8217;am\u00e9liorer les syst\u00e8mes de <strong>recyclage<\/strong>. En adoptant des alternatives durables et en int\u00e9grant le <strong>recyclage<\/strong> d\u00e8s la conception des produits, nous pouvons construire une <strong>\u00e9conomie circulaire<\/strong>. De plus, sensibiliser les individus et les entreprises \u00e0 l&#8217;importance de r\u00e9duire leur empreinte plastique est essentiel pour prot\u00e9ger notre plan\u00e8te.<\/p>\n\n\n<figure class=\"wp-block-embed is-type-video is-provider-youtube wp-block-embed-youtube wp-embed-aspect-16-9 wp-has-aspect-ratio\">\n<div class=\"wp-block-embed__wrapper\">\n<iframe title=\"LES PLASTIQUES ET LEURS CONS\u00c9QUENCES SUR L&#039;ENVIRONNEMENT\" width=\"1200\" height=\"675\" src=\"https:\/\/www.youtube-nocookie.com\/embed\/RZw0jO1LYAQ?feature=oembed\" frameborder=\"0\" allow=\"accelerometer; autoplay; clipboard-write; encrypted-media; gyroscope; picture-in-picture; web-share\" referrerpolicy=\"strict-origin-when-cross-origin\" allowfullscreen><\/iframe>\n<\/div>\n<\/figure>\n\n\n\n<p>La pollution <strong>plastique<\/strong> est un probl\u00e8me croissant qui affecte diverses dimensions de notre plan\u00e8te. Des oc\u00e9ans aux paysages, le plastique a laiss\u00e9 une empreinte ind\u00e9l\u00e9bile. Les donn\u00e9es r\u00e9v\u00e8lent des v\u00e9rit\u00e9s alarmantes : une grande partie des d\u00e9chets plastiques finit en d\u00e9charge, tandis qu&#8217;une portion non n\u00e9gligeable se retrouve dans la nature. Avec ce panorama d\u00e9solant, il est essentiel de se questionner sur les <strong>solutions<\/strong> \u00e0 envisager pour att\u00e9nuer cette situation.<\/p>\n\n\n<h2 class=\"wp-block-heading\">Les cons\u00e9quences du plastique dans l\u2019environnement<\/h2>\n\n\n<p>Les d\u00e9chets plastiques sont responsables de l\u2019\u00e9mergence de gigantesques <strong>\u00eeles de d\u00e9chets<\/strong> dans les oc\u00e9ans, mena\u00e7ant ainsi l\u2019\u00e9quilibre des \u00e9cosyst\u00e8mes marins et la biodiversit\u00e9. Des esp\u00e8ces animales se retrouvent pi\u00e9g\u00e9es ou ing\u00e8rent ces mat\u00e9riaux, ce qui perturbe leurs cycles de vie. Les r\u00e9percussions ne s\u2019arr\u00eatent pas l\u00e0 ; la d\u00e9gradation du plastique contribue \u00e9galement \u00e0 l\u2019intensification de l&#8217;effet de serre. Face \u00e0 cela, une action collective s&#8217;av\u00e8re primordiale.<\/p>\n\n\n<h2 class=\"wp-block-heading\">Des choix qui font la diff\u00e9rence<\/h2>\n\n\n<p>Pour lutter contre ce fl\u00e9au, plusieurs actions peuvent \u00eatre mises en place. Tout d&#8217;abord, il est conseill\u00e9 de r\u00e9duire la consommation de <strong>plastiques \u00e0 usage unique<\/strong>. Opter pour des alternatives durables telles que les gourdes ou les sacs r\u00e9utilisables aide \u00e0 diminuer notre empreinte. Une autre voie consiste \u00e0 s\u2019informer sur le <strong>recyclage<\/strong> local des plastiques. Chaque commune a ses sp\u00e9cificit\u00e9s et comprendre quelles r\u00e9sines peuvent \u00eatre recycl\u00e9es permet d&#8217;optimiser le processus.<\/p>\n\n\n<h2 class=\"wp-block-heading\">Les initiatives pour un avenir plus vert<\/h2>\n\n\n<p>Plusieurs acteurs cherchent \u00e0 instituer des pratiques durables, un exemple \u00e9tant la m\u00e9tropole de <strong>Lyon<\/strong>, qui a \u00e9mis des ambitions \u00e9coresponsables mettant l&#8217;accent sur la r\u00e9duction des plastiques dans la vie quotidienne. Des mouvements similaires \u00e9mergent dans diff\u00e9rentes r\u00e9gions, prouvant qu&#8217;une prise de conscience s\u2019ancre dans divers secteurs, y compris celui des entreprises. Ces derni\u00e8res jouent un r\u00f4le actif dans la r\u00e9duction des d\u00e9chets, en adoptant des m\u00e9thodes de production plus <strong>durables<\/strong> et en favorisant des mat\u00e9riaux alternatifs au plastique.<\/p>\n\n\n<h2 class=\"wp-block-heading\">R\u00e9inventer nos habitudes<\/h2>\n\n\n<p>\u00c0 titre d&#8217;exemple, l&#8217;introduction de <strong>vaisselle r\u00e9utilisable<\/strong> lors d&#8217;\u00e9v\u00e9nements a d\u00e9j\u00e0 commenc\u00e9 \u00e0 transformer notre fa\u00e7on de c\u00e9l\u00e9brer. La location de ces produits repr\u00e9sente une d\u00e9marche \u00e0 la fois pratique et respectueuse de l\u2019environnement. D\u2019autre part, la cr\u00e9ation de sacs r\u00e9utilisables pour les courses est une initiative simple mais efficace. Abandonner les <strong>emballages jetables<\/strong> modifie notre quotidien et encourage un geste en faveur de la plan\u00e8te.<\/p>\n\n\n<h2 class=\"wp-block-heading\">Agir ensemble pour un changement global<\/h2>\n\n\n<p>La collaboration entre les citoyens, les entreprises et les collectivit\u00e9s est essentielle pour amorcer un changement durable. Les initiatives locales pour promouvoir le <strong>z\u00e9ro d\u00e9chet<\/strong> fleurissent et offrent des ressources pr\u00e9cieuses pour ceux d\u00e9sireux d\u2019adopter un mode de vie \u00e9coresponsable. En nous unissant, nous avons le potentiel d\u2019inverser la tendance et de prot\u00e9ger notre environnement pour les g\u00e9n\u00e9rations futures.<\/p>\n\n\n<p>Pour plus d&#8217;informations sur les efforts \u00e9coresponsables, consultez les ressources suivantes : <a href=\"https:\/\/swisstinychalet.ch\/neuch\/vers-un-avenir-sans-plastique-les-ambitions-ecoresponsables-de-la-metropole-de-lyon\">lyon, un avenir sans plastique<\/a>, <a href=\"https:\/\/swisstinychalet.ch\/neuch\/le-role-des-entreprises-dans-la-reduction-des-dechets-2\">le r\u00f4le des entreprises<\/a>, <a href=\"https:\/\/swisstinychalet.ch\/neuch\/decouvrez-le-verre-plastique-reutilisable-suisse-qui-va-transformer-votre-quotidien\">le verre plastique r\u00e9utilisable<\/a>, <a href=\"https:\/\/swisstinychalet.ch\/neuch\/decouvrez-comment-la-location-de-vaisselle-plastique-reutilisable-peut-transformer-vos-evenements\">location de vaisselle r\u00e9utilisable<\/a>, et <a href=\"https:\/\/swisstinychalet.ch\/neuch\/initiatives-locales-pour-promouvoir-le-zero-dechet\">initiatives locales pour le z\u00e9ro d\u00e9chet<\/a>.<\/p>\n\n\n\n<h2 class=\"wp-block-heading\">Impact du plastique : un d\u00e9fi environnemental majeur<\/h2>\n\n\n<figure class=\"wp-block-table\">\n<table>\n<tbody>\n<tr>\n<td>\ud83c\udf0a<\/td>\n<td><strong>\u00c9cosyst\u00e8mes en danger :<\/strong> La pr\u00e9sence de \u00ab soupe de plastique \u00bb dans les oc\u00e9ans menace la biodiversit\u00e9.<\/td>\n<\/tr>\n<tr>\n<td>\u267b\ufe0f<\/td>\n<td><strong>Recycler intelligemment :<\/strong> Renseignez-vous sur les plastiques recyclables dans votre commune.<\/td>\n<\/tr>\n<tr>\n<td>\ud83d\uddd1\ufe0f<\/td>\n<td><strong>Gestion des d\u00e9chets :<\/strong> 46% des d\u00e9chets plastiques finissent en d\u00e9charge, ce qui est pr\u00e9occupant.<\/td>\n<\/tr>\n<tr>\n<td>\ud83c\udf0d<\/td>\n<td><strong>R\u00e9duction des plastiques \u00e9ph\u00e9m\u00e8res :<\/strong> Limiter les emballages \u00e0 usage unique est crucial pour notre environnement.<\/td>\n<\/tr>\n<tr>\n<td>\ud83d\udeab<\/td>\n<td><strong>Pollution croissante :<\/strong> 22% des plastiques sont mal g\u00e9r\u00e9s, contribuant \u00e0 la pollution sauvage.<\/td>\n<\/tr>\n<tr>\n<td>\ud83c\udf31<\/td>\n<td><strong>Alternatives durables :<\/strong> Cherchez des mat\u00e9riaux remplacant le plastique pour un avenir plus vert.<\/td>\n<\/tr>\n<tr>\n<td>\ud83c\udf89<\/td>\n<td><strong>\u00c9v\u00e9nements z\u00e9ro d\u00e9chet :<\/strong> Organisez des \u00e9v\u00e9nements responsables sans plastique.<\/td>\n<\/tr>\n<tr>\n<td>\ud83c\udf81<\/td>\n<td><strong>Cadeaux \u00e9coresponsables :<\/strong> Pensez \u00e0 des id\u00e9es durables pour des occasions sp\u00e9ciales.<\/td>\n<\/tr>\n<\/tbody>\n<\/table>\n<\/figure>\n","protected":false},"excerpt":{"rendered":"","protected":false},"author":9,"featured_media":6367,"comment_status":"open","ping_status":"close","sticky":false,"template":"","format":"standard","meta":{"_seopress_robots_primary_cat":"","_seopress_titles_title":"","_seopress_titles_desc":"","_seopress_robots_index":"","footnotes":""},"categories":[1545],"tags":[],"class_list":["post-6366","post","type-post","status-publish","format-standard","has-post-thumbnail","hentry","category-neuchcup-fr","generate-columns","tablet-grid-50","mobile-grid-100","grid-parent","grid-33"],"_links":{"self":[{"href":"https:\/\/swisstinychalet.ch\/neuch\/wp-json\/wp\/v2\/posts\/6366","targetHints":{"allow":["GET"]}}],"collection":[{"href":"https:\/\/swisstinychalet.ch\/neuch\/wp-json\/wp\/v2\/posts"}],"about":[{"href":"https:\/\/swisstinychalet.ch\/neuch\/wp-json\/wp\/v2\/types\/post"}],"author":[{"embeddable":true,"href":"https:\/\/swisstinychalet.ch\/neuch\/wp-json\/wp\/v2\/users\/9"}],"replies":[{"embeddable":true,"href":"https:\/\/swisstinychalet.ch\/neuch\/wp-json\/wp\/v2\/comments?post=6366"}],"version-history":[{"count":0,"href":"https:\/\/swisstinychalet.ch\/neuch\/wp-json\/wp\/v2\/posts\/6366\/revisions"}],"wp:featuredmedia":[{"embeddable":true,"href":"https:\/\/swisstinychalet.ch\/neuch\/wp-json\/wp\/v2\/media\/6367"}],"wp:attachment":[{"href":"https:\/\/swisstinychalet.ch\/neuch\/wp-json\/wp\/v2\/media?parent=6366"}],"wp:term":[{"taxonomy":"category","embeddable":true,"href":"https:\/\/swisstinychalet.ch\/neuch\/wp-json\/wp\/v2\/categories?post=6366"},{"taxonomy":"post_tag","embeddable":true,"href":"https:\/\/swisstinychalet.ch\/neuch\/wp-json\/wp\/v2\/tags?post=6366"}],"curies":[{"name":"wp","href":"https:\/\/api.w.org\/{rel}","templated":true}]}}