{"id":6400,"date":"2024-12-29T12:03:52","date_gmt":"2024-12-29T06:33:52","guid":{"rendered":"https:\/\/swisstinychalet.ch\/neuch\/lart-du-troc-pour-reduire-les-dechets"},"modified":"2024-12-29T12:03:52","modified_gmt":"2024-12-29T06:33:52","slug":"lart-du-troc-pour-reduire-les-dechets","status":"publish","type":"post","link":"https:\/\/swisstinychalet.ch\/neuch\/lart-du-troc-pour-reduire-les-dechets","title":{"rendered":"L&#8217;art du troc pour r\u00e9duire les d\u00e9chets"},"content":{"rendered":"\n\n<p>Le <strong>troc<\/strong> est une pratique pr\u00e9cieuse qui permet de <strong>r\u00e9duire les d\u00e9chets<\/strong> tout en favorisant une consommation responsable. En \u00e9changeant des biens et des services sans transactions mon\u00e9taires, cette m\u00e9thode \u00e9coresponsable encourage la <strong>r\u00e9utilisation<\/strong> et le partage local. De plus, des initiatives telles que des <strong>ateliers de r\u00e9paration<\/strong> et des <strong>troc parties<\/strong> facilitent l&#8217;engagement communautaire dans une \u00e9conomie collaborative. Chaque geste compte pour diminuer notre impact sur l&#8217;environnement et favoriser un mode de vie durable.<\/p>\n\n\n<figure class=\"wp-block-embed is-type-video is-provider-youtube wp-block-embed-youtube wp-embed-aspect-16-9 wp-has-aspect-ratio\">\n<div class=\"wp-block-embed__wrapper\">\n<iframe title=\"Comment r\u00e9duire mes d\u00e9chets ? | Ateliers Z\u00e9ro D\u00e9chet m2A\" width=\"1200\" height=\"675\" src=\"https:\/\/www.youtube-nocookie.com\/embed\/QGu1CELOH3s?feature=oembed\" frameborder=\"0\" allow=\"accelerometer; autoplay; clipboard-write; encrypted-media; gyroscope; picture-in-picture; web-share\" referrerpolicy=\"strict-origin-when-cross-origin\" allowfullscreen><\/iframe>\n<\/div>\n<\/figure>\n\n\n\n<p>Changer nos habitudes de consommation est un d\u00e9fi auquel nous devons faire face. La <strong>prise de conscience environnementale<\/strong> grandit, et avec elle, le besoin de repenser nos pratiques quotidiennes. Le <strong>troc<\/strong> \u00e9merge comme une option s\u00e9duisante pour ceux qui cherchent \u00e0 diminuer leur impact sur la plan\u00e8te tout en obtenant plus de ressources sans d\u00e9bourser d&#8217;argent. Echanger des biens et services constitue une r\u00e9ponse \u00e0 la surconsommation et une mani\u00e8re efficace de participer \u00e0 l\u2019\u00e9conomie collaborative.<\/p>\n\n\n<h2 class=\"wp-block-heading\">Les bienfaits du troc<\/h2>\n\n\n<p>Participer \u00e0 des sessions de <strong>troc<\/strong> ouvre la porte \u00e0 de nombreux avantages. R\u00e9utiliser des objets permet de leur donner une seconde vie et participe \u00e0 la r\u00e9duction des <strong>d\u00e9chets<\/strong> qui polluent notre environnement. Au-del\u00e0 de l&#8217;aspect \u00e9cologique, le troc favorise le lien social, rassemblant des personnes partageant des valeurs similaires. Des \u00e9v\u00e9nements tels que des <strong>troc parties<\/strong> ou des ateliers de couture, organis\u00e9s par des associations comme la <strong>Croix-Rouge<\/strong>, permettent de cr\u00e9er un cadre convivial pour \u00e9changer v\u00eatements et comp\u00e9tences.<\/p>\n\n\n<h2 class=\"wp-block-heading\">Comment organiser un troc efficace<\/h2>\n\n\n<p>La premi\u00e8re \u00e9tape consiste \u00e0 former une \u00e9quipe motiv\u00e9e, capable de dynamiser l&#8217;\u00e9v\u00e9nement. Ensuite, il est essentiel d&#8217;installer une <strong>bo\u00eete \u00e0 dons<\/strong> pour recueillir les articles \u00e0 \u00e9changer. Lors de ces rencontres, l&#8217;ambiance doit \u00eatre d\u00e9tendue, favorisant les \u00e9changes authentiques. L&#8217;organisation d&#8217;ateliers de r\u00e9paration, comme ceux propos\u00e9s par des initiatives telles que <strong>J&#8217;agis pour R\u00e9duire<\/strong>, enrichit l&#8217;exp\u00e9rience et montre comment donner une nouvelle vie \u00e0 des v\u00eatements us\u00e9s.<\/p>\n\n\n<h2 class=\"wp-block-heading\">Les initiatives et ressources autour du troc<\/h2>\n\n\n<p>Il existe plusieurs ressources mises \u00e0 disposition pour accompagner ceux qui souhaitent int\u00e9grer le troc dans leur quotidien. Des plateformes en ligne, des guides pratiques sur la <strong>gestion des d\u00e9chets<\/strong> et des \u00e9v\u00e9nements locaux permettent de d\u00e9couvrir de nouvelles fa\u00e7ons d&#8217;\u00e9changer sans acheter. Actuellement, la Semaine Europ\u00e9enne de r\u00e9duction des d\u00e9chets offre des occasions id\u00e9ales pour se rapprocher d&#8217;une mode de vie plus responsable. On peut en savoir plus \u00e0 ce sujet en consultant des sites comme <a href=\"https:\/\/swisstinychalet.ch\/neuch\/les-defis-du-zero-dechet-ateliers-et-echanges-autour-dun-mode-de-vie-durable\">ici<\/a>.<\/p>\n\n\n<h2 class=\"wp-block-heading\">Vers une \u00e9conomie circulaire<\/h2>\n\n\n<p>Adopter le troc est un pas vers une <strong>\u00e9conomie circulaire<\/strong> o\u00f9 le principe de &#8220;r\u00e9cup\u00e9rer, r\u00e9utiliser, recycler&#8221; prend tout son sens. En revoil\u00e0 les principes fondamentaux \u00e0 travers les <strong>5 R du z\u00e9ro d\u00e9chet<\/strong>, qui pr\u00f4nent la r\u00e9duction \u00e0 la source et encouragent les comportements durables. Plus d&#8217;informations sur ce sujet peuvent \u00eatre trouv\u00e9es sur ce lien <a href=\"https:\/\/swisstinychalet.ch\/neuch\/ecologie-et-zero-dechet\/quest-ce-que-le-zero-dechet-et-comment-ladopter\/quels-sont-les-5-r-du-zero-dechet\">ici<\/a>.<\/p>\n\n\n<h2 class=\"wp-block-heading\">L&#8217;avenir du troc et de la r\u00e9duction des d\u00e9chets<\/h2>\n\n\n<p>\u00c0 mesure que notre soci\u00e9t\u00e9 \u00e9volue, le troc pourrait devenir une pratique courante, renfor\u00e7ant l&#8217;id\u00e9e de consommer moins mais mieux. En participant \u00e0 ces initiatives, chacun peut non seulement r\u00e9duire ses d\u00e9chets, mais \u00e9galement soutenir une communaut\u00e9 engag\u00e9e pour un monde plus durable. Des lieux embl\u00e9matiques s&#8217;installent, comme les <strong>havres \u00e9coresponsables<\/strong>, qui encouragent la transition vers des modes de vie respectueux de l&#8217;environnement. D\u00e9couvrez ces lieux sur ce lien <a href=\"https:\/\/swisstinychalet.ch\/neuch\/decouvrez-les-havres-caches-de-la-capitale-qui-sengagent-pour-un-mode-de-vie-zero-dechet-et-ecoresponsable\">ici<\/a>.<\/p>\n\n\n\n<h2 class=\"wp-block-heading\">Troc et \u00c9conomie Collaborative : Un Pas vers la Durabilit\u00e9<\/h2>\n\n\n<figure class=\"wp-block-table\">\n<table>\n<tbody>\n<tr>\n<td>\ud83e\udd1d<\/td>\n<td><strong>Troc :<\/strong> L&#8217;art de r\u00e9utiliser en \u00e9changeant des biens et des services sans d\u00e9bourser un centime.<\/td>\n<\/tr>\n<tr>\n<td>\ud83d\udc57<\/td>\n<td><strong>Troc V\u00eatements :<\/strong> Participer \u00e0 des \u00e9v\u00e9nements comme ceux de la Croix-Rouge pour \u00e9changer des v\u00eatements gratuitement et apprendre la couture pour prolonger la vie de vos habits.<\/td>\n<\/tr>\n<tr>\n<td>\ud83d\udce6<\/td>\n<td><strong>D\u00e9fi \u00ab Rien de neuf \u00bb :<\/strong> Mobilisez une \u00e9quipe pour installer des bo\u00eetes \u00e0 dons et organiser des troc parties.<\/td>\n<\/tr>\n<tr>\n<td>\u267b\ufe0f<\/td>\n<td><strong>Avantages du Troc :<\/strong> \u00c9changer localement favorise la <strong>durabilit\u00e9<\/strong> et permet de r\u00e9duire les <strong>d\u00e9chets<\/strong>.<\/td>\n<\/tr>\n<tr>\n<td>\ud83c\udf31<\/td>\n<td><strong>Gestion des D\u00e9chets :<\/strong> Adopter de bonnes pratiques comme le compostage pour diminuer son impact environnemental.<\/td>\n<\/tr>\n<tr>\n<td>\ud83d\udecd\ufe0f<\/td>\n<td><strong>Achats en Vrac :<\/strong> R\u00e9duire ses courses alimentaires en se concentrant sur l&#8217;essentiel.<\/td>\n<\/tr>\n<tr>\n<td>\u2728<\/td>\n<td><strong>Modification des Habitudes :<\/strong> Repenser ses d\u00e9placements pour impact minimal : opter pour la mobilit\u00e9 douce comme le v\u00e9lo ou la marche.<\/td>\n<\/tr>\n<tr>\n<td>\ud83d\udca7<\/td>\n<td><strong>Semaine Europ\u00e9enne de R\u00e9duction des D\u00e9chets :<\/strong> De nombreuses communes et associations s&#8217;engagent pour des initiatives qui visent \u00e0 r\u00e9duire les d\u00e9chets.<\/td>\n<\/tr>\n<tr>\n<td>\ud83d\udd04<\/td>\n<td><strong>Z\u00e9ro D\u00e9chet :<\/strong> Int\u00e9grer les 5 R (Refuser, R\u00e9duire, R\u00e9utiliser, Recycler, Rendre) dans notre quotidien pour un mode de vie durable.<\/td>\n<\/tr>\n<\/tbody>\n<\/table>\n<\/figure>\n","protected":false},"excerpt":{"rendered":"","protected":false},"author":12,"featured_media":6401,"comment_status":"open","ping_status":"close","sticky":false,"template":"","format":"standard","meta":{"_seopress_robots_primary_cat":"","_seopress_titles_title":"","_seopress_titles_desc":"","_seopress_robots_index":"","footnotes":""},"categories":[1545],"tags":[],"class_list":["post-6400","post","type-post","status-publish","format-standard","has-post-thumbnail","hentry","category-neuchcup-fr","generate-columns","tablet-grid-50","mobile-grid-100","grid-parent","grid-33"],"_links":{"self":[{"href":"https:\/\/swisstinychalet.ch\/neuch\/wp-json\/wp\/v2\/posts\/6400","targetHints":{"allow":["GET"]}}],"collection":[{"href":"https:\/\/swisstinychalet.ch\/neuch\/wp-json\/wp\/v2\/posts"}],"about":[{"href":"https:\/\/swisstinychalet.ch\/neuch\/wp-json\/wp\/v2\/types\/post"}],"author":[{"embeddable":true,"href":"https:\/\/swisstinychalet.ch\/neuch\/wp-json\/wp\/v2\/users\/12"}],"replies":[{"embeddable":true,"href":"https:\/\/swisstinychalet.ch\/neuch\/wp-json\/wp\/v2\/comments?post=6400"}],"version-history":[{"count":0,"href":"https:\/\/swisstinychalet.ch\/neuch\/wp-json\/wp\/v2\/posts\/6400\/revisions"}],"wp:featuredmedia":[{"embeddable":true,"href":"https:\/\/swisstinychalet.ch\/neuch\/wp-json\/wp\/v2\/media\/6401"}],"wp:attachment":[{"href":"https:\/\/swisstinychalet.ch\/neuch\/wp-json\/wp\/v2\/media?parent=6400"}],"wp:term":[{"taxonomy":"category","embeddable":true,"href":"https:\/\/swisstinychalet.ch\/neuch\/wp-json\/wp\/v2\/categories?post=6400"},{"taxonomy":"post_tag","embeddable":true,"href":"https:\/\/swisstinychalet.ch\/neuch\/wp-json\/wp\/v2\/tags?post=6400"}],"curies":[{"name":"wp","href":"https:\/\/api.w.org\/{rel}","templated":true}]}}